{"id":179118,"date":"2024-09-27T21:10:40","date_gmt":"2024-09-28T00:10:40","guid":{"rendered":"https:\/\/www.hoymercedes.com.ar\/principal\/?p=179118"},"modified":"2024-09-27T22:09:38","modified_gmt":"2024-09-28T01:09:38","slug":"el-baile-de-las-luciernagas-fue-puesto-en-escena-en-el-cept-4","status":"publish","type":"post","link":"https:\/\/www.hoymercedes.com.ar\/principal\/2024\/09\/27\/el-baile-de-las-luciernagas-fue-puesto-en-escena-en-el-cept-4\/","title":{"rendered":"\u201cEl baile de las luci\u00e9rnagas\u201d fue puesto en escena en el CEPT 4"},"content":{"rendered":"\n<figure class=\"wp-block-image size-large\"><img loading=\"lazy\" decoding=\"async\" width=\"1024\" height=\"770\" data-attachment-id=\"179119\" data-permalink=\"https:\/\/www.hoymercedes.com.ar\/principal\/2024\/09\/27\/el-baile-de-las-luciernagas-fue-puesto-en-escena-en-el-cept-4\/obra-teatro-cept_4\/#main\" data-orig-file=\"https:\/\/www.hoymercedes.com.ar\/principal\/wp-content\/uploads\/2024\/09\/Obra-Teatro-CEPT_4.jpg\" data-orig-size=\"1280,963\" data-comments-opened=\"0\" data-image-meta=\"{&quot;aperture&quot;:&quot;0&quot;,&quot;credit&quot;:&quot;&quot;,&quot;camera&quot;:&quot;&quot;,&quot;caption&quot;:&quot;&quot;,&quot;created_timestamp&quot;:&quot;0&quot;,&quot;copyright&quot;:&quot;&quot;,&quot;focal_length&quot;:&quot;0&quot;,&quot;iso&quot;:&quot;0&quot;,&quot;shutter_speed&quot;:&quot;0&quot;,&quot;title&quot;:&quot;&quot;,&quot;orientation&quot;:&quot;0&quot;}\" data-image-title=\"Obra-Teatro-CEPT_4\" data-image-description=\"\" data-image-caption=\"\" data-large-file=\"https:\/\/www.hoymercedes.com.ar\/principal\/wp-content\/uploads\/2024\/09\/Obra-Teatro-CEPT_4-1024x770.jpg\" src=\"https:\/\/www.hoymercedes.com.ar\/principal\/wp-content\/uploads\/2024\/09\/Obra-Teatro-CEPT_4-1024x770.jpg\" alt=\"\u201cEl baile de las luci\u00e9rnagas\u201d fue puesto en escena en el CEPT 4\" class=\"wp-image-179119\" srcset=\"https:\/\/www.hoymercedes.com.ar\/principal\/wp-content\/uploads\/2024\/09\/Obra-Teatro-CEPT_4-1024x770.jpg 1024w, https:\/\/www.hoymercedes.com.ar\/principal\/wp-content\/uploads\/2024\/09\/Obra-Teatro-CEPT_4-630x474.jpg 630w, https:\/\/www.hoymercedes.com.ar\/principal\/wp-content\/uploads\/2024\/09\/Obra-Teatro-CEPT_4-150x113.jpg 150w, https:\/\/www.hoymercedes.com.ar\/principal\/wp-content\/uploads\/2024\/09\/Obra-Teatro-CEPT_4.jpg 1280w\" sizes=\"auto, (max-width: 1024px) 100vw, 1024px\" \/><\/figure>\n\n\n\n<p>Este viernes el grupo de teatro del programa Envi\u00f3n de Suipacha represent\u00f3 en el CEPT 4 la obra \u201cEl baile de las luci\u00e9rnagas\u201d para alumnos y alumnas de esa instituci\u00f3n.<\/p>\n\n\n\n<p><br>Coordinados por la profesora de teatro Andrea Bulfaro, los j\u00f3venes del programa Envi\u00f3n pusieron en escena la obra \u201cEl baile de las luci\u00e9rnagas\u201d ante los ojos de alumnos y alumnas de primer y cuarto a\u00f1o del CEPT 4 de Mercedes.<\/p>\n\n\n\n<figure class=\"wp-block-image size-large\"><img loading=\"lazy\" decoding=\"async\" width=\"1024\" height=\"769\" data-attachment-id=\"179124\" data-permalink=\"https:\/\/www.hoymercedes.com.ar\/principal\/2024\/09\/27\/el-baile-de-las-luciernagas-fue-puesto-en-escena-en-el-cept-4\/obra-teatro-cept_4-2-2\/#main\" data-orig-file=\"https:\/\/www.hoymercedes.com.ar\/principal\/wp-content\/uploads\/2024\/09\/Obra-Teatro-CEPT_4.2.jpg\" data-orig-size=\"1156,868\" data-comments-opened=\"0\" data-image-meta=\"{&quot;aperture&quot;:&quot;0&quot;,&quot;credit&quot;:&quot;&quot;,&quot;camera&quot;:&quot;&quot;,&quot;caption&quot;:&quot;&quot;,&quot;created_timestamp&quot;:&quot;0&quot;,&quot;copyright&quot;:&quot;&quot;,&quot;focal_length&quot;:&quot;0&quot;,&quot;iso&quot;:&quot;0&quot;,&quot;shutter_speed&quot;:&quot;0&quot;,&quot;title&quot;:&quot;&quot;,&quot;orientation&quot;:&quot;0&quot;}\" data-image-title=\"Obra-Teatro-CEPT_4.2\" data-image-description=\"\" data-image-caption=\"\" data-large-file=\"https:\/\/www.hoymercedes.com.ar\/principal\/wp-content\/uploads\/2024\/09\/Obra-Teatro-CEPT_4.2-1024x769.jpg\" src=\"https:\/\/www.hoymercedes.com.ar\/principal\/wp-content\/uploads\/2024\/09\/Obra-Teatro-CEPT_4.2-1024x769.jpg\" alt=\"\" class=\"wp-image-179124\" srcset=\"https:\/\/www.hoymercedes.com.ar\/principal\/wp-content\/uploads\/2024\/09\/Obra-Teatro-CEPT_4.2-1024x769.jpg 1024w, https:\/\/www.hoymercedes.com.ar\/principal\/wp-content\/uploads\/2024\/09\/Obra-Teatro-CEPT_4.2-630x473.jpg 630w, https:\/\/www.hoymercedes.com.ar\/principal\/wp-content\/uploads\/2024\/09\/Obra-Teatro-CEPT_4.2-150x113.jpg 150w, https:\/\/www.hoymercedes.com.ar\/principal\/wp-content\/uploads\/2024\/09\/Obra-Teatro-CEPT_4.2.jpg 1156w\" sizes=\"auto, (max-width: 1024px) 100vw, 1024px\" \/><\/figure>\n\n\n\n<p><br>La obra hace referencia a adolescentes que transitan sus d\u00edas en una instituci\u00f3n a la espera de ser adoptados. Atravesados por el abandono, la falta de referentes adultos, la invisibilidad, la naturalizaci\u00f3n y el olvido, intentan establecer v\u00ednculos entre ellos construyendo el d\u00eda a d\u00eda entre sue\u00f1os, anhelos, frustraciones, miedos, alegr\u00edas y esperanza.<\/p>\n\n\n\n<p><br>Es una historia que hace repensar la sociedad, la ni\u00f1ez, los v\u00ednculos, los modelos familiares, los sistemas burocr\u00e1ticos, el futuro, el pasado y el presente de estos ni\u00f1os y ni\u00f1as que est\u00e1n completamente invisibisibilizados, abandonados y silenciados por gran parte de la sociedad.<\/p>\n\n\n\n<figure class=\"wp-block-image size-large\"><img loading=\"lazy\" decoding=\"async\" width=\"1024\" height=\"769\" data-attachment-id=\"179121\" data-permalink=\"https:\/\/www.hoymercedes.com.ar\/principal\/2024\/09\/27\/el-baile-de-las-luciernagas-fue-puesto-en-escena-en-el-cept-4\/obra-teatro-cept_4-3\/#main\" data-orig-file=\"https:\/\/www.hoymercedes.com.ar\/principal\/wp-content\/uploads\/2024\/09\/Obra-Teatro-CEPT_4.3.jpg\" data-orig-size=\"1600,1201\" data-comments-opened=\"0\" data-image-meta=\"{&quot;aperture&quot;:&quot;0&quot;,&quot;credit&quot;:&quot;&quot;,&quot;camera&quot;:&quot;&quot;,&quot;caption&quot;:&quot;&quot;,&quot;created_timestamp&quot;:&quot;0&quot;,&quot;copyright&quot;:&quot;&quot;,&quot;focal_length&quot;:&quot;0&quot;,&quot;iso&quot;:&quot;0&quot;,&quot;shutter_speed&quot;:&quot;0&quot;,&quot;title&quot;:&quot;&quot;,&quot;orientation&quot;:&quot;0&quot;}\" data-image-title=\"Obra-Teatro-CEPT_4.3\" data-image-description=\"\" data-image-caption=\"\" data-large-file=\"https:\/\/www.hoymercedes.com.ar\/principal\/wp-content\/uploads\/2024\/09\/Obra-Teatro-CEPT_4.3-1024x769.jpg\" src=\"https:\/\/www.hoymercedes.com.ar\/principal\/wp-content\/uploads\/2024\/09\/Obra-Teatro-CEPT_4.3-1024x769.jpg\" alt=\"\u201cEl baile de las luci\u00e9rnagas\u201d fue puesto en escena en el CEPT 4\" class=\"wp-image-179121\" srcset=\"https:\/\/www.hoymercedes.com.ar\/principal\/wp-content\/uploads\/2024\/09\/Obra-Teatro-CEPT_4.3-1024x769.jpg 1024w, https:\/\/www.hoymercedes.com.ar\/principal\/wp-content\/uploads\/2024\/09\/Obra-Teatro-CEPT_4.3-630x473.jpg 630w, https:\/\/www.hoymercedes.com.ar\/principal\/wp-content\/uploads\/2024\/09\/Obra-Teatro-CEPT_4.3-150x113.jpg 150w, https:\/\/www.hoymercedes.com.ar\/principal\/wp-content\/uploads\/2024\/09\/Obra-Teatro-CEPT_4.3-1536x1153.jpg 1536w, https:\/\/www.hoymercedes.com.ar\/principal\/wp-content\/uploads\/2024\/09\/Obra-Teatro-CEPT_4.3.jpg 1600w\" sizes=\"auto, (max-width: 1024px) 100vw, 1024px\" \/><\/figure>\n\n\n\n<p><br>Luego de la representaci\u00f3n los actores y actrices y Andrea participaron de una entrevista en la radio del CEPT 4, donde los chicos y chicas pudieron hacer preguntas y compartir experiencias.<\/p>\n\n\n\n<p><\/p>\n","protected":false},"excerpt":{"rendered":"<p>Este viernes el grupo de teatro del programa Envi\u00f3n de Suipacha represent\u00f3 en el CEPT 4 la obra \u201cEl baile &#8230; <a title=\"\u201cEl baile de las luci\u00e9rnagas\u201d fue puesto en escena en el CEPT 4\" class=\"read-more\" href=\"https:\/\/www.hoymercedes.com.ar\/principal\/2024\/09\/27\/el-baile-de-las-luciernagas-fue-puesto-en-escena-en-el-cept-4\/\" aria-label=\"Leer m\u00e1s sobre \u201cEl baile de las luci\u00e9rnagas\u201d fue puesto en escena en el CEPT 4\">Leer m\u00e1s<\/a><\/p>\n","protected":false},"author":1,"featured_media":179119,"comment_status":"closed","ping_status":"open","sticky":false,"template":"","format":"standard","meta":{"_monsterinsights_skip_tracking":false,"_monsterinsights_sitenote_active":false,"_monsterinsights_sitenote_note":"","_monsterinsights_sitenote_category":0,"jetpack_post_was_ever_published":false,"_jetpack_newsletter_access":"","_jetpack_dont_email_post_to_subs":false,"_jetpack_newsletter_tier_id":0,"_jetpack_memberships_contains_paywalled_content":false,"_jetpack_memberships_contains_paid_content":false,"footnotes":"","jetpack_publicize_message":"","jetpack_publicize_feature_enabled":true,"jetpack_social_post_already_shared":true,"jetpack_social_options":{"image_generator_settings":{"template":"highway","default_image_id":0,"font":"","enabled":false},"version":2},"_wpas_customize_per_network":false},"categories":[23],"tags":[11796,13280,19814,17947],"class_list":["post-179118","post","type-post","status-publish","format-standard","has-post-thumbnail","hentry","category-educacion","tag-cept-4","tag-escuela-rural","tag-escuelas-de-alternancia","tag-mercedes-aprende-unida","generate-columns","tablet-grid-50","mobile-grid-100","grid-parent","grid-50"],"jetpack_publicize_connections":[],"jetpack_featured_media_url":"https:\/\/www.hoymercedes.com.ar\/principal\/wp-content\/uploads\/2024\/09\/Obra-Teatro-CEPT_4.jpg","wps_subtitle":"","jetpack_sharing_enabled":true,"_links":{"self":[{"href":"https:\/\/www.hoymercedes.com.ar\/principal\/wp-json\/wp\/v2\/posts\/179118","targetHints":{"allow":["GET"]}}],"collection":[{"href":"https:\/\/www.hoymercedes.com.ar\/principal\/wp-json\/wp\/v2\/posts"}],"about":[{"href":"https:\/\/www.hoymercedes.com.ar\/principal\/wp-json\/wp\/v2\/types\/post"}],"author":[{"embeddable":true,"href":"https:\/\/www.hoymercedes.com.ar\/principal\/wp-json\/wp\/v2\/users\/1"}],"replies":[{"embeddable":true,"href":"https:\/\/www.hoymercedes.com.ar\/principal\/wp-json\/wp\/v2\/comments?post=179118"}],"version-history":[{"count":0,"href":"https:\/\/www.hoymercedes.com.ar\/principal\/wp-json\/wp\/v2\/posts\/179118\/revisions"}],"wp:featuredmedia":[{"embeddable":true,"href":"https:\/\/www.hoymercedes.com.ar\/principal\/wp-json\/wp\/v2\/media\/179119"}],"wp:attachment":[{"href":"https:\/\/www.hoymercedes.com.ar\/principal\/wp-json\/wp\/v2\/media?parent=179118"}],"wp:term":[{"taxonomy":"category","embeddable":true,"href":"https:\/\/www.hoymercedes.com.ar\/principal\/wp-json\/wp\/v2\/categories?post=179118"},{"taxonomy":"post_tag","embeddable":true,"href":"https:\/\/www.hoymercedes.com.ar\/principal\/wp-json\/wp\/v2\/tags?post=179118"}],"curies":[{"name":"wp","href":"https:\/\/api.w.org\/{rel}","templated":true}]}}