{"id":179160,"date":"2024-09-28T16:38:00","date_gmt":"2024-09-28T19:38:00","guid":{"rendered":"https:\/\/www.hoymercedes.com.ar\/principal\/?p=179160"},"modified":"2024-09-28T23:42:46","modified_gmt":"2024-09-29T02:42:46","slug":"se-realizo-el-intercef-de-handball","status":"publish","type":"post","link":"https:\/\/www.hoymercedes.com.ar\/principal\/2024\/09\/28\/se-realizo-el-intercef-de-handball\/","title":{"rendered":"Se realiz\u00f3 el INTERCEF de Handball"},"content":{"rendered":"\n<p>El Centro de Educaci\u00f3n F\u00edsica N\u00b040, llevo adelante en la jornada del viernes el Encuentro INTERCEF de Handball de las categor\u00edas Mini e Infantiles, con la presencia de m\u00e1s de 150 alumnos de las ciudades vecinas que disfrutaron de un d\u00eda pleno de handball. <\/p>\n\n\n<div class=\"wp-block-image\">\n<figure class=\"aligncenter size-full is-resized\"><img loading=\"lazy\" decoding=\"async\" width=\"600\" height=\"335\" data-attachment-id=\"179163\" data-permalink=\"https:\/\/www.hoymercedes.com.ar\/principal\/2024\/09\/28\/se-realizo-el-intercef-de-handball\/image-85\/#main\" data-orig-file=\"https:\/\/www.hoymercedes.com.ar\/principal\/wp-content\/uploads\/2024\/09\/image-5.png\" data-orig-size=\"600,335\" data-comments-opened=\"0\" data-image-meta=\"{&quot;aperture&quot;:&quot;0&quot;,&quot;credit&quot;:&quot;&quot;,&quot;camera&quot;:&quot;&quot;,&quot;caption&quot;:&quot;&quot;,&quot;created_timestamp&quot;:&quot;0&quot;,&quot;copyright&quot;:&quot;&quot;,&quot;focal_length&quot;:&quot;0&quot;,&quot;iso&quot;:&quot;0&quot;,&quot;shutter_speed&quot;:&quot;0&quot;,&quot;title&quot;:&quot;&quot;,&quot;orientation&quot;:&quot;0&quot;}\" data-image-title=\"image\" data-image-description=\"\" data-image-caption=\"\" data-large-file=\"https:\/\/www.hoymercedes.com.ar\/principal\/wp-content\/uploads\/2024\/09\/image-5.png\" src=\"https:\/\/www.hoymercedes.com.ar\/principal\/wp-content\/uploads\/2024\/09\/image-5.png\" alt=\"\" class=\"wp-image-179163\" style=\"width:832px;height:auto\" srcset=\"https:\/\/www.hoymercedes.com.ar\/principal\/wp-content\/uploads\/2024\/09\/image-5.png 600w, https:\/\/www.hoymercedes.com.ar\/principal\/wp-content\/uploads\/2024\/09\/image-5-150x84.png 150w\" sizes=\"auto, (max-width: 600px) 100vw, 600px\" \/><\/figure>\n<\/div>\n\n\n<p>En el Encuentro participaron los CEF de Chivilcoy, General Las Heras, Navarro, San Andr\u00e9s de Giles, San Antonio de Areco, Suipacha y Mercedes, conformando 6 equipos en la categor\u00eda Infantiles <a><\/a>Masculino y 4 conjuntos en Infantiles Femenino y 4 grupos en Mini Handball.<\/p>\n\n\n\n<p>El CEF N\u00b040 estuvo presente con sus equipos en las 3 categor\u00edas y sumaron muchos minutos de handball y logrando muy buenos resultados en sus encuentros.<\/p>\n\n\n\n<p>El equipo de Infantiles masculino coordinado por el Profesor Pablo Chuffo, estuvo integrado por Benjam\u00edn Albornoz, Thiago Araoz, Felipe Dagosto, Benicio Huinchinao, Joaqu\u00edn M\u00f3naco, M\u00e1ximo Morales, Ciro Nacimiento y Felipe Sequeira.<\/p>\n\n\n\n<p>El conjunto femenino estuvo conformado por Valentina Aveiro, Florencia Casco, Luna Cabucho, Eleonora Genoni, Agustina Gross, Alex Renzeli, Mia Rodr\u00edguez, Carolina Roth, Mia Vita y Sol Vita, siendo guiados por el Profesor Dami\u00e1n Altieri<\/p>\n\n\n<div class=\"wp-block-image\">\n<figure class=\"aligncenter size-full is-resized\"><img loading=\"lazy\" decoding=\"async\" width=\"659\" height=\"430\" data-attachment-id=\"179165\" data-permalink=\"https:\/\/www.hoymercedes.com.ar\/principal\/2024\/09\/28\/se-realizo-el-intercef-de-handball\/image-87\/#main\" data-orig-file=\"https:\/\/www.hoymercedes.com.ar\/principal\/wp-content\/uploads\/2024\/09\/image-7.png\" data-orig-size=\"659,430\" data-comments-opened=\"0\" data-image-meta=\"{&quot;aperture&quot;:&quot;0&quot;,&quot;credit&quot;:&quot;&quot;,&quot;camera&quot;:&quot;&quot;,&quot;caption&quot;:&quot;&quot;,&quot;created_timestamp&quot;:&quot;0&quot;,&quot;copyright&quot;:&quot;&quot;,&quot;focal_length&quot;:&quot;0&quot;,&quot;iso&quot;:&quot;0&quot;,&quot;shutter_speed&quot;:&quot;0&quot;,&quot;title&quot;:&quot;&quot;,&quot;orientation&quot;:&quot;0&quot;}\" data-image-title=\"image\" data-image-description=\"\" data-image-caption=\"\" data-large-file=\"https:\/\/www.hoymercedes.com.ar\/principal\/wp-content\/uploads\/2024\/09\/image-7.png\" src=\"https:\/\/www.hoymercedes.com.ar\/principal\/wp-content\/uploads\/2024\/09\/image-7.png\" alt=\"\" class=\"wp-image-179165\" style=\"width:799px;height:auto\" srcset=\"https:\/\/www.hoymercedes.com.ar\/principal\/wp-content\/uploads\/2024\/09\/image-7.png 659w, https:\/\/www.hoymercedes.com.ar\/principal\/wp-content\/uploads\/2024\/09\/image-7-630x411.png 630w, https:\/\/www.hoymercedes.com.ar\/principal\/wp-content\/uploads\/2024\/09\/image-7-150x98.png 150w\" sizes=\"auto, (max-width: 659px) 100vw, 659px\" \/><\/figure>\n<\/div>\n\n\n<p>Mientras los Mini, que tienen como Profesor a Nicolas Mirchenko, estuvieron participando de cada uno de sus partidos los alumnos Bautista Anselomo, Sebastian Capuano,Mia De Mieri, Clara Ramirez, Melany, Camilo, Uriel Torres y Benjam\u00edn Zammitto<\/p>\n\n\n\n<p>A lo largo de la jornada, se destac\u00f3 la delegaci\u00f3n del CEF N\u00b065 de la ciudad de Navarro, que presento representantes en las 3 categor\u00edas y logro mayor cantidad de puntos en las categor\u00edas Infantiles, mientras que en Mini sobresalio el conjunto de San Andr\u00e9s de Giles.<\/p>\n\n\n\n<p>De esta manera, los jugadores de handball m\u00e1s peque\u00f1os del CEF N\u00b040, disfrutaron de sus fiesta de Handball compartiendo muchas risas y alegr\u00edas con sus compa\u00f1eros y equipos de las ciudades cercanas.<\/p>\n\n\n\n<figure class=\"wp-block-image size-large\"><img loading=\"lazy\" decoding=\"async\" width=\"1024\" height=\"828\" data-attachment-id=\"179166\" data-permalink=\"https:\/\/www.hoymercedes.com.ar\/principal\/2024\/09\/28\/se-realizo-el-intercef-de-handball\/image-88\/#main\" data-orig-file=\"https:\/\/www.hoymercedes.com.ar\/principal\/wp-content\/uploads\/2024\/09\/image-8.png\" data-orig-size=\"1183,957\" data-comments-opened=\"0\" data-image-meta=\"{&quot;aperture&quot;:&quot;0&quot;,&quot;credit&quot;:&quot;&quot;,&quot;camera&quot;:&quot;&quot;,&quot;caption&quot;:&quot;&quot;,&quot;created_timestamp&quot;:&quot;0&quot;,&quot;copyright&quot;:&quot;&quot;,&quot;focal_length&quot;:&quot;0&quot;,&quot;iso&quot;:&quot;0&quot;,&quot;shutter_speed&quot;:&quot;0&quot;,&quot;title&quot;:&quot;&quot;,&quot;orientation&quot;:&quot;0&quot;}\" data-image-title=\"image\" data-image-description=\"\" data-image-caption=\"\" data-large-file=\"https:\/\/www.hoymercedes.com.ar\/principal\/wp-content\/uploads\/2024\/09\/image-8-1024x828.png\" src=\"https:\/\/www.hoymercedes.com.ar\/principal\/wp-content\/uploads\/2024\/09\/image-8-1024x828.png\" alt=\"\" class=\"wp-image-179166\" srcset=\"https:\/\/www.hoymercedes.com.ar\/principal\/wp-content\/uploads\/2024\/09\/image-8-1024x828.png 1024w, https:\/\/www.hoymercedes.com.ar\/principal\/wp-content\/uploads\/2024\/09\/image-8-630x510.png 630w, https:\/\/www.hoymercedes.com.ar\/principal\/wp-content\/uploads\/2024\/09\/image-8-150x121.png 150w, https:\/\/www.hoymercedes.com.ar\/principal\/wp-content\/uploads\/2024\/09\/image-8.png 1183w\" sizes=\"auto, (max-width: 1024px) 100vw, 1024px\" \/><\/figure>\n","protected":false},"excerpt":{"rendered":"<p>El Centro de Educaci\u00f3n F\u00edsica N\u00b040, llevo adelante en la jornada del viernes el Encuentro INTERCEF de Handball de las &#8230; <a title=\"Se realiz\u00f3 el INTERCEF de Handball\" class=\"read-more\" href=\"https:\/\/www.hoymercedes.com.ar\/principal\/2024\/09\/28\/se-realizo-el-intercef-de-handball\/\" aria-label=\"Leer m\u00e1s sobre Se realiz\u00f3 el INTERCEF de Handball\">Leer m\u00e1s<\/a><\/p>\n","protected":false},"author":1,"featured_media":179163,"comment_status":"closed","ping_status":"open","sticky":false,"template":"","format":"standard","meta":{"_monsterinsights_skip_tracking":false,"_monsterinsights_sitenote_active":false,"_monsterinsights_sitenote_note":"","_monsterinsights_sitenote_category":0,"jetpack_post_was_ever_published":false,"_jetpack_newsletter_access":"","_jetpack_dont_email_post_to_subs":false,"_jetpack_newsletter_tier_id":0,"_jetpack_memberships_contains_paywalled_content":false,"_jetpack_memberships_contains_paid_content":false,"footnotes":"","jetpack_publicize_message":"","jetpack_publicize_feature_enabled":true,"jetpack_social_post_already_shared":true,"jetpack_social_options":{"image_generator_settings":{"template":"highway","default_image_id":0,"font":"","enabled":false},"version":2},"_wpas_customize_per_network":false},"categories":[8],"tags":[],"class_list":["post-179160","post","type-post","status-publish","format-standard","has-post-thumbnail","hentry","category-sociedad","generate-columns","tablet-grid-50","mobile-grid-100","grid-parent","grid-50"],"jetpack_publicize_connections":[],"jetpack_featured_media_url":"https:\/\/www.hoymercedes.com.ar\/principal\/wp-content\/uploads\/2024\/09\/image-5.png","wps_subtitle":"","jetpack_sharing_enabled":true,"_links":{"self":[{"href":"https:\/\/www.hoymercedes.com.ar\/principal\/wp-json\/wp\/v2\/posts\/179160","targetHints":{"allow":["GET"]}}],"collection":[{"href":"https:\/\/www.hoymercedes.com.ar\/principal\/wp-json\/wp\/v2\/posts"}],"about":[{"href":"https:\/\/www.hoymercedes.com.ar\/principal\/wp-json\/wp\/v2\/types\/post"}],"author":[{"embeddable":true,"href":"https:\/\/www.hoymercedes.com.ar\/principal\/wp-json\/wp\/v2\/users\/1"}],"replies":[{"embeddable":true,"href":"https:\/\/www.hoymercedes.com.ar\/principal\/wp-json\/wp\/v2\/comments?post=179160"}],"version-history":[{"count":0,"href":"https:\/\/www.hoymercedes.com.ar\/principal\/wp-json\/wp\/v2\/posts\/179160\/revisions"}],"wp:featuredmedia":[{"embeddable":true,"href":"https:\/\/www.hoymercedes.com.ar\/principal\/wp-json\/wp\/v2\/media\/179163"}],"wp:attachment":[{"href":"https:\/\/www.hoymercedes.com.ar\/principal\/wp-json\/wp\/v2\/media?parent=179160"}],"wp:term":[{"taxonomy":"category","embeddable":true,"href":"https:\/\/www.hoymercedes.com.ar\/principal\/wp-json\/wp\/v2\/categories?post=179160"},{"taxonomy":"post_tag","embeddable":true,"href":"https:\/\/www.hoymercedes.com.ar\/principal\/wp-json\/wp\/v2\/tags?post=179160"}],"curies":[{"name":"wp","href":"https:\/\/api.w.org\/{rel}","templated":true}]}}