{"id":179221,"date":"2024-10-01T00:23:57","date_gmt":"2024-10-01T03:23:57","guid":{"rendered":"https:\/\/www.hoymercedes.com.ar\/principal\/?p=179221"},"modified":"2024-10-01T00:23:58","modified_gmt":"2024-10-01T03:23:58","slug":"club-mercedes-empato-de-visitante-ante-muniz","status":"publish","type":"post","link":"https:\/\/www.hoymercedes.com.ar\/principal\/2024\/10\/01\/club-mercedes-empato-de-visitante-ante-muniz\/","title":{"rendered":"Club Mercedes empat\u00f3 de visitante ante Mu\u00f1iz"},"content":{"rendered":"\n<figure class=\"wp-block-image size-large\"><img loading=\"lazy\" decoding=\"async\" width=\"1024\" height=\"1024\" data-attachment-id=\"179222\" data-permalink=\"https:\/\/www.hoymercedes.com.ar\/principal\/2024\/10\/01\/club-mercedes-empato-de-visitante-ante-muniz\/clubmercedes-vs-muniz-29-09-2024\/#main\" data-orig-file=\"https:\/\/www.hoymercedes.com.ar\/principal\/wp-content\/uploads\/2024\/10\/ClubMercedes-vs-Muniz-29.09.2024.jpg\" data-orig-size=\"1280,1280\" data-comments-opened=\"0\" data-image-meta=\"{&quot;aperture&quot;:&quot;0&quot;,&quot;credit&quot;:&quot;&quot;,&quot;camera&quot;:&quot;&quot;,&quot;caption&quot;:&quot;&quot;,&quot;created_timestamp&quot;:&quot;0&quot;,&quot;copyright&quot;:&quot;&quot;,&quot;focal_length&quot;:&quot;0&quot;,&quot;iso&quot;:&quot;0&quot;,&quot;shutter_speed&quot;:&quot;0&quot;,&quot;title&quot;:&quot;&quot;,&quot;orientation&quot;:&quot;0&quot;}\" data-image-title=\"ClubMercedes-vs-Mu\u00f1iz-29.09.2024\" data-image-description=\"&lt;p&gt;Club Mercedes empat\u00f3 de visitante ante Mu\u00f1iz &lt;\/p&gt;\n\" data-image-caption=\"&lt;p&gt;Club Mercedes empat\u00f3 de visitante ante Mu\u00f1iz &lt;\/p&gt;\n\" data-large-file=\"https:\/\/www.hoymercedes.com.ar\/principal\/wp-content\/uploads\/2024\/10\/ClubMercedes-vs-Muniz-29.09.2024-1024x1024.jpg\" src=\"https:\/\/www.hoymercedes.com.ar\/principal\/wp-content\/uploads\/2024\/10\/ClubMercedes-vs-Muniz-29.09.2024-1024x1024.jpg\" alt=\"Club Mercedes empat\u00f3 de visitante ante Mu\u00f1iz \" class=\"wp-image-179222\" srcset=\"https:\/\/www.hoymercedes.com.ar\/principal\/wp-content\/uploads\/2024\/10\/ClubMercedes-vs-Muniz-29.09.2024-1024x1024.jpg 1024w, https:\/\/www.hoymercedes.com.ar\/principal\/wp-content\/uploads\/2024\/10\/ClubMercedes-vs-Muniz-29.09.2024-620x620.jpg 620w, https:\/\/www.hoymercedes.com.ar\/principal\/wp-content\/uploads\/2024\/10\/ClubMercedes-vs-Muniz-29.09.2024-150x150.jpg 150w, https:\/\/www.hoymercedes.com.ar\/principal\/wp-content\/uploads\/2024\/10\/ClubMercedes-vs-Muniz-29.09.2024.jpg 1280w\" sizes=\"auto, (max-width: 1024px) 100vw, 1024px\" \/><\/figure>\n\n\n\n<p>En la 15\u00b0 fecha del clausura de la Primera C de AFA el Club Mercedes cort\u00f3 la racha negativa y obtuvo un empate que sirve. Fue en el estadio de Atlas. Vale, adem\u00e1s, porque disput\u00f3 gran parte del encuentro con uno menos.<\/p>\n\n\n\n<p>El punto es valioso porque permite tener una semana m\u00e1s tranquila, m\u00e1s pensando que la pr\u00f3xima fecha queda libre, ante lo cual tendr\u00e1 15 d\u00edas para descansar y recuperar t\u00e1ctica y f\u00edsicamente.<\/p>\n\n\n\n<p>Ahora qued\u00f3 en el puesto 22 de 25 con 13 puntos, abajo s\u00f3lo quedan Yupanqui, Lugano y Deportivo Paraguayo. La punta es de Real Pilar con 33 tantos.<\/p>\n\n\n\n<figure class=\"wp-block-image size-large\"><img loading=\"lazy\" decoding=\"async\" width=\"1024\" height=\"1024\" data-attachment-id=\"179223\" data-permalink=\"https:\/\/www.hoymercedes.com.ar\/principal\/2024\/10\/01\/club-mercedes-empato-de-visitante-ante-muniz\/clubmercedes-vs-muniz-29-09-2024-2\/#main\" data-orig-file=\"https:\/\/www.hoymercedes.com.ar\/principal\/wp-content\/uploads\/2024\/10\/ClubMercedes-vs-Muniz-29.09.2024.2.jpg\" data-orig-size=\"1254,1254\" data-comments-opened=\"0\" data-image-meta=\"{&quot;aperture&quot;:&quot;0&quot;,&quot;credit&quot;:&quot;&quot;,&quot;camera&quot;:&quot;&quot;,&quot;caption&quot;:&quot;&quot;,&quot;created_timestamp&quot;:&quot;0&quot;,&quot;copyright&quot;:&quot;&quot;,&quot;focal_length&quot;:&quot;0&quot;,&quot;iso&quot;:&quot;0&quot;,&quot;shutter_speed&quot;:&quot;0&quot;,&quot;title&quot;:&quot;&quot;,&quot;orientation&quot;:&quot;0&quot;}\" data-image-title=\"ClubMercedes-vs-Mu\u00f1iz-29.09.2024.2\" data-image-description=\"&lt;p&gt;Club Mercedes empat\u00f3 de visitante ante Mu\u00f1iz &lt;\/p&gt;\n\" data-image-caption=\"&lt;p&gt;Club Mercedes empat\u00f3 de visitante ante Mu\u00f1iz &lt;\/p&gt;\n\" data-large-file=\"https:\/\/www.hoymercedes.com.ar\/principal\/wp-content\/uploads\/2024\/10\/ClubMercedes-vs-Muniz-29.09.2024.2-1024x1024.jpg\" src=\"https:\/\/www.hoymercedes.com.ar\/principal\/wp-content\/uploads\/2024\/10\/ClubMercedes-vs-Muniz-29.09.2024.2-1024x1024.jpg\" alt=\"\" class=\"wp-image-179223\" srcset=\"https:\/\/www.hoymercedes.com.ar\/principal\/wp-content\/uploads\/2024\/10\/ClubMercedes-vs-Muniz-29.09.2024.2-1024x1024.jpg 1024w, https:\/\/www.hoymercedes.com.ar\/principal\/wp-content\/uploads\/2024\/10\/ClubMercedes-vs-Muniz-29.09.2024.2-620x620.jpg 620w, https:\/\/www.hoymercedes.com.ar\/principal\/wp-content\/uploads\/2024\/10\/ClubMercedes-vs-Muniz-29.09.2024.2-150x150.jpg 150w, https:\/\/www.hoymercedes.com.ar\/principal\/wp-content\/uploads\/2024\/10\/ClubMercedes-vs-Muniz-29.09.2024.2.jpg 1254w\" sizes=\"auto, (max-width: 1024px) 100vw, 1024px\" \/><\/figure>\n\n\n\n<p>Deportivo Mu\u00f1iz: Agust\u00edn Di Biase, Leandro Galvez, Octavio Villegas, Kevin Far\u00edas, Iv\u00e1n Malmoria, Ramiro L\u00f3pez, Lucas Ram\u00edrez, Agust\u00edn Guti\u00e9rrez, Tom\u00e1s Luj\u00e1n, Brian Picca y Lucas Campenni. DT: Insaurralde. Relevos: Ezequiel Daniele, Gonzalo Cardozo, Tob\u00edas Ocampo y Agust\u00edn Guti\u00e9rrez.<\/p>\n\n\n\n<p>Club Mercedes: Mat\u00edas Caputo, Joaqu\u00edn Cejas, Gonzalo Pulido, Hern\u00e1n Pineda, Tom\u00e1s Chaparro, Mart\u00edn Zuccaro, Ulises Bustos, Franco Ortigosa, Santiago Auteri, Santiago Romagnoli y Rodrigo Torres. DT: Oscar Mena. Relevos: Francisco Bidone, Agust\u00edn Rivera, El\u00edas Vel\u00e1zquez, Daniel Lucero y Franco Gatti.<\/p>\n\n\n\n<p>Fotos: Club Mercedes<\/p>\n","protected":false},"excerpt":{"rendered":"<p>En la 15\u00b0 fecha del clausura de la Primera C de AFA el Club Mercedes cort\u00f3 la racha negativa y &#8230; <a title=\"Club Mercedes empat\u00f3 de visitante ante Mu\u00f1iz\" class=\"read-more\" href=\"https:\/\/www.hoymercedes.com.ar\/principal\/2024\/10\/01\/club-mercedes-empato-de-visitante-ante-muniz\/\" aria-label=\"Leer m\u00e1s sobre Club Mercedes empat\u00f3 de visitante ante Mu\u00f1iz\">Leer m\u00e1s<\/a><\/p>\n","protected":false},"author":1,"featured_media":179222,"comment_status":"closed","ping_status":"open","sticky":false,"template":"","format":"standard","meta":{"_monsterinsights_skip_tracking":false,"_monsterinsights_sitenote_active":false,"_monsterinsights_sitenote_note":"","_monsterinsights_sitenote_category":0,"jetpack_post_was_ever_published":false,"_jetpack_newsletter_access":"","_jetpack_dont_email_post_to_subs":false,"_jetpack_newsletter_tier_id":0,"_jetpack_memberships_contains_paywalled_content":false,"_jetpack_memberships_contains_paid_content":false,"footnotes":"","jetpack_publicize_message":"","jetpack_publicize_feature_enabled":true,"jetpack_social_post_already_shared":true,"jetpack_social_options":{"image_generator_settings":{"template":"highway","default_image_id":0,"font":"","enabled":false},"version":2},"_wpas_customize_per_network":false},"categories":[8],"tags":[],"class_list":["post-179221","post","type-post","status-publish","format-standard","has-post-thumbnail","hentry","category-sociedad","generate-columns","tablet-grid-50","mobile-grid-100","grid-parent","grid-50"],"jetpack_publicize_connections":[],"jetpack_featured_media_url":"https:\/\/www.hoymercedes.com.ar\/principal\/wp-content\/uploads\/2024\/10\/ClubMercedes-vs-Muniz-29.09.2024.jpg","wps_subtitle":"Primera C","jetpack_sharing_enabled":true,"_links":{"self":[{"href":"https:\/\/www.hoymercedes.com.ar\/principal\/wp-json\/wp\/v2\/posts\/179221","targetHints":{"allow":["GET"]}}],"collection":[{"href":"https:\/\/www.hoymercedes.com.ar\/principal\/wp-json\/wp\/v2\/posts"}],"about":[{"href":"https:\/\/www.hoymercedes.com.ar\/principal\/wp-json\/wp\/v2\/types\/post"}],"author":[{"embeddable":true,"href":"https:\/\/www.hoymercedes.com.ar\/principal\/wp-json\/wp\/v2\/users\/1"}],"replies":[{"embeddable":true,"href":"https:\/\/www.hoymercedes.com.ar\/principal\/wp-json\/wp\/v2\/comments?post=179221"}],"version-history":[{"count":0,"href":"https:\/\/www.hoymercedes.com.ar\/principal\/wp-json\/wp\/v2\/posts\/179221\/revisions"}],"wp:featuredmedia":[{"embeddable":true,"href":"https:\/\/www.hoymercedes.com.ar\/principal\/wp-json\/wp\/v2\/media\/179222"}],"wp:attachment":[{"href":"https:\/\/www.hoymercedes.com.ar\/principal\/wp-json\/wp\/v2\/media?parent=179221"}],"wp:term":[{"taxonomy":"category","embeddable":true,"href":"https:\/\/www.hoymercedes.com.ar\/principal\/wp-json\/wp\/v2\/categories?post=179221"},{"taxonomy":"post_tag","embeddable":true,"href":"https:\/\/www.hoymercedes.com.ar\/principal\/wp-json\/wp\/v2\/tags?post=179221"}],"curies":[{"name":"wp","href":"https:\/\/api.w.org\/{rel}","templated":true}]}}