{"id":179283,"date":"2024-10-02T19:02:30","date_gmt":"2024-10-02T22:02:30","guid":{"rendered":"https:\/\/www.hoymercedes.com.ar\/principal\/?p=179283"},"modified":"2024-10-02T19:02:32","modified_gmt":"2024-10-02T22:02:32","slug":"un-detenido-por-encubrimiento-agravado-y-tenencia-de-arma-de-fuego","status":"publish","type":"post","link":"https:\/\/www.hoymercedes.com.ar\/principal\/2024\/10\/02\/un-detenido-por-encubrimiento-agravado-y-tenencia-de-arma-de-fuego\/","title":{"rendered":"Un detenido por encubrimiento agravado y tenencia de arma de fuego"},"content":{"rendered":"\n<p>En la jornada del martes 1\u00ba del corriente se llev\u00f3 a cabo la detenci\u00f3n de un sujeto de 42 a\u00f1os por un hecho delictivo acaecido en la ciudad de Mercedes d\u00edas pasados.<\/p>\n\n\n\n<p>Seg\u00fan surge de la investigaci\u00f3n, entre la noche del 27 de agosto del corriente y la tarde del d\u00eda siguiente, un sujeto adquiri\u00f3 &#8211; a sabiendas de su procedencia il\u00edcita &#8211; una motocicleta marca Gilera, modelo Smash, que hab\u00eda sido robada ese mismo d\u00eda en la esquina de calles 34 y 39 de la ciudad de Mercedes. Como aparente contraprestaci\u00f3n realiz\u00f3 la provisi\u00f3n de estupefacientes.<\/p>\n\n\n\n<p>Por el hecho tom\u00f3 intervenci\u00f3n la Unidad Funcional de Instrucci\u00f3n N\u00b0 4 del Departamento Judicial Mercedes que imparti\u00f3 las directivas del caso; realizando un allanamiento en el marco de las facultades que le son propias tras reunir una serie de elementos probatorios.<\/p>\n\n\n\n<p>La medida se llev\u00f3 a cabo en un domicilio de la ciudad de Mercedes, propiedad de un hombre de 42 a\u00f1os, efectivo policial en funciones. En el lugar se encontr\u00f3, entre otros elementos de inter\u00e9s para la investigaci\u00f3n, un arma de fuego tipo rev\u00f3lver calibre 22 largo, sin autorizaci\u00f3n legal. Dicha arma, que en principio es apta para el disparo, es clasificada conforme el Decreto Reglamentario de la Ley Nacional de Armas y Explosivos como de uso civil.<\/p>\n\n\n\n<p>Tras ello, se solicit\u00f3 la convalidaci\u00f3n de la medida al Juzgado de Garant\u00edas N\u00ba 3 y la detenci\u00f3n del morador del lugar las cuales fueron concedidas. La detenci\u00f3n no logr\u00f3 efectivizarse, por lo que el imputado estuvo pr\u00f3fugo hasta la jornada de este martes.<\/p>\n\n\n\n<p>El imputado (de 42 a\u00f1os, efectivo policial, domiciliado en Mercedes) compareci\u00f3 ante el agente fiscal a cargo en el marco de la audiencia de declaraci\u00f3n en los t\u00e9rminos del art. 308 del C\u00f3digo Procesal Penal en la jornada de este mi\u00e9rcoles 2 del corriente. Fue por el delito de \u201cEncubrimiento por adquisici\u00f3n de efecto proveniente de un delito agravado por el \u00e1nimo de lucro y por ser cometido por un funcionario p\u00fablico y tenencia de arma de fuego de uso civil sin la debida autorizaci\u00f3n legal, en concurso real entre s\u00ed\u201d.<\/p>\n\n\n\n<p>Fuente: \u00c1rea Comunicacional &#8211; Ministerio P\u00fablico Fiscal Departamental Mercedes<\/p>\n","protected":false},"excerpt":{"rendered":"<p>En la jornada del martes 1\u00ba del corriente se llev\u00f3 a cabo la detenci\u00f3n de un sujeto de 42 a\u00f1os &#8230; <a title=\"Un detenido por encubrimiento agravado y tenencia de arma de fuego\" class=\"read-more\" href=\"https:\/\/www.hoymercedes.com.ar\/principal\/2024\/10\/02\/un-detenido-por-encubrimiento-agravado-y-tenencia-de-arma-de-fuego\/\" aria-label=\"Leer m\u00e1s sobre Un detenido por encubrimiento agravado y tenencia de arma de fuego\">Leer m\u00e1s<\/a><\/p>\n","protected":false},"author":1,"featured_media":127982,"comment_status":"closed","ping_status":"open","sticky":false,"template":"","format":"standard","meta":{"_monsterinsights_skip_tracking":false,"_monsterinsights_sitenote_active":false,"_monsterinsights_sitenote_note":"","_monsterinsights_sitenote_category":0,"jetpack_post_was_ever_published":false,"_jetpack_newsletter_access":"","_jetpack_dont_email_post_to_subs":false,"_jetpack_newsletter_tier_id":0,"_jetpack_memberships_contains_paywalled_content":false,"_jetpack_memberships_contains_paid_content":false,"footnotes":"","jetpack_publicize_message":"","jetpack_publicize_feature_enabled":true,"jetpack_social_post_already_shared":true,"jetpack_social_options":{"image_generator_settings":{"template":"highway","default_image_id":0,"font":"","enabled":false},"version":2},"_wpas_customize_per_network":false},"categories":[8],"tags":[],"class_list":["post-179283","post","type-post","status-publish","format-standard","has-post-thumbnail","hentry","category-sociedad","generate-columns","tablet-grid-50","mobile-grid-100","grid-parent","grid-50"],"jetpack_publicize_connections":[],"jetpack_featured_media_url":"https:\/\/www.hoymercedes.com.ar\/principal\/wp-content\/uploads\/2021\/04\/PoliciaComual.jpg","wps_subtitle":"","jetpack_sharing_enabled":true,"_links":{"self":[{"href":"https:\/\/www.hoymercedes.com.ar\/principal\/wp-json\/wp\/v2\/posts\/179283","targetHints":{"allow":["GET"]}}],"collection":[{"href":"https:\/\/www.hoymercedes.com.ar\/principal\/wp-json\/wp\/v2\/posts"}],"about":[{"href":"https:\/\/www.hoymercedes.com.ar\/principal\/wp-json\/wp\/v2\/types\/post"}],"author":[{"embeddable":true,"href":"https:\/\/www.hoymercedes.com.ar\/principal\/wp-json\/wp\/v2\/users\/1"}],"replies":[{"embeddable":true,"href":"https:\/\/www.hoymercedes.com.ar\/principal\/wp-json\/wp\/v2\/comments?post=179283"}],"version-history":[{"count":0,"href":"https:\/\/www.hoymercedes.com.ar\/principal\/wp-json\/wp\/v2\/posts\/179283\/revisions"}],"wp:featuredmedia":[{"embeddable":true,"href":"https:\/\/www.hoymercedes.com.ar\/principal\/wp-json\/wp\/v2\/media\/127982"}],"wp:attachment":[{"href":"https:\/\/www.hoymercedes.com.ar\/principal\/wp-json\/wp\/v2\/media?parent=179283"}],"wp:term":[{"taxonomy":"category","embeddable":true,"href":"https:\/\/www.hoymercedes.com.ar\/principal\/wp-json\/wp\/v2\/categories?post=179283"},{"taxonomy":"post_tag","embeddable":true,"href":"https:\/\/www.hoymercedes.com.ar\/principal\/wp-json\/wp\/v2\/tags?post=179283"}],"curies":[{"name":"wp","href":"https:\/\/api.w.org\/{rel}","templated":true}]}}