{"id":179317,"date":"2024-10-04T09:00:00","date_gmt":"2024-10-04T12:00:00","guid":{"rendered":"https:\/\/www.hoymercedes.com.ar\/principal\/?p=179317"},"modified":"2024-10-04T00:04:52","modified_gmt":"2024-10-04T03:04:52","slug":"mercedino-es-detenido-por-abuso-de-interna-del-servicio-penitenciario","status":"publish","type":"post","link":"https:\/\/www.hoymercedes.com.ar\/principal\/2024\/10\/04\/mercedino-es-detenido-por-abuso-de-interna-del-servicio-penitenciario\/","title":{"rendered":"Mercedino es detenido por abuso de interna del Servicio Penitenciario"},"content":{"rendered":"\n<figure class=\"wp-block-image size-large\"><img loading=\"lazy\" decoding=\"async\" width=\"1024\" height=\"579\" data-attachment-id=\"179318\" data-permalink=\"https:\/\/www.hoymercedes.com.ar\/principal\/2024\/10\/04\/mercedino-es-detenido-por-abuso-de-interna-del-servicio-penitenciario\/mercedino-detenido\/#main\" data-orig-file=\"https:\/\/www.hoymercedes.com.ar\/principal\/wp-content\/uploads\/2024\/10\/Mercedino-Detenido.png\" data-orig-size=\"1727,976\" data-comments-opened=\"0\" data-image-meta=\"{&quot;aperture&quot;:&quot;0&quot;,&quot;credit&quot;:&quot;&quot;,&quot;camera&quot;:&quot;&quot;,&quot;caption&quot;:&quot;&quot;,&quot;created_timestamp&quot;:&quot;0&quot;,&quot;copyright&quot;:&quot;&quot;,&quot;focal_length&quot;:&quot;0&quot;,&quot;iso&quot;:&quot;0&quot;,&quot;shutter_speed&quot;:&quot;0&quot;,&quot;title&quot;:&quot;&quot;,&quot;orientation&quot;:&quot;0&quot;}\" data-image-title=\"Mercedino-Detenido\" data-image-description=\"&lt;p&gt;Mercedino es detenido por abuso de interna del Servicio Penitenciario&lt;\/p&gt;\n\" data-image-caption=\"&lt;p&gt;Mercedino es detenido por abuso de interna del Servicio Penitenciario&lt;\/p&gt;\n\" data-large-file=\"https:\/\/www.hoymercedes.com.ar\/principal\/wp-content\/uploads\/2024\/10\/Mercedino-Detenido-1024x579.png\" src=\"https:\/\/www.hoymercedes.com.ar\/principal\/wp-content\/uploads\/2024\/10\/Mercedino-Detenido-1024x579.png\" alt=\"Mercedino es detenido por abuso de interna del Servicio Penitenciario\" class=\"wp-image-179318\" srcset=\"https:\/\/www.hoymercedes.com.ar\/principal\/wp-content\/uploads\/2024\/10\/Mercedino-Detenido-1024x579.png 1024w, https:\/\/www.hoymercedes.com.ar\/principal\/wp-content\/uploads\/2024\/10\/Mercedino-Detenido-630x356.png 630w, https:\/\/www.hoymercedes.com.ar\/principal\/wp-content\/uploads\/2024\/10\/Mercedino-Detenido-150x85.png 150w, https:\/\/www.hoymercedes.com.ar\/principal\/wp-content\/uploads\/2024\/10\/Mercedino-Detenido-1536x868.png 1536w, https:\/\/www.hoymercedes.com.ar\/principal\/wp-content\/uploads\/2024\/10\/Mercedino-Detenido.png 1727w\" sizes=\"auto, (max-width: 1024px) 100vw, 1024px\" \/><\/figure>\n\n\n\n<p>La Polic\u00eda Bonaerense detuvo a un <strong>mercedino<\/strong> que se desempe\u00f1aba como alcalde en la Unidad N\u00b059 de Merlo del Servicio Penitenciario Bonaerense. El vecino de nuestra ciudad est\u00e1 <strong>acusado de un delito sumamente grave: violar a una detenida en dos ocasiones.<\/strong><\/p>\n\n\n\n<p>Seg\u00fan se supo las violaciones fueron entre julio y septiembre.<\/p>\n\n\n\n<p>Se inform\u00f3 a trav\u00e9s de medios nacionales que \u201cseg\u00fan el relato del primer hecho (&#8230;) habr\u00eda atacado a la interna mientras se encontraba \u201ctrasladando mesas y sillas en la escuela que funciona dentro del establecimiento\u201d expusieron en <a href=\"https:\/\/www.infobae.com\/sociedad\/policiales\/2024\/10\/02\/aberrante-detuvieron-a-un-penitenciario-por-violar-a-una-detenida-en-la-escuela-de-la-carcel\/\" target=\"_blank\" rel=\"noopener\">Infobae.<\/a><\/p>\n\n\n\n<p>\u00a1El 18 de septiembre, el acusado convoc\u00f3 a la detenida a su oficina. De acuerdo a la acusaci\u00f3n, \u201cel imputado Barraza cerr\u00f3 la puerta y la tom\u00f3 violentamente del brazo ingres\u00e1ndola al ba\u00f1o donde le dijo \u201ca vos te quieren coger todos los presos, ahora te voy a coger yo\u201d, tras lo cual, la coloc\u00f3 de espaldas a \u00e9l, le baj\u00f3 el pantal\u00f3n, calza y ropa interior en un s\u00f3lo movimiento, a la vez que le tap\u00f3 la boca al mismo tiempo le dijo que no grite\u201d, especific\u00f3 el medio mencionado.<\/p>\n\n\n\n<p>La investigaci\u00f3n est\u00e1 a cargo del fiscal Claudio Oviedo, de la UFI N\u00b05 de Mor\u00f3n, quien solicit\u00f3 el arresto y el allanamiento a la casa del penitenciario, en la ciudad de Mercedes, concedida por el Juzgado de Garant\u00edas N\u00b06 de Karina De Luca. En el procedimiento, efectivos de la DDI de Merlo secuestraron celulares del imputado, quien no opuso resistencia a la detenci\u00f3n.<\/p>\n","protected":false},"excerpt":{"rendered":"<p>La Polic\u00eda Bonaerense detuvo a un mercedino que se desempe\u00f1aba como alcalde en la Unidad N\u00b059 de Merlo del Servicio &#8230; <a title=\"Mercedino es detenido por abuso de interna del Servicio Penitenciario\" class=\"read-more\" href=\"https:\/\/www.hoymercedes.com.ar\/principal\/2024\/10\/04\/mercedino-es-detenido-por-abuso-de-interna-del-servicio-penitenciario\/\" aria-label=\"Leer m\u00e1s sobre Mercedino es detenido por abuso de interna del Servicio Penitenciario\">Leer m\u00e1s<\/a><\/p>\n","protected":false},"author":1,"featured_media":179318,"comment_status":"closed","ping_status":"open","sticky":false,"template":"","format":"standard","meta":{"_monsterinsights_skip_tracking":false,"_monsterinsights_sitenote_active":false,"_monsterinsights_sitenote_note":"","_monsterinsights_sitenote_category":0,"jetpack_post_was_ever_published":false,"_jetpack_newsletter_access":"","_jetpack_dont_email_post_to_subs":false,"_jetpack_newsletter_tier_id":0,"_jetpack_memberships_contains_paywalled_content":false,"_jetpack_memberships_contains_paid_content":false,"footnotes":"","jetpack_publicize_message":"","jetpack_publicize_feature_enabled":true,"jetpack_social_post_already_shared":true,"jetpack_social_options":{"image_generator_settings":{"template":"highway","default_image_id":0,"font":"","enabled":false},"version":2},"_wpas_customize_per_network":false},"categories":[8],"tags":[],"class_list":["post-179317","post","type-post","status-publish","format-standard","has-post-thumbnail","hentry","category-sociedad","generate-columns","tablet-grid-50","mobile-grid-100","grid-parent","grid-50"],"jetpack_publicize_connections":[],"jetpack_featured_media_url":"https:\/\/www.hoymercedes.com.ar\/principal\/wp-content\/uploads\/2024\/10\/Mercedino-Detenido.png","wps_subtitle":"Detenido","jetpack_sharing_enabled":true,"_links":{"self":[{"href":"https:\/\/www.hoymercedes.com.ar\/principal\/wp-json\/wp\/v2\/posts\/179317","targetHints":{"allow":["GET"]}}],"collection":[{"href":"https:\/\/www.hoymercedes.com.ar\/principal\/wp-json\/wp\/v2\/posts"}],"about":[{"href":"https:\/\/www.hoymercedes.com.ar\/principal\/wp-json\/wp\/v2\/types\/post"}],"author":[{"embeddable":true,"href":"https:\/\/www.hoymercedes.com.ar\/principal\/wp-json\/wp\/v2\/users\/1"}],"replies":[{"embeddable":true,"href":"https:\/\/www.hoymercedes.com.ar\/principal\/wp-json\/wp\/v2\/comments?post=179317"}],"version-history":[{"count":0,"href":"https:\/\/www.hoymercedes.com.ar\/principal\/wp-json\/wp\/v2\/posts\/179317\/revisions"}],"wp:featuredmedia":[{"embeddable":true,"href":"https:\/\/www.hoymercedes.com.ar\/principal\/wp-json\/wp\/v2\/media\/179318"}],"wp:attachment":[{"href":"https:\/\/www.hoymercedes.com.ar\/principal\/wp-json\/wp\/v2\/media?parent=179317"}],"wp:term":[{"taxonomy":"category","embeddable":true,"href":"https:\/\/www.hoymercedes.com.ar\/principal\/wp-json\/wp\/v2\/categories?post=179317"},{"taxonomy":"post_tag","embeddable":true,"href":"https:\/\/www.hoymercedes.com.ar\/principal\/wp-json\/wp\/v2\/tags?post=179317"}],"curies":[{"name":"wp","href":"https:\/\/api.w.org\/{rel}","templated":true}]}}