{"id":179321,"date":"2024-10-04T12:16:00","date_gmt":"2024-10-04T15:16:00","guid":{"rendered":"https:\/\/www.hoymercedes.com.ar\/principal\/?p=179321"},"modified":"2024-10-04T09:18:20","modified_gmt":"2024-10-04T12:18:20","slug":"todo-listo-para-un-funde-con-festival-de-cerveceros-mercedinos","status":"publish","type":"post","link":"https:\/\/www.hoymercedes.com.ar\/principal\/2024\/10\/04\/todo-listo-para-un-funde-con-festival-de-cerveceros-mercedinos\/","title":{"rendered":"Todo listo para un funde con Festival de Cerveceros Mercedinos"},"content":{"rendered":"\n<figure class=\"wp-block-image size-large\"><img loading=\"lazy\" decoding=\"async\" width=\"1024\" height=\"576\" data-attachment-id=\"179322\" data-permalink=\"https:\/\/www.hoymercedes.com.ar\/principal\/2024\/10\/04\/todo-listo-para-un-funde-con-festival-de-cerveceros-mercedinos\/cerveceros-mercedes-4\/#main\" data-orig-file=\"https:\/\/www.hoymercedes.com.ar\/principal\/wp-content\/uploads\/2024\/10\/Cerveceros-Mercedes.4.jpg\" data-orig-size=\"1563,879\" data-comments-opened=\"0\" data-image-meta=\"{&quot;aperture&quot;:&quot;0&quot;,&quot;credit&quot;:&quot;&quot;,&quot;camera&quot;:&quot;&quot;,&quot;caption&quot;:&quot;&quot;,&quot;created_timestamp&quot;:&quot;0&quot;,&quot;copyright&quot;:&quot;&quot;,&quot;focal_length&quot;:&quot;0&quot;,&quot;iso&quot;:&quot;0&quot;,&quot;shutter_speed&quot;:&quot;0&quot;,&quot;title&quot;:&quot;&quot;,&quot;orientation&quot;:&quot;0&quot;}\" data-image-title=\"Cerveceros-Mercedes.4\" data-image-description=\"&lt;p&gt;Todo listo para un funde con Festival de Cerveceros Mercedinos&lt;\/p&gt;\n\" data-image-caption=\"&lt;p&gt;Todo listo para un funde con Festival de Cerveceros Mercedinos&lt;\/p&gt;\n\" data-large-file=\"https:\/\/www.hoymercedes.com.ar\/principal\/wp-content\/uploads\/2024\/10\/Cerveceros-Mercedes.4-1024x576.jpg\" src=\"https:\/\/www.hoymercedes.com.ar\/principal\/wp-content\/uploads\/2024\/10\/Cerveceros-Mercedes.4-1024x576.jpg\" alt=\"\" class=\"wp-image-179322\" srcset=\"https:\/\/www.hoymercedes.com.ar\/principal\/wp-content\/uploads\/2024\/10\/Cerveceros-Mercedes.4-1024x576.jpg 1024w, https:\/\/www.hoymercedes.com.ar\/principal\/wp-content\/uploads\/2024\/10\/Cerveceros-Mercedes.4-630x354.jpg 630w, https:\/\/www.hoymercedes.com.ar\/principal\/wp-content\/uploads\/2024\/10\/Cerveceros-Mercedes.4-150x84.jpg 150w, https:\/\/www.hoymercedes.com.ar\/principal\/wp-content\/uploads\/2024\/10\/Cerveceros-Mercedes.4-1536x864.jpg 1536w, https:\/\/www.hoymercedes.com.ar\/principal\/wp-content\/uploads\/2024\/10\/Cerveceros-Mercedes.4.jpg 1563w\" sizes=\"auto, (max-width: 1024px) 100vw, 1024px\" \/><\/figure>\n\n\n\n<p>El s\u00e1bado arranca una nueva fiesta popular en Mercedes: el 6\u00b0 Festival de Cerveceros Mercedinos. Es en el Parque Municipal. Habr\u00e1 shows en vivo, paseo de artesanos, mercado sustentable y la mejor cerveza artesanal de la Provincia de Buenos Aires.<\/p>\n\n\n\n<p>\u201cEstamos felices de volver a encontrarnos en otra gran fiesta popular\u201d coment\u00f3 el intendente Ustarroz y dijo \u201cfomenta el encuentro, el trabajo, el arte, la cultura, como cada festejo que realizamos en comunidad, con las y los productores como grandes protagonistas\u201d afirm\u00f3 el jefe comunal.<\/p>\n\n\n\n<p><strong>Apertura<\/strong><\/p>\n\n\n\n<p>El predio abrir\u00e1 sus puertas a partir de las 11hs cada d\u00eda. Permitir\u00e1 disfrutar de todos los atractivos y se extender\u00e1 hasta cerca de la medianoche.<\/p>\n\n\n\n<p>Las entradas tienen un valor de $2000 anticipadas y $3000 en puerta, con menores de 12 a\u00f1os y personas con discapacidad gratis, siendo nuevamente muy populares.<\/p>\n\n\n\n<p><strong>Grilla<\/strong><\/p>\n\n\n\n<p>Las dos jornadas permitir\u00e1n disfrutar de las presentaciones de la pe\u00f1a cervecera desde 13.30hs con Los Toreros y Sienvolando ya luego en el escenario principal&nbsp; Expo \u201cLa Malta\u201d Freestyle, Nuevo Ser, Amarilys Y Los Fabulosos, Dj Santi Maraio, Nocierto, La Reina Carlos, Cumbia Pika, Mil Karasm,&nbsp; Dj Lemon y La revoltosa en el fog\u00f3n durante el s\u00e1bado. Ya el domingo en la pe\u00f1a tendremos a La Trastocada y Gambo en La pe\u00f1a. Luego contin\u00faa con Freestyle: 7-Gotas, Little C4 y Doze Lve para seguir con 04 Timeless,&nbsp; Joaco Kt Serendipia Crew, Antibi\u00f3ticos, Se\u00f1orita Miel, La Sistifor y La Gran Lady, contando con V\u00edctor Narando en el fog\u00f3n.<\/p>\n","protected":false},"excerpt":{"rendered":"<p>El s\u00e1bado arranca una nueva fiesta popular en Mercedes: el 6\u00b0 Festival de Cerveceros Mercedinos. Es en el Parque Municipal. &#8230; <a title=\"Todo listo para un funde con Festival de Cerveceros Mercedinos\" class=\"read-more\" href=\"https:\/\/www.hoymercedes.com.ar\/principal\/2024\/10\/04\/todo-listo-para-un-funde-con-festival-de-cerveceros-mercedinos\/\" aria-label=\"Leer m\u00e1s sobre Todo listo para un funde con Festival de Cerveceros Mercedinos\">Leer m\u00e1s<\/a><\/p>\n","protected":false},"author":1,"featured_media":179322,"comment_status":"closed","ping_status":"open","sticky":false,"template":"","format":"standard","meta":{"_monsterinsights_skip_tracking":false,"_monsterinsights_sitenote_active":false,"_monsterinsights_sitenote_note":"","_monsterinsights_sitenote_category":0,"jetpack_post_was_ever_published":false,"_jetpack_newsletter_access":"","_jetpack_dont_email_post_to_subs":false,"_jetpack_newsletter_tier_id":0,"_jetpack_memberships_contains_paywalled_content":false,"_jetpack_memberships_contains_paid_content":false,"footnotes":"","jetpack_publicize_message":"","jetpack_publicize_feature_enabled":true,"jetpack_social_post_already_shared":true,"jetpack_social_options":{"image_generator_settings":{"template":"highway","default_image_id":0,"font":"","enabled":false},"version":2},"_wpas_customize_per_network":false},"categories":[8],"tags":[],"class_list":["post-179321","post","type-post","status-publish","format-standard","has-post-thumbnail","hentry","category-sociedad","generate-columns","tablet-grid-50","mobile-grid-100","grid-parent","grid-50"],"jetpack_publicize_connections":[],"jetpack_featured_media_url":"https:\/\/www.hoymercedes.com.ar\/principal\/wp-content\/uploads\/2024\/10\/Cerveceros-Mercedes.4.jpg","wps_subtitle":"Fiestas Populares","jetpack_sharing_enabled":true,"_links":{"self":[{"href":"https:\/\/www.hoymercedes.com.ar\/principal\/wp-json\/wp\/v2\/posts\/179321","targetHints":{"allow":["GET"]}}],"collection":[{"href":"https:\/\/www.hoymercedes.com.ar\/principal\/wp-json\/wp\/v2\/posts"}],"about":[{"href":"https:\/\/www.hoymercedes.com.ar\/principal\/wp-json\/wp\/v2\/types\/post"}],"author":[{"embeddable":true,"href":"https:\/\/www.hoymercedes.com.ar\/principal\/wp-json\/wp\/v2\/users\/1"}],"replies":[{"embeddable":true,"href":"https:\/\/www.hoymercedes.com.ar\/principal\/wp-json\/wp\/v2\/comments?post=179321"}],"version-history":[{"count":0,"href":"https:\/\/www.hoymercedes.com.ar\/principal\/wp-json\/wp\/v2\/posts\/179321\/revisions"}],"wp:featuredmedia":[{"embeddable":true,"href":"https:\/\/www.hoymercedes.com.ar\/principal\/wp-json\/wp\/v2\/media\/179322"}],"wp:attachment":[{"href":"https:\/\/www.hoymercedes.com.ar\/principal\/wp-json\/wp\/v2\/media?parent=179321"}],"wp:term":[{"taxonomy":"category","embeddable":true,"href":"https:\/\/www.hoymercedes.com.ar\/principal\/wp-json\/wp\/v2\/categories?post=179321"},{"taxonomy":"post_tag","embeddable":true,"href":"https:\/\/www.hoymercedes.com.ar\/principal\/wp-json\/wp\/v2\/tags?post=179321"}],"curies":[{"name":"wp","href":"https:\/\/api.w.org\/{rel}","templated":true}]}}