{"id":17934,"date":"2012-11-17T02:52:39","date_gmt":"2012-11-17T02:52:39","guid":{"rendered":"http:\/\/www.hoymercedes.com.ar\/principal\/?p=17934"},"modified":"2012-11-17T03:00:05","modified_gmt":"2012-11-17T03:00:05","slug":"se-largo-el-rally-mercedes-2012-video-del-recorrido","status":"publish","type":"post","link":"https:\/\/www.hoymercedes.com.ar\/principal\/2012\/11\/17\/se-largo-el-rally-mercedes-2012-video-del-recorrido\/","title":{"rendered":"Se larg\u00f3 el Rally Mercedes 2012 (Video del recorrido y Galer\u00eda)"},"content":{"rendered":"<p><a href=\"https:\/\/www.hoymercedes.com.ar\/principal\/wp-content\/uploads\/2012\/11\/Rally-2012-II.jpg\"><img loading=\"lazy\" decoding=\"async\" data-attachment-id=\"17936\" data-permalink=\"https:\/\/www.hoymercedes.com.ar\/principal\/2012\/11\/17\/se-largo-el-rally-mercedes-2012-video-del-recorrido\/rally-2012-ii\/#main\" data-orig-file=\"https:\/\/www.hoymercedes.com.ar\/principal\/wp-content\/uploads\/2012\/11\/Rally-2012-II.jpg\" data-orig-size=\"618,411\" data-comments-opened=\"1\" data-image-meta=\"{&quot;aperture&quot;:&quot;5&quot;,&quot;credit&quot;:&quot;&quot;,&quot;camera&quot;:&quot;NIKON D50&quot;,&quot;caption&quot;:&quot;&quot;,&quot;created_timestamp&quot;:&quot;1353103829&quot;,&quot;copyright&quot;:&quot;&quot;,&quot;focal_length&quot;:&quot;28&quot;,&quot;iso&quot;:&quot;0&quot;,&quot;shutter_speed&quot;:&quot;0.016666666666667&quot;,&quot;title&quot;:&quot;&quot;}\" data-image-title=\"Rally-2012-II\" data-image-description=\"\" data-image-caption=\"\" data-large-file=\"https:\/\/www.hoymercedes.com.ar\/principal\/wp-content\/uploads\/2012\/11\/Rally-2012-II.jpg\" class=\"aligncenter size-full wp-image-17936\" title=\"Rally-2012-II\" src=\"https:\/\/www.hoymercedes.com.ar\/principal\/wp-content\/uploads\/2012\/11\/Rally-2012-II.jpg\" alt=\"\" width=\"618\" height=\"411\" \/><\/a><\/p>\n<p>Se lanz\u00f3 oficialmente el 10\u00b0 Rally Ciudad de Mercedes desde la avenida 29 Frente al Palacio Municipal. La del viernes es la largada simb\u00f3lica, se puede decir, esperando para el s\u00e1bado y domingo dos jornadas a todo motor.<\/p>\n<p>Un importante marco de p\u00fablico en una noche con excelente clima acompa\u00f1\u00f3 el lanzamiento. Los coches estacionaron desde 29 y 26 hasta 28 de doble mano donde los mercedinos paseaban, se sacaban fotos y disfrutaban de alguna bebida mientras esperaban el lanzamiento.<\/p>\n<p>El premio ha sido denominado H\u00e9ctor \u00abCoco\u00bb Saborido qui\u00e9n ha trabajado fuertemente por la realizaci\u00f3n de la\u00a0competencia\u00a0en nuestra ciudad. \u00a0La organizaci\u00f3n se encuentra a manos del Hurac\u00e1n Mercedes Autom\u00f3vil Club que est\u00e1 realizando la competencia N\u00b0 150.<\/p>\n<p>Un importante n\u00famero de mercedinos ser\u00e1n parte de la competencia:<\/p>\n<p>Para el viernes 16 se espera por el lanzamiento desde las 19 en Avenida 29 entre 26 y 24 donde cada auto con pilotos y navegantes pasar\u00e1n por al rampa. Ya el s\u00e1bado, desde las 12, con salida desde el Parque de Asistencias, que funcionar\u00e1 en el Mart\u00edn Rodr\u00edguez se vendr\u00e1 la acci\u00f3n con las distintas pruebas especiales. Los trazados elegidos se repiten y son La Taba \u2013 4 Amaneceres y Esuela 4 &#8211; Almac\u00e9n Puricelli que ser\u00e1n recorridos el domingo tambi\u00e9n.<\/p>\n<p><strong>Los locales<\/strong><\/p>\n<p>Luis Zuffo y Oscar Desanzo, Luis y Patricio Barbella, Lu\u00eds Gianaschi y Nicol\u00e1s Capurro, Daniel Albarez y Alba Gonzalez, Fabi\u00e1n Bigonfiari y Marcelo Mariano, Agust\u00edn y Daniel Delvento, Ricargo y Lucila Caggia, Leonardo Bondanza y Lucas Ivaldi, Apestegu\u00eda y Belisoni (No aparecen los nombres en el sitio oficial) y Agust\u00edn Min\u00edn junto a Federico Nasso, este \u00faltimo coche auspiciado por Casa Joven Mercedes.<\/p>\n<p><strong><a href=\"http:\/\/www.facebook.com\/media\/set\/?set=a.10151321720246323.518111.339192141322&amp;type=1\" target=\"_blank\" rel=\"noopener\">Galeria de fotos: VER<\/a><\/strong><\/p>\n<p><strong>Video<\/strong><\/p>\n<p>El video del recorrido es una realizaci\u00f3n de la \u00abAsociaci\u00f3n de Rally, Campeonato Federal\u00bb.<\/p>\n<p>&nbsp;<\/p>\n<div align=\"center\"><iframe loading=\"lazy\" src=\"http:\/\/www.youtube.com\/embed\/2S70m3373Cg?rel=0\" frameborder=\"0\" width=\"618\" height=\"348\"><\/iframe><\/div>\n<p>&nbsp;<\/p>\n<p><strong>Todos los inscriptos y los coches<\/strong><\/p>\n<table id=\"tblMain\" dir=\"ltr\" border=\"0\" cellspacing=\"0\" cellpadding=\"0\">\n<tbody>\n<tr>\n<td><\/td>\n<td><\/td>\n<td><\/td>\n<td><\/td>\n<td><\/td>\n<td><\/td>\n<\/tr>\n<tr dir=\"ltr\">\n<td><\/td>\n<td colspan=\"5\"><\/td>\n<\/tr>\n<tr dir=\"ltr\">\n<td><\/td>\n<td>1<\/td>\n<td dir=\"ltr\">LEVY ALEJANDRO-LEVY DIEGO<\/td>\n<td dir=\"ltr\">N4<\/td>\n<td dir=\"ltr\">MITSUBISHI<\/td>\n<td dir=\"ltr\">OLIVOS<\/td>\n<\/tr>\n<tr dir=\"ltr\">\n<td><\/td>\n<td>2<\/td>\n<td dir=\"ltr\">ROBBIANI ARIEL-DECIBE JORGE<\/td>\n<td dir=\"ltr\">N4<\/td>\n<td dir=\"ltr\">MITSUBISHI<\/td>\n<td dir=\"ltr\">CHILLAR<\/td>\n<\/tr>\n<tr dir=\"ltr\">\n<td><\/td>\n<td>3<\/td>\n<td dir=\"ltr\">ZUFFO LUIS-DESANZO OSCAR<\/td>\n<td dir=\"ltr\">N4<\/td>\n<td dir=\"ltr\">SUBARU<\/td>\n<td dir=\"ltr\">MERCEDES<\/td>\n<\/tr>\n<tr dir=\"ltr\">\n<td><\/td>\n<td>4<\/td>\n<td dir=\"ltr\">DISALVO RODRIGO-SOLIMO ANTONIO<\/td>\n<td dir=\"ltr\">A<\/td>\n<td dir=\"ltr\">VW GOL<\/td>\n<td dir=\"ltr\">CHIVILCOY<\/td>\n<\/tr>\n<tr dir=\"ltr\">\n<td><\/td>\n<td>5<\/td>\n<td dir=\"ltr\">FIORAVANTI MARTIN-BAHILO LISANDRO<\/td>\n<td dir=\"ltr\">A<\/td>\n<td dir=\"ltr\">VW GOL<\/td>\n<td dir=\"ltr\">ROJAS<\/td>\n<\/tr>\n<tr dir=\"ltr\">\n<td><\/td>\n<td>6<\/td>\n<td dir=\"ltr\">MINETTI MAURO-PAVON MARTIN<\/td>\n<td dir=\"ltr\">A<\/td>\n<td dir=\"ltr\">VW GOL<\/td>\n<td dir=\"ltr\">ROJAS<\/td>\n<\/tr>\n<tr dir=\"ltr\">\n<td><\/td>\n<td>7<\/td>\n<td dir=\"ltr\">DEVOTO FEDERICO-PISSACO MARIANO<\/td>\n<td dir=\"ltr\">A<\/td>\n<td dir=\"ltr\">VW GOL<\/td>\n<td dir=\"ltr\">CHIVILCOY<\/td>\n<\/tr>\n<tr dir=\"ltr\">\n<td><\/td>\n<td>8<\/td>\n<td dir=\"ltr\">MONSERRAT SEBASTIAN-MUCIACHIO CLAUDIO<\/td>\n<td dir=\"ltr\">A<\/td>\n<td dir=\"ltr\">VW GOL<\/td>\n<td dir=\"ltr\">SAN NICOLAS<\/td>\n<\/tr>\n<tr dir=\"ltr\">\n<td><\/td>\n<td>9<\/td>\n<td dir=\"ltr\">DURANTE EDUARDO-BERRUTTI FERNANDO<\/td>\n<td dir=\"ltr\">A<\/td>\n<td dir=\"ltr\">VW GOL<\/td>\n<td dir=\"ltr\">CHIVILCOY<\/td>\n<\/tr>\n<tr dir=\"ltr\">\n<td><\/td>\n<td>10<\/td>\n<td dir=\"ltr\">DIANDA JORGE-BRUNO LEANDRO<\/td>\n<td dir=\"ltr\">A<\/td>\n<td dir=\"ltr\">VW GOL<\/td>\n<td dir=\"ltr\">GUATIMOZIN<\/td>\n<\/tr>\n<tr dir=\"ltr\">\n<td><\/td>\n<td>11<\/td>\n<td dir=\"ltr\">PALERMO MARTIN-FERNANDEZ JUAN<\/td>\n<td dir=\"ltr\">A<\/td>\n<td dir=\"ltr\">VW GOL<\/td>\n<td dir=\"ltr\">PILAR<\/td>\n<\/tr>\n<tr dir=\"ltr\">\n<td><\/td>\n<td>12<\/td>\n<td dir=\"ltr\">BANDI EZEQUIEL-GARCIA MAURO<\/td>\n<td dir=\"ltr\">A<\/td>\n<td dir=\"ltr\">VW GOL<\/td>\n<td dir=\"ltr\">ROJAS<\/td>\n<\/tr>\n<tr dir=\"ltr\">\n<td><\/td>\n<td>14<\/td>\n<td dir=\"ltr\">PALERMO JUAN-GIMENEZ NESTOR<\/td>\n<td dir=\"ltr\">A<\/td>\n<td dir=\"ltr\">VW GOL<\/td>\n<td dir=\"ltr\">PILAR<\/td>\n<\/tr>\n<tr dir=\"ltr\">\n<td><\/td>\n<td>15<\/td>\n<td dir=\"ltr\">PERKINS TOMAS-DIAZ PABLO<\/td>\n<td dir=\"ltr\">N7<\/td>\n<td dir=\"ltr\">VW GOL<\/td>\n<td dir=\"ltr\">VEDIA<\/td>\n<\/tr>\n<tr dir=\"ltr\">\n<td><\/td>\n<td>16<\/td>\n<td dir=\"ltr\">LANGAN PATRICIO-LIMA GUILLERMO<\/td>\n<td dir=\"ltr\">N7<\/td>\n<td dir=\"ltr\">VW GOL<\/td>\n<td dir=\"ltr\">LAS HERAS<\/td>\n<\/tr>\n<tr dir=\"ltr\">\n<td><\/td>\n<td>17<\/td>\n<td dir=\"ltr\">FERNANDEZ JUAN-FRASCINO FERNANDO<\/td>\n<td dir=\"ltr\">N7<\/td>\n<td dir=\"ltr\">VW GOL<\/td>\n<td dir=\"ltr\">LAS HERAS<\/td>\n<\/tr>\n<tr dir=\"ltr\">\n<td><\/td>\n<td>18<\/td>\n<td dir=\"ltr\">FRONTERA EMILIANO-FERNANDEZ PRUZ<\/td>\n<td dir=\"ltr\">N7<\/td>\n<td dir=\"ltr\">VW GOL<\/td>\n<td dir=\"ltr\">CHIVILCOY<\/td>\n<\/tr>\n<tr dir=\"ltr\">\n<td><\/td>\n<td>19<\/td>\n<td dir=\"ltr\">DOMATO GABRIEL-AYMO SEBASTIAN<\/td>\n<td dir=\"ltr\">N7<\/td>\n<td dir=\"ltr\">VW GOL<\/td>\n<td dir=\"ltr\">LAS HERAS<\/td>\n<\/tr>\n<tr dir=\"ltr\">\n<td><\/td>\n<td>20<\/td>\n<td dir=\"ltr\">FRANZA PABLO-PEREZ FEDERICO<\/td>\n<td dir=\"ltr\">N7<\/td>\n<td dir=\"ltr\">VW GOL<\/td>\n<td dir=\"ltr\">CHIVILCOY<\/td>\n<\/tr>\n<tr dir=\"ltr\">\n<td><\/td>\n<td>21<\/td>\n<td dir=\"ltr\">GIACCHIETTA JOSE-BENEDETTO HERNAN<\/td>\n<td dir=\"ltr\">N7<\/td>\n<td dir=\"ltr\">VW GOL<\/td>\n<td dir=\"ltr\">CHIVILCOY<\/td>\n<\/tr>\n<tr dir=\"ltr\">\n<td><\/td>\n<td>22<\/td>\n<td dir=\"ltr\">ROIZ DIEGO-GOET IGNACIO<\/td>\n<td dir=\"ltr\">N7<\/td>\n<td dir=\"ltr\">VW GOL<\/td>\n<td dir=\"ltr\">PILAR<\/td>\n<\/tr>\n<tr dir=\"ltr\">\n<td><\/td>\n<td>23<\/td>\n<td dir=\"ltr\">BUIS RODOLFO-AG\u00dcERO LUCIANO<\/td>\n<td dir=\"ltr\">N7<\/td>\n<td dir=\"ltr\">VW GOL<\/td>\n<td dir=\"ltr\">LAS HERAS<\/td>\n<\/tr>\n<tr dir=\"ltr\">\n<td><\/td>\n<td>24<\/td>\n<td dir=\"ltr\">AYARZA GARRE-IFRAN PABLO<\/td>\n<td dir=\"ltr\">N7<\/td>\n<td dir=\"ltr\">VW GOL<\/td>\n<td dir=\"ltr\">CHIVILCOY<\/td>\n<\/tr>\n<tr dir=\"ltr\">\n<td><\/td>\n<td>25<\/td>\n<td dir=\"ltr\">FIORAVANTI LUCIANO-SITTA LUCAS<\/td>\n<td dir=\"ltr\">N2<\/td>\n<td dir=\"ltr\">FORD KA<\/td>\n<td dir=\"ltr\">ROJAS<\/td>\n<\/tr>\n<tr dir=\"ltr\">\n<td><\/td>\n<td>26<\/td>\n<td dir=\"ltr\">ROSATO RUBEN-LUCIANI GUSTAVO<\/td>\n<td dir=\"ltr\">N2<\/td>\n<td dir=\"ltr\">FIESTA<\/td>\n<td dir=\"ltr\">ROJAS<\/td>\n<\/tr>\n<tr dir=\"ltr\">\n<td><\/td>\n<td>27<\/td>\n<td dir=\"ltr\">PRACHT ALEJANDRO-SANTILLAN ALBERTO<\/td>\n<td dir=\"ltr\">N2<\/td>\n<td dir=\"ltr\">PALIO<\/td>\n<td dir=\"ltr\">HURLINGHAM<\/td>\n<\/tr>\n<tr dir=\"ltr\">\n<td><\/td>\n<td>28<\/td>\n<td dir=\"ltr\">IBARRA MARTIN-REY PABLO<\/td>\n<td dir=\"ltr\">N2<\/td>\n<td dir=\"ltr\">FORD KA<\/td>\n<td dir=\"ltr\">G.LAVALLE<\/td>\n<\/tr>\n<tr dir=\"ltr\">\n<td><\/td>\n<td>29<\/td>\n<td dir=\"ltr\">BUGIANESSI GERARDO-BATTISTOTTI MARTIN<\/td>\n<td dir=\"ltr\">N2<\/td>\n<td dir=\"ltr\">FORD KA<\/td>\n<td dir=\"ltr\">LUJAN<\/td>\n<\/tr>\n<tr dir=\"ltr\">\n<td><\/td>\n<td>30<\/td>\n<td dir=\"ltr\">CARRARI DANIEL-ZUCCHI JORGE<\/td>\n<td dir=\"ltr\">N2<\/td>\n<td dir=\"ltr\">FORD KA<\/td>\n<td dir=\"ltr\">MORENO<\/td>\n<\/tr>\n<tr dir=\"ltr\">\n<td><\/td>\n<td>31<\/td>\n<td dir=\"ltr\">OCHOA PEDRO-DE URQUIZA IGNACIO<\/td>\n<td dir=\"ltr\">N2<\/td>\n<td dir=\"ltr\">FORD KA<\/td>\n<td dir=\"ltr\">CASTELLI<\/td>\n<\/tr>\n<tr dir=\"ltr\">\n<td><\/td>\n<td>32<\/td>\n<td dir=\"ltr\">GOICOECHEA MARINA-PEREZ DANIEL<\/td>\n<td dir=\"ltr\">N2<\/td>\n<td dir=\"ltr\">FORD KA<\/td>\n<td dir=\"ltr\">G.LAVALLE<\/td>\n<\/tr>\n<tr dir=\"ltr\">\n<td><\/td>\n<td>33<\/td>\n<td dir=\"ltr\">DIGUARDI JAVIER-POSIK SERGIO<\/td>\n<td dir=\"ltr\">N2<\/td>\n<td dir=\"ltr\">FORD KA<\/td>\n<td dir=\"ltr\">CHIVILCOY<\/td>\n<\/tr>\n<tr dir=\"ltr\">\n<td><\/td>\n<td>34<\/td>\n<td dir=\"ltr\">EMMA GABRIEL-EMMA GERMAN<\/td>\n<td dir=\"ltr\">N2<\/td>\n<td dir=\"ltr\">FORD KA<\/td>\n<td dir=\"ltr\">CAMPANA<\/td>\n<\/tr>\n<tr dir=\"ltr\">\n<td><\/td>\n<td>35<\/td>\n<td dir=\"ltr\">BELLIDO JOSE-MAYA ROBERTO<\/td>\n<td dir=\"ltr\">N2<\/td>\n<td dir=\"ltr\">FIESTA<\/td>\n<td dir=\"ltr\">MADARIAGA<\/td>\n<\/tr>\n<tr dir=\"ltr\">\n<td><\/td>\n<td>36<\/td>\n<td dir=\"ltr\">ANTICO SEBASTIAN-VILLANUEVA VICTOR<\/td>\n<td dir=\"ltr\">N2<\/td>\n<td dir=\"ltr\">FORD KA<\/td>\n<td><\/td>\n<\/tr>\n<tr dir=\"ltr\">\n<td><\/td>\n<td>37<\/td>\n<td dir=\"ltr\">EMMA GUSTAVO-EMMA GERARDO<\/td>\n<td dir=\"ltr\">N2<\/td>\n<td dir=\"ltr\">FORD KA<\/td>\n<td dir=\"ltr\">CAMPANA<\/td>\n<\/tr>\n<tr dir=\"ltr\">\n<td><\/td>\n<td>38<\/td>\n<td dir=\"ltr\">RADICE LUCAS-GIANICO JULIAN<\/td>\n<td dir=\"ltr\">N2<\/td>\n<td dir=\"ltr\">FORD KA<\/td>\n<td dir=\"ltr\">S.A.ARECO<\/td>\n<\/tr>\n<tr dir=\"ltr\">\n<td><\/td>\n<td>39<\/td>\n<td dir=\"ltr\">BARBELLA LUIS-BARBELLA PATRICIO<\/td>\n<td dir=\"ltr\">N2<\/td>\n<td dir=\"ltr\">PEUGEOT<\/td>\n<td dir=\"ltr\">MERCEDES<\/td>\n<\/tr>\n<tr dir=\"ltr\">\n<td><\/td>\n<td>40<\/td>\n<td dir=\"ltr\">GIANASCHI LUIS-CAPURRO NICOLAS<\/td>\n<td dir=\"ltr\">N2<\/td>\n<td dir=\"ltr\">FORD KA<\/td>\n<td dir=\"ltr\">MERCEDES<\/td>\n<\/tr>\n<tr dir=\"ltr\">\n<td><\/td>\n<td>41<\/td>\n<td dir=\"ltr\">BADINO MARTIN-GAILLARDIN GERARDO<\/td>\n<td dir=\"ltr\">N1<\/td>\n<td dir=\"ltr\">CORSA<\/td>\n<td dir=\"ltr\">LUJAN<\/td>\n<\/tr>\n<tr dir=\"ltr\">\n<td><\/td>\n<td>42<\/td>\n<td dir=\"ltr\">IBA\u00d1EZ PABLO-LONATI PABLO<\/td>\n<td dir=\"ltr\">N1<\/td>\n<td dir=\"ltr\">VW GOL<\/td>\n<td dir=\"ltr\">LLAVALLOL<\/td>\n<\/tr>\n<tr dir=\"ltr\">\n<td><\/td>\n<td>43<\/td>\n<td dir=\"ltr\">FICOSECO GUSTABO-CHOPITA HUGO<\/td>\n<td dir=\"ltr\">N1<\/td>\n<td dir=\"ltr\">CORSA<\/td>\n<td dir=\"ltr\">LUJAN<\/td>\n<\/tr>\n<tr dir=\"ltr\">\n<td><\/td>\n<td>44<\/td>\n<td dir=\"ltr\">SUAREZ JORGE-ALIANO ANTONIO<\/td>\n<td dir=\"ltr\">N1<\/td>\n<td dir=\"ltr\">CORSA<\/td>\n<td dir=\"ltr\">BANFIELD<\/td>\n<\/tr>\n<tr dir=\"ltr\">\n<td><\/td>\n<td>45<\/td>\n<td dir=\"ltr\">APESTEGUIA-BELISOMI<\/td>\n<td dir=\"ltr\">N1<\/td>\n<td dir=\"ltr\">CORSA<\/td>\n<td dir=\"ltr\">MERCEDES<\/td>\n<\/tr>\n<tr dir=\"ltr\">\n<td><\/td>\n<td>46<\/td>\n<td dir=\"ltr\">BOCCA MARTIN-BOCCA JAVIER<\/td>\n<td dir=\"ltr\">N1<\/td>\n<td dir=\"ltr\">VW GOL<\/td>\n<td dir=\"ltr\">BRAGADO<\/td>\n<\/tr>\n<tr dir=\"ltr\">\n<td><\/td>\n<td>47<\/td>\n<td dir=\"ltr\">ALBAREZ DANIEL-GONZALEZ ALBA<\/td>\n<td dir=\"ltr\">N1<\/td>\n<td dir=\"ltr\">VW GOL<\/td>\n<td dir=\"ltr\">MERCEDES<\/td>\n<\/tr>\n<tr dir=\"ltr\">\n<td><\/td>\n<td>48<\/td>\n<td dir=\"ltr\">BIGONFIARI FABIAN-MARIANO MARCELO<\/td>\n<td dir=\"ltr\">N1<\/td>\n<td dir=\"ltr\">CORSA<\/td>\n<td dir=\"ltr\">MERCEDES<\/td>\n<\/tr>\n<tr dir=\"ltr\">\n<td><\/td>\n<td>49<\/td>\n<td dir=\"ltr\">DELVENTO AGUSTIN-DELVENTO DANIEL<\/td>\n<td dir=\"ltr\">N1<\/td>\n<td dir=\"ltr\">CORSA<\/td>\n<td dir=\"ltr\">MERCEDES<\/td>\n<\/tr>\n<tr dir=\"ltr\">\n<td><\/td>\n<td>50<\/td>\n<td dir=\"ltr\">BRIZUELA RICARDO-FRANCISCHETT ONOFRE<\/td>\n<td dir=\"ltr\">N1<\/td>\n<td dir=\"ltr\">VW GOL<\/td>\n<td dir=\"ltr\">CHACABUCO<\/td>\n<\/tr>\n<tr dir=\"ltr\">\n<td><\/td>\n<td>51<\/td>\n<td dir=\"ltr\">GAGGIA RICARDO-GAGGIA LUCILA<\/td>\n<td dir=\"ltr\">N1<\/td>\n<td dir=\"ltr\">VW GOL<\/td>\n<td dir=\"ltr\">MERCEDES<\/td>\n<\/tr>\n<tr dir=\"ltr\">\n<td><\/td>\n<td>52<\/td>\n<td dir=\"ltr\">BONDANZA LEONARDO-IVALDI LUCAS<\/td>\n<td dir=\"ltr\">N1<\/td>\n<td dir=\"ltr\">CORSA<\/td>\n<td dir=\"ltr\">MERCEDES<\/td>\n<\/tr>\n<tr dir=\"ltr\">\n<td><\/td>\n<td>53<\/td>\n<td dir=\"ltr\">MINON AGUSTIN-NASSO FEDERICO<\/td>\n<td dir=\"ltr\">N1<\/td>\n<td dir=\"ltr\">CORSA<\/td>\n<td dir=\"ltr\">MERCEDES<\/td>\n<\/tr>\n<tr dir=\"ltr\">\n<td><\/td>\n<td>54<\/td>\n<td dir=\"ltr\">OTRANTO ORLANDO-POLLERO MARIO<\/td>\n<td dir=\"ltr\">N1<\/td>\n<td dir=\"ltr\">CORSA<\/td>\n<td dir=\"ltr\">LUJAN<\/td>\n<\/tr>\n<tr dir=\"ltr\">\n<td><\/td>\n<td>55<\/td>\n<td dir=\"ltr\">GAUNA NICOLAS-VIDELA LEONARDO<\/td>\n<td dir=\"ltr\">N1<\/td>\n<td dir=\"ltr\">VW GOL<\/td>\n<td dir=\"ltr\">MERCEDES<\/td>\n<\/tr>\n<tr dir=\"ltr\">\n<td><\/td>\n<td>56<\/td>\n<td dir=\"ltr\">PARINI MARIO-ESPINOZA WILSON<\/td>\n<td dir=\"ltr\">N1<\/td>\n<td dir=\"ltr\">VW GOL<\/td>\n<td dir=\"ltr\">CHIVILCOY<\/td>\n<\/tr>\n<\/tbody>\n<\/table>\n<p>&nbsp;<\/p>\n<p>&nbsp;<\/p>\n","protected":false},"excerpt":{"rendered":"<p>Se lanz\u00f3 oficialmente el 10\u00b0 Rally Ciudad de Mercedes desde la avenida 29 Frente al Palacio Municipal. La del viernes &#8230; <a title=\"Se larg\u00f3 el Rally Mercedes 2012 (Video del recorrido y Galer\u00eda)\" class=\"read-more\" href=\"https:\/\/www.hoymercedes.com.ar\/principal\/2012\/11\/17\/se-largo-el-rally-mercedes-2012-video-del-recorrido\/\" aria-label=\"Leer m\u00e1s sobre Se larg\u00f3 el Rally Mercedes 2012 (Video del recorrido y Galer\u00eda)\">Leer m\u00e1s<\/a><\/p>\n","protected":false},"author":1,"featured_media":0,"comment_status":"open","ping_status":"open","sticky":false,"template":"","format":"standard","meta":{"_monsterinsights_skip_tracking":false,"_monsterinsights_sitenote_active":false,"_monsterinsights_sitenote_note":"","_monsterinsights_sitenote_category":0,"jetpack_post_was_ever_published":false,"_jetpack_newsletter_access":"","_jetpack_dont_email_post_to_subs":false,"_jetpack_newsletter_tier_id":0,"_jetpack_memberships_contains_paywalled_content":false,"_jetpack_memberships_contains_paid_content":false,"footnotes":"","jetpack_publicize_message":"","jetpack_publicize_feature_enabled":true,"jetpack_social_post_already_shared":false,"jetpack_social_options":{"image_generator_settings":{"template":"highway","default_image_id":0,"font":"","enabled":false},"version":2},"_wpas_customize_per_network":false},"categories":[8],"tags":[2983],"class_list":["post-17934","post","type-post","status-publish","format-standard","hentry","category-sociedad","tag-rally-mercedes-2012","generate-columns","tablet-grid-50","mobile-grid-100","grid-parent","grid-50"],"jetpack_publicize_connections":[],"jetpack_featured_media_url":"","wps_subtitle":"","jetpack_sharing_enabled":true,"_links":{"self":[{"href":"https:\/\/www.hoymercedes.com.ar\/principal\/wp-json\/wp\/v2\/posts\/17934","targetHints":{"allow":["GET"]}}],"collection":[{"href":"https:\/\/www.hoymercedes.com.ar\/principal\/wp-json\/wp\/v2\/posts"}],"about":[{"href":"https:\/\/www.hoymercedes.com.ar\/principal\/wp-json\/wp\/v2\/types\/post"}],"author":[{"embeddable":true,"href":"https:\/\/www.hoymercedes.com.ar\/principal\/wp-json\/wp\/v2\/users\/1"}],"replies":[{"embeddable":true,"href":"https:\/\/www.hoymercedes.com.ar\/principal\/wp-json\/wp\/v2\/comments?post=17934"}],"version-history":[{"count":0,"href":"https:\/\/www.hoymercedes.com.ar\/principal\/wp-json\/wp\/v2\/posts\/17934\/revisions"}],"wp:attachment":[{"href":"https:\/\/www.hoymercedes.com.ar\/principal\/wp-json\/wp\/v2\/media?parent=17934"}],"wp:term":[{"taxonomy":"category","embeddable":true,"href":"https:\/\/www.hoymercedes.com.ar\/principal\/wp-json\/wp\/v2\/categories?post=17934"},{"taxonomy":"post_tag","embeddable":true,"href":"https:\/\/www.hoymercedes.com.ar\/principal\/wp-json\/wp\/v2\/tags?post=17934"}],"curies":[{"name":"wp","href":"https:\/\/api.w.org\/{rel}","templated":true}]}}