{"id":179349,"date":"2024-10-06T00:43:22","date_gmt":"2024-10-06T03:43:22","guid":{"rendered":"https:\/\/www.hoymercedes.com.ar\/principal\/?p=179349"},"modified":"2024-10-06T00:43:23","modified_gmt":"2024-10-06T03:43:23","slug":"dia-de-celebracion-y-encuentro-para-adultos-mayores","status":"publish","type":"post","link":"https:\/\/www.hoymercedes.com.ar\/principal\/2024\/10\/06\/dia-de-celebracion-y-encuentro-para-adultos-mayores\/","title":{"rendered":"D\u00eda de celebraci\u00f3n y encuentro para Adultos Mayores"},"content":{"rendered":"\n<figure class=\"wp-block-image size-large is-resized\"><img loading=\"lazy\" decoding=\"async\" width=\"768\" height=\"1024\" data-attachment-id=\"179351\" data-permalink=\"https:\/\/www.hoymercedes.com.ar\/principal\/pisapia-jornadaadultosmayores-2\/\" data-orig-file=\"https:\/\/www.hoymercedes.com.ar\/principal\/wp-content\/uploads\/2024\/10\/Pisapia-JornadaAdultosMayores-edited.jpg\" data-orig-size=\"779,1039\" data-comments-opened=\"0\" data-image-meta=\"{&quot;aperture&quot;:&quot;0&quot;,&quot;credit&quot;:&quot;&quot;,&quot;camera&quot;:&quot;&quot;,&quot;caption&quot;:&quot;&quot;,&quot;created_timestamp&quot;:&quot;0&quot;,&quot;copyright&quot;:&quot;&quot;,&quot;focal_length&quot;:&quot;0&quot;,&quot;iso&quot;:&quot;0&quot;,&quot;shutter_speed&quot;:&quot;0&quot;,&quot;title&quot;:&quot;&quot;,&quot;orientation&quot;:&quot;0&quot;}\" data-image-title=\"Pisapia-JornadaAdultosMayores\" data-image-description=\"&lt;p&gt;D\u00eda de celebraci\u00f3n y encuentro para Adultos Mayores&lt;\/p&gt;\n\" data-image-caption=\"&lt;p&gt;D\u00eda de celebraci\u00f3n y encuentro para Adultos Mayores&lt;\/p&gt;\n\" data-large-file=\"https:\/\/www.hoymercedes.com.ar\/principal\/wp-content\/uploads\/2024\/10\/Pisapia-JornadaAdultosMayores-edited-768x1024.jpg\" src=\"https:\/\/www.hoymercedes.com.ar\/principal\/wp-content\/uploads\/2024\/10\/Pisapia-JornadaAdultosMayores-edited-768x1024.jpg\" alt=\"D\u00eda de celebraci\u00f3n y encuentro para Adultos Mayores\" class=\"wp-image-179351\" style=\"width:960px;height:auto\" srcset=\"https:\/\/www.hoymercedes.com.ar\/principal\/wp-content\/uploads\/2024\/10\/Pisapia-JornadaAdultosMayores-edited-768x1024.jpg 768w, https:\/\/www.hoymercedes.com.ar\/principal\/wp-content\/uploads\/2024\/10\/Pisapia-JornadaAdultosMayores-edited-465x620.jpg 465w, https:\/\/www.hoymercedes.com.ar\/principal\/wp-content\/uploads\/2024\/10\/Pisapia-JornadaAdultosMayores-edited-112x150.jpg 112w, https:\/\/www.hoymercedes.com.ar\/principal\/wp-content\/uploads\/2024\/10\/Pisapia-JornadaAdultosMayores-edited.jpg 779w\" sizes=\"auto, (max-width: 768px) 100vw, 768px\" \/><figcaption class=\"wp-element-caption\">D\u00eda de celebraci\u00f3n y encuentro para Adultos Mayores<\/figcaption><\/figure>\n\n\n\n<p>En el Centro de Entrenamiento de Adultos Mayores se vivi\u00f3 una tarde de encuentro y esparcimiento en el \u201cpic nic &amp; mateada entre amigos\u201d. \u201cEstamos realmente muy felices, compartir una tarde de m\u00fasica, mate, risas, juegos, sin duda nos hace bien a todas y todos\u201d dijo el Dr N\u00e9stor Pisapia, secretario de salud.<\/p>\n\n\n\n<p>El funcionario tambi\u00e9n remarc\u00f3 que \u201ces muy valioso porque es una acci\u00f3n realizada en comunidad, entre las y los trabajadores de salud, desde adultos mayores, y ellas y ellos como grandes protagonistas de la tarde\u201d afirm\u00f3 el funcionario y dijo \u201ces algo que siempre remarca nuestro intendente Ustarroz y estamos muy de acuerdo, es encontrarnos, hacer cosas juntos, sumar alegr\u00edas en un contexto dif\u00edcil para todas y todos\u201d narr\u00f3 entre otros conceptos.<\/p>\n\n\n\n<figure class=\"wp-block-image size-large\"><img loading=\"lazy\" decoding=\"async\" width=\"1024\" height=\"576\" data-attachment-id=\"179352\" data-permalink=\"https:\/\/www.hoymercedes.com.ar\/principal\/2024\/10\/06\/dia-de-celebracion-y-encuentro-para-adultos-mayores\/jornadaam\/#main\" data-orig-file=\"https:\/\/www.hoymercedes.com.ar\/principal\/wp-content\/uploads\/2024\/10\/JornadaAM.jpg\" data-orig-size=\"1280,720\" data-comments-opened=\"0\" data-image-meta=\"{&quot;aperture&quot;:&quot;0&quot;,&quot;credit&quot;:&quot;&quot;,&quot;camera&quot;:&quot;&quot;,&quot;caption&quot;:&quot;&quot;,&quot;created_timestamp&quot;:&quot;0&quot;,&quot;copyright&quot;:&quot;&quot;,&quot;focal_length&quot;:&quot;0&quot;,&quot;iso&quot;:&quot;0&quot;,&quot;shutter_speed&quot;:&quot;0&quot;,&quot;title&quot;:&quot;&quot;,&quot;orientation&quot;:&quot;0&quot;}\" data-image-title=\"JornadaAM\" data-image-description=\"&lt;p&gt;D\u00eda de celebraci\u00f3n y encuentro para Adultos Mayores&lt;\/p&gt;\n\" data-image-caption=\"&lt;p&gt;D\u00eda de celebraci\u00f3n y encuentro para Adultos Mayores&lt;\/p&gt;\n\" data-large-file=\"https:\/\/www.hoymercedes.com.ar\/principal\/wp-content\/uploads\/2024\/10\/JornadaAM-1024x576.jpg\" src=\"https:\/\/www.hoymercedes.com.ar\/principal\/wp-content\/uploads\/2024\/10\/JornadaAM-1024x576.jpg\" alt=\"\" class=\"wp-image-179352\" srcset=\"https:\/\/www.hoymercedes.com.ar\/principal\/wp-content\/uploads\/2024\/10\/JornadaAM-1024x576.jpg 1024w, https:\/\/www.hoymercedes.com.ar\/principal\/wp-content\/uploads\/2024\/10\/JornadaAM-630x354.jpg 630w, https:\/\/www.hoymercedes.com.ar\/principal\/wp-content\/uploads\/2024\/10\/JornadaAM-150x84.jpg 150w, https:\/\/www.hoymercedes.com.ar\/principal\/wp-content\/uploads\/2024\/10\/JornadaAM.jpg 1280w\" sizes=\"auto, (max-width: 1024px) 100vw, 1024px\" \/><\/figure>\n\n\n\n<p>\u201cHemos pasado un s\u00e1bado sin otra excusa que encontrarnos, pasarla bien\u201d dijo la directora de Adultos Mayores Victoria Odel y remarc\u00f3 \u201cel disfrutar en comunidad hace bien, hace a la calidad de vida\u201d, como dice N\u00e9stor.<\/p>\n\n\n\n<p>La reuni\u00f3n fue durante la tarde de \u00e9ste s\u00e1bado en el Centro de Entrenamiento de Adultos Mayores que hace poco cumpli\u00f3 un a\u00f1o y donde se efect\u00faan talleres con procesos de ense\u00f1anza y aprendizaje, cultura, enfermer\u00eda, consultas m\u00e9dicas y especialmente es un espacio de reuni\u00f3n de las y los adultos mayores.<\/p>\n\n\n\n<p>Hubo m\u00fasica, baile, juegos, merienda compartida y el sostenimiento de un espacio dedicado a ellas y ellos.<\/p>\n","protected":false},"excerpt":{"rendered":"<p>En el Centro de Entrenamiento de Adultos Mayores se vivi\u00f3 una tarde de encuentro y esparcimiento en el \u201cpic nic &#8230; <a title=\"D\u00eda de celebraci\u00f3n y encuentro para Adultos Mayores\" class=\"read-more\" href=\"https:\/\/www.hoymercedes.com.ar\/principal\/2024\/10\/06\/dia-de-celebracion-y-encuentro-para-adultos-mayores\/\" aria-label=\"Leer m\u00e1s sobre D\u00eda de celebraci\u00f3n y encuentro para Adultos Mayores\">Leer m\u00e1s<\/a><\/p>\n","protected":false},"author":1,"featured_media":179351,"comment_status":"closed","ping_status":"open","sticky":false,"template":"","format":"standard","meta":{"_monsterinsights_skip_tracking":false,"_monsterinsights_sitenote_active":false,"_monsterinsights_sitenote_note":"","_monsterinsights_sitenote_category":0,"jetpack_post_was_ever_published":false,"_jetpack_newsletter_access":"","_jetpack_dont_email_post_to_subs":false,"_jetpack_newsletter_tier_id":0,"_jetpack_memberships_contains_paywalled_content":false,"_jetpack_memberships_contains_paid_content":false,"footnotes":"","jetpack_publicize_message":"","jetpack_publicize_feature_enabled":true,"jetpack_social_post_already_shared":true,"jetpack_social_options":{"image_generator_settings":{"template":"highway","default_image_id":0,"font":"","enabled":false},"version":2},"_wpas_customize_per_network":false},"categories":[8],"tags":[],"class_list":["post-179349","post","type-post","status-publish","format-standard","has-post-thumbnail","hentry","category-sociedad","generate-columns","tablet-grid-50","mobile-grid-100","grid-parent","grid-50"],"jetpack_publicize_connections":[],"jetpack_featured_media_url":"https:\/\/www.hoymercedes.com.ar\/principal\/wp-content\/uploads\/2024\/10\/Pisapia-JornadaAdultosMayores-edited.jpg","wps_subtitle":"Acompa\u00f1amientos ","jetpack_sharing_enabled":true,"_links":{"self":[{"href":"https:\/\/www.hoymercedes.com.ar\/principal\/wp-json\/wp\/v2\/posts\/179349","targetHints":{"allow":["GET"]}}],"collection":[{"href":"https:\/\/www.hoymercedes.com.ar\/principal\/wp-json\/wp\/v2\/posts"}],"about":[{"href":"https:\/\/www.hoymercedes.com.ar\/principal\/wp-json\/wp\/v2\/types\/post"}],"author":[{"embeddable":true,"href":"https:\/\/www.hoymercedes.com.ar\/principal\/wp-json\/wp\/v2\/users\/1"}],"replies":[{"embeddable":true,"href":"https:\/\/www.hoymercedes.com.ar\/principal\/wp-json\/wp\/v2\/comments?post=179349"}],"version-history":[{"count":0,"href":"https:\/\/www.hoymercedes.com.ar\/principal\/wp-json\/wp\/v2\/posts\/179349\/revisions"}],"wp:featuredmedia":[{"embeddable":true,"href":"https:\/\/www.hoymercedes.com.ar\/principal\/wp-json\/wp\/v2\/media\/179351"}],"wp:attachment":[{"href":"https:\/\/www.hoymercedes.com.ar\/principal\/wp-json\/wp\/v2\/media?parent=179349"}],"wp:term":[{"taxonomy":"category","embeddable":true,"href":"https:\/\/www.hoymercedes.com.ar\/principal\/wp-json\/wp\/v2\/categories?post=179349"},{"taxonomy":"post_tag","embeddable":true,"href":"https:\/\/www.hoymercedes.com.ar\/principal\/wp-json\/wp\/v2\/tags?post=179349"}],"curies":[{"name":"wp","href":"https:\/\/api.w.org\/{rel}","templated":true}]}}