{"id":179373,"date":"2024-10-06T20:00:00","date_gmt":"2024-10-06T23:00:00","guid":{"rendered":"https:\/\/www.hoymercedes.com.ar\/principal\/?p=179373"},"modified":"2024-10-06T17:00:02","modified_gmt":"2024-10-06T20:00:02","slug":"avanza-el-plan-de-forestacion-de-clubes-de-espacios-verdes","status":"publish","type":"post","link":"https:\/\/www.hoymercedes.com.ar\/principal\/2024\/10\/06\/avanza-el-plan-de-forestacion-de-clubes-de-espacios-verdes\/","title":{"rendered":"Avanza el plan de forestaci\u00f3n de clubes de Espacios Verdes"},"content":{"rendered":"\n<figure class=\"wp-block-image size-large\"><img loading=\"lazy\" decoding=\"async\" width=\"1024\" height=\"576\" data-attachment-id=\"179374\" data-permalink=\"https:\/\/www.hoymercedes.com.ar\/principal\/2024\/10\/06\/avanza-el-plan-de-forestacion-de-clubes-de-espacios-verdes\/plantacion-clubes-003\/#main\" data-orig-file=\"https:\/\/www.hoymercedes.com.ar\/principal\/wp-content\/uploads\/2024\/10\/Plantacion-Clubes-003.jpg\" data-orig-size=\"1600,900\" data-comments-opened=\"0\" data-image-meta=\"{&quot;aperture&quot;:&quot;0&quot;,&quot;credit&quot;:&quot;&quot;,&quot;camera&quot;:&quot;&quot;,&quot;caption&quot;:&quot;&quot;,&quot;created_timestamp&quot;:&quot;0&quot;,&quot;copyright&quot;:&quot;&quot;,&quot;focal_length&quot;:&quot;0&quot;,&quot;iso&quot;:&quot;0&quot;,&quot;shutter_speed&quot;:&quot;0&quot;,&quot;title&quot;:&quot;&quot;,&quot;orientation&quot;:&quot;0&quot;}\" data-image-title=\"Plantacion-Clubes-003\" data-image-description=\"&lt;p&gt;Avanza el plan de forestaci\u00f3n de clubes de Espacios Verdes&lt;\/p&gt;\n\" data-image-caption=\"&lt;p&gt;Avanza el plan de forestaci\u00f3n de clubes de Espacios Verdes&lt;\/p&gt;\n\" data-large-file=\"https:\/\/www.hoymercedes.com.ar\/principal\/wp-content\/uploads\/2024\/10\/Plantacion-Clubes-003-1024x576.jpg\" src=\"https:\/\/www.hoymercedes.com.ar\/principal\/wp-content\/uploads\/2024\/10\/Plantacion-Clubes-003-1024x576.jpg\" alt=\"\" class=\"wp-image-179374\" srcset=\"https:\/\/www.hoymercedes.com.ar\/principal\/wp-content\/uploads\/2024\/10\/Plantacion-Clubes-003-1024x576.jpg 1024w, https:\/\/www.hoymercedes.com.ar\/principal\/wp-content\/uploads\/2024\/10\/Plantacion-Clubes-003-630x354.jpg 630w, https:\/\/www.hoymercedes.com.ar\/principal\/wp-content\/uploads\/2024\/10\/Plantacion-Clubes-003-150x84.jpg 150w, https:\/\/www.hoymercedes.com.ar\/principal\/wp-content\/uploads\/2024\/10\/Plantacion-Clubes-003-1536x864.jpg 1536w, https:\/\/www.hoymercedes.com.ar\/principal\/wp-content\/uploads\/2024\/10\/Plantacion-Clubes-003.jpg 1600w\" sizes=\"auto, (max-width: 1024px) 100vw, 1024px\" \/><\/figure>\n\n\n\n<p>Se realiz\u00f3 una nueva jornada de plantaci\u00f3n en una instituci\u00f3n deportiva de la ciudad. En esta ocasi\u00f3n fue el Club de Rugby. Es en el marco de las acciones de forestaci\u00f3n, cuidado ambiental y plantaciones urbanas que viene desarrollando ampliamente la Direcci\u00f3n de Espacios Verdes.<\/p>\n\n\n\n<p>\u201cRealizamos una nueva plantaci\u00f3n de \u00e1rboles nativos y especies acordes a nuestra regi\u00f3n\u201d coment\u00f3 Dar\u00edo Taramsco, director de \u00e1rea y record\u00f3 \u201ces parte de un proceso integral de fortalecimiento del arbolado urbano\u201d donde \u201ctambi\u00e9n se hace en escuelas, bosques tem\u00e1ticos y cuando las y los vecinos tambi\u00e9n lo solicitan\u201d narr\u00f3 en el marco general de planificaci\u00f3n del \u00e1rea.<\/p>\n\n\n\n<p>Por su parte, el secretario de servicios p\u00fablicos, Lu\u00eds Ponce, coment\u00f3 \u201cestamos orgullosos de estos intercambios con instituciones, porque ratificamos el concepto de trabajar con las instituciones, vecinos y vecinas tal como nos impulsa el intendente Ustarroz\u201d y \u201cadem\u00e1s, porque son especies que se producen en nuestro Vivero Biotecnol\u00f3gico\u201d destacando que \u201ces adem\u00e1s de los embellecimientos de los predios una valiosa acci\u00f3n en cuidado del ambiente\u201d manifest\u00f3 el funcionario.<\/p>\n\n\n\n<p>Desde el club manifestaron su agradecimiento y compromiso con la medida en una jornada en la que participaron familias y deportistas de la plantaci\u00f3n.&nbsp;<\/p>\n","protected":false},"excerpt":{"rendered":"<p>Se realiz\u00f3 una nueva jornada de plantaci\u00f3n en una instituci\u00f3n deportiva de la ciudad. En esta ocasi\u00f3n fue el Club &#8230; <a title=\"Avanza el plan de forestaci\u00f3n de clubes de Espacios Verdes\" class=\"read-more\" href=\"https:\/\/www.hoymercedes.com.ar\/principal\/2024\/10\/06\/avanza-el-plan-de-forestacion-de-clubes-de-espacios-verdes\/\" aria-label=\"Leer m\u00e1s sobre Avanza el plan de forestaci\u00f3n de clubes de Espacios Verdes\">Leer m\u00e1s<\/a><\/p>\n","protected":false},"author":1,"featured_media":179374,"comment_status":"closed","ping_status":"open","sticky":false,"template":"","format":"standard","meta":{"_monsterinsights_skip_tracking":false,"_monsterinsights_sitenote_active":false,"_monsterinsights_sitenote_note":"","_monsterinsights_sitenote_category":0,"jetpack_post_was_ever_published":false,"_jetpack_newsletter_access":"","_jetpack_dont_email_post_to_subs":false,"_jetpack_newsletter_tier_id":0,"_jetpack_memberships_contains_paywalled_content":false,"_jetpack_memberships_contains_paid_content":false,"footnotes":"","jetpack_publicize_message":"","jetpack_publicize_feature_enabled":true,"jetpack_social_post_already_shared":true,"jetpack_social_options":{"image_generator_settings":{"template":"highway","default_image_id":0,"font":"","enabled":false},"version":2},"_wpas_customize_per_network":false},"categories":[30],"tags":[9001,12412,16188],"class_list":["post-179373","post","type-post","status-publish","format-standard","has-post-thumbnail","hentry","category-municipio","tag-ambiente","tag-espacios-verdes","tag-luis-ponce","generate-columns","tablet-grid-50","mobile-grid-100","grid-parent","grid-50"],"jetpack_publicize_connections":[],"jetpack_featured_media_url":"https:\/\/www.hoymercedes.com.ar\/principal\/wp-content\/uploads\/2024\/10\/Plantacion-Clubes-003.jpg","wps_subtitle":"Ambiente ","jetpack_sharing_enabled":true,"_links":{"self":[{"href":"https:\/\/www.hoymercedes.com.ar\/principal\/wp-json\/wp\/v2\/posts\/179373","targetHints":{"allow":["GET"]}}],"collection":[{"href":"https:\/\/www.hoymercedes.com.ar\/principal\/wp-json\/wp\/v2\/posts"}],"about":[{"href":"https:\/\/www.hoymercedes.com.ar\/principal\/wp-json\/wp\/v2\/types\/post"}],"author":[{"embeddable":true,"href":"https:\/\/www.hoymercedes.com.ar\/principal\/wp-json\/wp\/v2\/users\/1"}],"replies":[{"embeddable":true,"href":"https:\/\/www.hoymercedes.com.ar\/principal\/wp-json\/wp\/v2\/comments?post=179373"}],"version-history":[{"count":0,"href":"https:\/\/www.hoymercedes.com.ar\/principal\/wp-json\/wp\/v2\/posts\/179373\/revisions"}],"wp:featuredmedia":[{"embeddable":true,"href":"https:\/\/www.hoymercedes.com.ar\/principal\/wp-json\/wp\/v2\/media\/179374"}],"wp:attachment":[{"href":"https:\/\/www.hoymercedes.com.ar\/principal\/wp-json\/wp\/v2\/media?parent=179373"}],"wp:term":[{"taxonomy":"category","embeddable":true,"href":"https:\/\/www.hoymercedes.com.ar\/principal\/wp-json\/wp\/v2\/categories?post=179373"},{"taxonomy":"post_tag","embeddable":true,"href":"https:\/\/www.hoymercedes.com.ar\/principal\/wp-json\/wp\/v2\/tags?post=179373"}],"curies":[{"name":"wp","href":"https:\/\/api.w.org\/{rel}","templated":true}]}}