{"id":179437,"date":"2024-10-09T08:25:00","date_gmt":"2024-10-09T11:25:00","guid":{"rendered":"https:\/\/www.hoymercedes.com.ar\/principal\/?p=179437"},"modified":"2024-10-09T00:06:58","modified_gmt":"2024-10-09T03:06:58","slug":"avanza-el-caps-mercedes-una-obra-estrategica-para-la-salud","status":"publish","type":"post","link":"https:\/\/www.hoymercedes.com.ar\/principal\/2024\/10\/09\/avanza-el-caps-mercedes-una-obra-estrategica-para-la-salud\/","title":{"rendered":"Avanza el CAPS Mercedes, una obra estrat\u00e9gica para la salud"},"content":{"rendered":"\n<figure class=\"wp-block-image size-large\"><img loading=\"lazy\" decoding=\"async\" width=\"1024\" height=\"683\" data-attachment-id=\"179438\" data-permalink=\"https:\/\/www.hoymercedes.com.ar\/principal\/2024\/10\/09\/avanza-el-caps-mercedes-una-obra-estrategica-para-la-salud\/462227872_1074936183988448_3536668565037825268_n\/#main\" data-orig-file=\"https:\/\/www.hoymercedes.com.ar\/principal\/wp-content\/uploads\/2024\/10\/462227872_1074936183988448_3536668565037825268_n.jpg\" data-orig-size=\"2048,1365\" data-comments-opened=\"0\" data-image-meta=\"{&quot;aperture&quot;:&quot;0&quot;,&quot;credit&quot;:&quot;&quot;,&quot;camera&quot;:&quot;&quot;,&quot;caption&quot;:&quot;&quot;,&quot;created_timestamp&quot;:&quot;0&quot;,&quot;copyright&quot;:&quot;&quot;,&quot;focal_length&quot;:&quot;0&quot;,&quot;iso&quot;:&quot;0&quot;,&quot;shutter_speed&quot;:&quot;0&quot;,&quot;title&quot;:&quot;&quot;,&quot;orientation&quot;:&quot;0&quot;}\" data-image-title=\"Avanza el CAPS Mercedes, una obra estrat\u00e9gica para la salud\" data-image-description=\"&lt;p&gt;Avanza el CAPS Mercedes, una obra estrat\u00e9gica para la salud&lt;\/p&gt;\n\" data-image-caption=\"&lt;p&gt;Avanza el CAPS Mercedes, una obra estrat\u00e9gica para la salud&lt;\/p&gt;\n\" data-large-file=\"https:\/\/www.hoymercedes.com.ar\/principal\/wp-content\/uploads\/2024\/10\/462227872_1074936183988448_3536668565037825268_n-1024x683.jpg\" src=\"https:\/\/www.hoymercedes.com.ar\/principal\/wp-content\/uploads\/2024\/10\/462227872_1074936183988448_3536668565037825268_n-1024x683.jpg\" alt=\"Avanza el CAPS Mercedes, una obra estrat\u00e9gica para la salud\" class=\"wp-image-179438\" srcset=\"https:\/\/www.hoymercedes.com.ar\/principal\/wp-content\/uploads\/2024\/10\/462227872_1074936183988448_3536668565037825268_n-1024x683.jpg 1024w, https:\/\/www.hoymercedes.com.ar\/principal\/wp-content\/uploads\/2024\/10\/462227872_1074936183988448_3536668565037825268_n-630x420.jpg 630w, https:\/\/www.hoymercedes.com.ar\/principal\/wp-content\/uploads\/2024\/10\/462227872_1074936183988448_3536668565037825268_n-150x100.jpg 150w, https:\/\/www.hoymercedes.com.ar\/principal\/wp-content\/uploads\/2024\/10\/462227872_1074936183988448_3536668565037825268_n-1536x1024.jpg 1536w, https:\/\/www.hoymercedes.com.ar\/principal\/wp-content\/uploads\/2024\/10\/462227872_1074936183988448_3536668565037825268_n.jpg 2048w\" sizes=\"auto, (max-width: 1024px) 100vw, 1024px\" \/><\/figure>\n\n\n\n<p>El Centro de Atenci\u00f3n Primaria de la Salud Mercedes (CAPS Mercedes), ubicado en la esquina estrat\u00e9gica de 2 y 5 y que estar\u00e1 destinado sobre todo a la salud materno-infantil, quedar\u00e1 inaugurado en los pr\u00f3ximos meses con una infraestructura que abarcar\u00e1 siete consultorios, un SUM e ingreso de ambulancia, entre otras cosas.<\/p>\n\n\n\n<p>\u201cEsta es una obra central en el \u00e1rea de salud que venimos llevando a cabo y no tenemos dudas de que se convertir\u00e1 en un eje de referencia para toda la ciudad, sobre todo por su orientaci\u00f3n hacia la salud materno-infantil y el cuidado de la primera infancia\u201d, explic\u00f3 el intendente, Juan Ignacio Ustarroz, durante una recorrida por la obra junto con los secretarios de Salud, N\u00e9stor Pisapia, y de Obras P\u00fablicas, Emanuel P\u00e9rez Carrera.<\/p>\n\n\n\n<figure class=\"wp-block-image size-large\"><img loading=\"lazy\" decoding=\"async\" width=\"1024\" height=\"683\" data-attachment-id=\"179439\" data-permalink=\"https:\/\/www.hoymercedes.com.ar\/principal\/2024\/10\/09\/avanza-el-caps-mercedes-una-obra-estrategica-para-la-salud\/462190236_1074954060653327_6763539541710497888_n\/#main\" data-orig-file=\"https:\/\/www.hoymercedes.com.ar\/principal\/wp-content\/uploads\/2024\/10\/462190236_1074954060653327_6763539541710497888_n.jpg\" data-orig-size=\"2048,1365\" data-comments-opened=\"0\" data-image-meta=\"{&quot;aperture&quot;:&quot;0&quot;,&quot;credit&quot;:&quot;&quot;,&quot;camera&quot;:&quot;&quot;,&quot;caption&quot;:&quot;&quot;,&quot;created_timestamp&quot;:&quot;0&quot;,&quot;copyright&quot;:&quot;&quot;,&quot;focal_length&quot;:&quot;0&quot;,&quot;iso&quot;:&quot;0&quot;,&quot;shutter_speed&quot;:&quot;0&quot;,&quot;title&quot;:&quot;&quot;,&quot;orientation&quot;:&quot;0&quot;}\" data-image-title=\"Avanza el CAPS Mercedes, una obra estrat\u00e9gica para la salud\" data-image-description=\"&lt;p&gt;Avanza el CAPS Mercedes, una obra estrat\u00e9gica para la salud&lt;\/p&gt;\n\" data-image-caption=\"&lt;p&gt;Avanza el CAPS Mercedes, una obra estrat\u00e9gica para la salud&lt;\/p&gt;\n\" data-large-file=\"https:\/\/www.hoymercedes.com.ar\/principal\/wp-content\/uploads\/2024\/10\/462190236_1074954060653327_6763539541710497888_n-1024x683.jpg\" src=\"https:\/\/www.hoymercedes.com.ar\/principal\/wp-content\/uploads\/2024\/10\/462190236_1074954060653327_6763539541710497888_n-1024x683.jpg\" alt=\"Avanza el CAPS Mercedes, una obra estrat\u00e9gica para la salud\" class=\"wp-image-179439\" srcset=\"https:\/\/www.hoymercedes.com.ar\/principal\/wp-content\/uploads\/2024\/10\/462190236_1074954060653327_6763539541710497888_n-1024x683.jpg 1024w, https:\/\/www.hoymercedes.com.ar\/principal\/wp-content\/uploads\/2024\/10\/462190236_1074954060653327_6763539541710497888_n-630x420.jpg 630w, https:\/\/www.hoymercedes.com.ar\/principal\/wp-content\/uploads\/2024\/10\/462190236_1074954060653327_6763539541710497888_n-150x100.jpg 150w, https:\/\/www.hoymercedes.com.ar\/principal\/wp-content\/uploads\/2024\/10\/462190236_1074954060653327_6763539541710497888_n-1536x1024.jpg 1536w, https:\/\/www.hoymercedes.com.ar\/principal\/wp-content\/uploads\/2024\/10\/462190236_1074954060653327_6763539541710497888_n.jpg 2048w\" sizes=\"auto, (max-width: 1024px) 100vw, 1024px\" \/><\/figure>\n\n\n\n<p>\u201cDesde el inicio de nuestra gesti\u00f3n nos enfocamos en el desarrollo y cuidado de los chicos con programas como 1000 D\u00edas y la creaci\u00f3n del CETIM (Centro de Estimulaci\u00f3n Temprana). Este CAPS va en ese mismo sentido y nos pone muy contentos acercarnos a su inauguraci\u00f3n\u201d, a\u00f1adi\u00f3.<\/p>\n\n\n\n<p>Para el jefe comunal, la ubicaci\u00f3n de la obra tambi\u00e9n es estrat\u00e9gica por la cercan\u00eda con dos clubes como Palometa y V\u00e9lez y el predio del Mart\u00edn Rodr\u00edguez, otro centro de referencia municipal a nivel deportivo. \u201cLa idea es que con el tiempo este CAPS pueda crecer e incorporar m\u00e1s servicios\u201d, dijo.<\/p>\n\n\n\n<p>Ustarroz tambi\u00e9n resalt\u00f3 el apoyo de la Provincia de Buenos Aires para la realizaci\u00f3n de obras \u201ccomo este CAPS, pavimento, cloacas, el canal Santa Mar\u00eda&#8230; Todas las obras importantes que se ven en la ciudad tienen el apoyo y financiamiento de la Provincia, que por suerte siempre nos acompa\u00f1a y al mismo tiempo nos permite generar fuentes de trabajo\u201d.<\/p>\n\n\n\n<figure class=\"wp-block-image size-large\"><img loading=\"lazy\" decoding=\"async\" width=\"1024\" height=\"683\" data-attachment-id=\"179440\" data-permalink=\"https:\/\/www.hoymercedes.com.ar\/principal\/2024\/10\/09\/avanza-el-caps-mercedes-una-obra-estrategica-para-la-salud\/462211369_1074936100655123_1668058330068327310_n\/#main\" data-orig-file=\"https:\/\/www.hoymercedes.com.ar\/principal\/wp-content\/uploads\/2024\/10\/462211369_1074936100655123_1668058330068327310_n.jpg\" data-orig-size=\"2048,1365\" data-comments-opened=\"0\" data-image-meta=\"{&quot;aperture&quot;:&quot;0&quot;,&quot;credit&quot;:&quot;&quot;,&quot;camera&quot;:&quot;&quot;,&quot;caption&quot;:&quot;&quot;,&quot;created_timestamp&quot;:&quot;0&quot;,&quot;copyright&quot;:&quot;&quot;,&quot;focal_length&quot;:&quot;0&quot;,&quot;iso&quot;:&quot;0&quot;,&quot;shutter_speed&quot;:&quot;0&quot;,&quot;title&quot;:&quot;&quot;,&quot;orientation&quot;:&quot;0&quot;}\" data-image-title=\"Avanza el CAPS Mercedes, una obra estrat\u00e9gica para la salud\" data-image-description=\"&lt;p&gt;Avanza el CAPS Mercedes, una obra estrat\u00e9gica para la salud&lt;\/p&gt;\n\" data-image-caption=\"&lt;p&gt;Avanza el CAPS Mercedes, una obra estrat\u00e9gica para la salud&lt;\/p&gt;\n\" data-large-file=\"https:\/\/www.hoymercedes.com.ar\/principal\/wp-content\/uploads\/2024\/10\/462211369_1074936100655123_1668058330068327310_n-1024x683.jpg\" src=\"https:\/\/www.hoymercedes.com.ar\/principal\/wp-content\/uploads\/2024\/10\/462211369_1074936100655123_1668058330068327310_n-1024x683.jpg\" alt=\"Avanza el CAPS Mercedes, una obra estrat\u00e9gica para la salud\" class=\"wp-image-179440\" srcset=\"https:\/\/www.hoymercedes.com.ar\/principal\/wp-content\/uploads\/2024\/10\/462211369_1074936100655123_1668058330068327310_n-1024x683.jpg 1024w, https:\/\/www.hoymercedes.com.ar\/principal\/wp-content\/uploads\/2024\/10\/462211369_1074936100655123_1668058330068327310_n-630x420.jpg 630w, https:\/\/www.hoymercedes.com.ar\/principal\/wp-content\/uploads\/2024\/10\/462211369_1074936100655123_1668058330068327310_n-150x100.jpg 150w, https:\/\/www.hoymercedes.com.ar\/principal\/wp-content\/uploads\/2024\/10\/462211369_1074936100655123_1668058330068327310_n-1536x1024.jpg 1536w, https:\/\/www.hoymercedes.com.ar\/principal\/wp-content\/uploads\/2024\/10\/462211369_1074936100655123_1668058330068327310_n.jpg 2048w\" sizes=\"auto, (max-width: 1024px) 100vw, 1024px\" \/><\/figure>\n\n\n\n<p>Por su parte, Pisapia cont\u00f3: \u201cPara nosotros es un orgullo contar con este CAPS, que va a tener siete consultorios, estimulaci\u00f3n temprana, un Sal\u00f3n de Usos M\u00faltiples para las actividades docentes y de capacitaci\u00f3n, enfermer\u00eda, ingreso de ambulancia&#8230; Como dice Juani, se va a convertir en un centro de referencia zonal y regional\u201d.<\/p>\n\n\n\n<p>\u201cHabr\u00e1 consultorios de diversas especialidades y una orientaci\u00f3n fundamental hacia el cuidado de la salud materno-infantil, que es uno de los ejes m\u00e1s fuertes de nuestro gobierno. La prioridad es cuidar a la ni\u00f1ez y este CAPS tambi\u00e9n tendr\u00e1 eso como uno de sus objetivos centrales\u201d, dijo.<\/p>\n\n\n\n<p>Finalmente, P\u00e9rez Carrera inform\u00f3: \u201cLa obra est\u00e1 avanzada en alrededor del ochenta por ciento, ahora est\u00e1 en la etapa de las terminaciones y detalles. Calculamos que entre diciembre de este a\u00f1o y febrero de 2025 vamos a estar en condiciones de inaugurarlo y abrirlo a la comunidad\u201d.<\/p>\n\n\n\n<p>\u201cLa construcci\u00f3n tiene aproximadamente 500 metros cuadrados y tambi\u00e9n intervenimos sobre los espacios abiertos. Es una obra muy importante y estamos muy satisfechos al ver c\u00f3mo va avanzando\u201d, concluy\u00f3.<\/p>\n\n\n\n<p><\/p>\n","protected":false},"excerpt":{"rendered":"<p>El Centro de Atenci\u00f3n Primaria de la Salud Mercedes (CAPS Mercedes), ubicado en la esquina estrat\u00e9gica de 2 y 5 &#8230; <a title=\"Avanza el CAPS Mercedes, una obra estrat\u00e9gica para la salud\" class=\"read-more\" href=\"https:\/\/www.hoymercedes.com.ar\/principal\/2024\/10\/09\/avanza-el-caps-mercedes-una-obra-estrategica-para-la-salud\/\" aria-label=\"Leer m\u00e1s sobre Avanza el CAPS Mercedes, una obra estrat\u00e9gica para la salud\">Leer m\u00e1s<\/a><\/p>\n","protected":false},"author":1,"featured_media":179439,"comment_status":"closed","ping_status":"open","sticky":false,"template":"","format":"standard","meta":{"_monsterinsights_skip_tracking":false,"_monsterinsights_sitenote_active":false,"_monsterinsights_sitenote_note":"","_monsterinsights_sitenote_category":0,"jetpack_post_was_ever_published":false,"_jetpack_newsletter_access":"","_jetpack_dont_email_post_to_subs":false,"_jetpack_newsletter_tier_id":0,"_jetpack_memberships_contains_paywalled_content":false,"_jetpack_memberships_contains_paid_content":false,"footnotes":"","jetpack_publicize_message":"","jetpack_publicize_feature_enabled":true,"jetpack_social_post_already_shared":true,"jetpack_social_options":{"image_generator_settings":{"template":"highway","default_image_id":0,"font":"","enabled":false},"version":2},"_wpas_customize_per_network":false},"categories":[8],"tags":[],"class_list":["post-179437","post","type-post","status-publish","format-standard","has-post-thumbnail","hentry","category-sociedad","generate-columns","tablet-grid-50","mobile-grid-100","grid-parent","grid-50"],"jetpack_publicize_connections":[],"jetpack_featured_media_url":"https:\/\/www.hoymercedes.com.ar\/principal\/wp-content\/uploads\/2024\/10\/462190236_1074954060653327_6763539541710497888_n.jpg","wps_subtitle":"Obra p\u00fablica provincial","jetpack_sharing_enabled":true,"_links":{"self":[{"href":"https:\/\/www.hoymercedes.com.ar\/principal\/wp-json\/wp\/v2\/posts\/179437","targetHints":{"allow":["GET"]}}],"collection":[{"href":"https:\/\/www.hoymercedes.com.ar\/principal\/wp-json\/wp\/v2\/posts"}],"about":[{"href":"https:\/\/www.hoymercedes.com.ar\/principal\/wp-json\/wp\/v2\/types\/post"}],"author":[{"embeddable":true,"href":"https:\/\/www.hoymercedes.com.ar\/principal\/wp-json\/wp\/v2\/users\/1"}],"replies":[{"embeddable":true,"href":"https:\/\/www.hoymercedes.com.ar\/principal\/wp-json\/wp\/v2\/comments?post=179437"}],"version-history":[{"count":0,"href":"https:\/\/www.hoymercedes.com.ar\/principal\/wp-json\/wp\/v2\/posts\/179437\/revisions"}],"wp:featuredmedia":[{"embeddable":true,"href":"https:\/\/www.hoymercedes.com.ar\/principal\/wp-json\/wp\/v2\/media\/179439"}],"wp:attachment":[{"href":"https:\/\/www.hoymercedes.com.ar\/principal\/wp-json\/wp\/v2\/media?parent=179437"}],"wp:term":[{"taxonomy":"category","embeddable":true,"href":"https:\/\/www.hoymercedes.com.ar\/principal\/wp-json\/wp\/v2\/categories?post=179437"},{"taxonomy":"post_tag","embeddable":true,"href":"https:\/\/www.hoymercedes.com.ar\/principal\/wp-json\/wp\/v2\/tags?post=179437"}],"curies":[{"name":"wp","href":"https:\/\/api.w.org\/{rel}","templated":true}]}}