{"id":179503,"date":"2024-10-11T11:32:54","date_gmt":"2024-10-11T14:32:54","guid":{"rendered":"https:\/\/www.hoymercedes.com.ar\/principal\/?p=179503"},"modified":"2024-10-11T11:32:56","modified_gmt":"2024-10-11T14:32:56","slug":"encefalomielitis-equina-la-notificacion-de-sospechas-fortalece-su-vigilancia","status":"publish","type":"post","link":"https:\/\/www.hoymercedes.com.ar\/principal\/2024\/10\/11\/encefalomielitis-equina-la-notificacion-de-sospechas-fortalece-su-vigilancia\/","title":{"rendered":"Encefalomielitis equina: La notificaci\u00f3n de sospechas fortalece su vigilancia"},"content":{"rendered":"\n<p>Con la llegada de <strong>temperaturas m\u00e1s c\u00e1lidas<\/strong>, la proliferaci\u00f3n de mosquitos se convierte en un factor clave para el <strong>desarrollo de enfermedades virales como la encefalomielitis equina (EE)<\/strong>, un <strong>alphavirus que afecta el sistema nervioso central de los \u00e9quidos.<\/strong><\/p>\n\n\n\n<p>En ese marco, el <strong>Servicio Nacional de Sanidad y Calidad Agroalimentaria (Senasa) recuerda la vigencia de la emergencia sanitaria por EE y enfatiza la importancia de notificar de inmediato cualquier sospecha<\/strong> ante signos cl\u00ednicos compatibles con la enfermedad.<\/p>\n\n\n\n<p>En <strong>septiembre<\/strong> \u00faltimo, se <strong>registr\u00f3 un leve aumento en las denuncias<\/strong> relacionadas con cuadros neurol\u00f3gicos en equinos. Sin embargo, estas <strong>fueron atendidas y no resultaron en casos de encefalomielitis equina<\/strong> ni de otras enfermedades virales.<\/p>\n\n\n\n<p>Por eso, es de suma <strong>importancia destacar el rol de la vigilancia pasiva<\/strong> en este contexto. A trav\u00e9s de ella, el Senasa obtiene informaci\u00f3n de personas, organizaciones e instituciones que, en contacto con \u00e9quidos, pueden identificar s\u00edntomas compatibles con EE y notificar al organismo.<\/p>\n\n\n\n<p>Para <strong>fortalecer este sistema de vigilancia<\/strong>, en los \u00faltimos a\u00f1os <strong>se ampliaron las herramientas de notificaci\u00f3n<\/strong> para los usuarios. As\u00ed, adem\u00e1s de la denuncia personal o telef\u00f3nica a la oficina local, se incluyeron opciones como la comunicaci\u00f3n a trav\u00e9s de WhatsApp y formularios en su sitio web oficial.<\/p>\n\n\n\n<p><strong>Notificaci\u00f3n<\/strong><\/p>\n\n\n\n<p>Respecto a los signos cl\u00ednicos notificables, los equinos que contraen la enfermedad pueden presentar diferentes cuadros neurol\u00f3gicos, tales como anomal\u00edas en la deambulaci\u00f3n, hiperexcitaci\u00f3n, depresi\u00f3n, hipertermia y dec\u00fabito, principalmente. Ante la detecci\u00f3n de estos s\u00edntomas, cualquier persona puede dar aviso r\u00e1pidamente al Senasa a trav\u00e9s de los siguientes canales oficiales: Con la llegada de <strong>temperaturas m\u00e1s c\u00e1lidas<\/strong>, la proliferaci\u00f3n de mosquitos se convierte en un factor clave para el <strong>desarrollo de enfermedades virales como la encefalomielitis equina (EE)<\/strong>, un <strong>alphavirus que afecta el sistema nervioso central de los \u00e9quidos.<\/strong><\/p>\n\n\n\n<p>En ese marco, el <strong>Servicio Nacional de Sanidad y Calidad Agroalimentaria (Senasa) recuerda la vigencia de la emergencia sanitaria por EE y enfatiza la importancia de notificar de inmediato cualquier sospecha<\/strong> ante signos cl\u00ednicos compatibles con la enfermedad.<\/p>\n\n\n\n<p>En <strong>septiembre<\/strong> \u00faltimo, se <strong>registr\u00f3 un leve aumento en las denuncias<\/strong> relacionadas con cuadros neurol\u00f3gicos en equinos. Sin embargo, estas <strong>fueron atendidas y no resultaron en casos de encefalomielitis equina<\/strong> ni de otras enfermedades virales.<\/p>\n\n\n\n<p>Por eso, es de suma <strong>importancia destacar el rol de la vigilancia pasiva<\/strong> en este contexto. A trav\u00e9s de ella, el Senasa obtiene informaci\u00f3n de personas, organizaciones e instituciones que, en contacto con \u00e9quidos, pueden identificar s\u00edntomas compatibles con EE y notificar al organismo.<\/p>\n\n\n\n<p>Para <strong>fortalecer este sistema de vigilancia<\/strong>, en los \u00faltimos a\u00f1os <strong>se ampliaron las herramientas de notificaci\u00f3n<\/strong> para los usuarios. As\u00ed, adem\u00e1s de la denuncia personal o telef\u00f3nica a la oficina local, se incluyeron opciones como la comunicaci\u00f3n a trav\u00e9s de WhatsApp y formularios en su sitio web oficial.<\/p>\n\n\n\n<p><strong>Notificaci\u00f3n<\/strong><\/p>\n\n\n\n<p>Respecto a los signos cl\u00ednicos notificables, los equinos que contraen la enfermedad pueden presentar diferentes cuadros neurol\u00f3gicos, tales como anomal\u00edas en la deambulaci\u00f3n, hiperexcitaci\u00f3n, depresi\u00f3n, hipertermia y dec\u00fabito, principalmente. Ante la detecci\u00f3n de estos s\u00edntomas, cualquier persona puede dar aviso r\u00e1pidamente al Senasa a trav\u00e9s de los siguientes canales oficiales: Con la llegada de <strong>temperaturas m\u00e1s c\u00e1lidas<\/strong>, la proliferaci\u00f3n de mosquitos se convierte en un factor clave para el <strong>desarrollo de enfermedades virales como la encefalomielitis equina (EE)<\/strong>, un <strong>alphavirus que afecta el sistema nervioso central de los \u00e9quidos.<\/strong><\/p>\n\n\n\n<p>En ese marco, el <strong>Servicio Nacional de Sanidad y Calidad Agroalimentaria (Senasa) recuerda la vigencia de la emergencia sanitaria por EE y enfatiza la importancia de notificar de inmediato cualquier sospecha<\/strong> ante signos cl\u00ednicos compatibles con la enfermedad.<\/p>\n\n\n\n<p>En <strong>septiembre<\/strong> \u00faltimo, se <strong>registr\u00f3 un leve aumento en las denuncias<\/strong> relacionadas con cuadros neurol\u00f3gicos en equinos. Sin embargo, estas <strong>fueron atendidas y no resultaron en casos de encefalomielitis equina<\/strong> ni de otras enfermedades virales.<\/p>\n\n\n\n<p>Por eso, es de suma <strong>importancia destacar el rol de la vigilancia pasiva<\/strong> en este contexto. A trav\u00e9s de ella, el Senasa obtiene informaci\u00f3n de personas, organizaciones e instituciones que, en contacto con \u00e9quidos, pueden identificar s\u00edntomas compatibles con EE y notificar al organismo.<\/p>\n\n\n\n<p>Para <strong>fortalecer este sistema de vigilancia<\/strong>, en los \u00faltimos a\u00f1os <strong>se ampliaron las herramientas de notificaci\u00f3n<\/strong> para los usuarios. As\u00ed, adem\u00e1s de la denuncia personal o telef\u00f3nica a la oficina local, se incluyeron opciones como la comunicaci\u00f3n a trav\u00e9s de WhatsApp y formularios en su sitio web oficial.<\/p>\n\n\n\n<p><strong>Notificaci\u00f3n<\/strong><\/p>\n\n\n\n<p>Respecto a los signos cl\u00ednicos notificables, los equinos que contraen la enfermedad pueden presentar diferentes cuadros neurol\u00f3gicos, tales como anomal\u00edas en la deambulaci\u00f3n, hiperexcitaci\u00f3n, depresi\u00f3n, hipertermia y dec\u00fabito, principalmente. Ante la detecci\u00f3n de estos s\u00edntomas, cualquier persona puede dar aviso r\u00e1pidamente al Senasa a trav\u00e9s de los siguientes canales oficiales: <br>\u2022<a href=\"https:\/\/www.argentina.gob.ar\/node\/100415\" target=\"_blank\" rel=\"noopener\">Oficina local m\u00e1s cercana<\/a>;<br>\u2022Whatsapp: <a href=\"https:\/\/api.whatsapp.com\/send\/?phone=541157005704&amp;text=Hola!%20Quiero%20Informaci%C3%B3n\" target=\"_blank\" rel=\"noopener\">11 5700 5704<\/a>.<br>\u2022Correo electr\u00f3nico: <a href=\"mailto:notificaciones@senasa.gob.ar\">notificaciones@senasa.gob.ar<br><\/a>\u2022Apartado <a href=\"https:\/\/www.argentina.gob.ar\/senasa\/avisa-al-senasa-sanidad-animal\" target=\"_blank\" rel=\"noopener\">Avis\u00e1 al Senasa<\/a>.<\/p>\n\n\n\n<p>Para acceder a toda la informaci\u00f3n sobre la enfermedad, ingresar en el <a href=\"https:\/\/www.argentina.gob.ar\/encefalomielitis-equina\" target=\"_blank\" rel=\"noopener\">Micrositio del organismo.<\/a><\/p>\n","protected":false},"excerpt":{"rendered":"<p>Con la llegada de temperaturas m\u00e1s c\u00e1lidas, la proliferaci\u00f3n de mosquitos se convierte en un factor clave para el desarrollo &#8230; <a title=\"Encefalomielitis equina: La notificaci\u00f3n de sospechas fortalece su vigilancia\" class=\"read-more\" href=\"https:\/\/www.hoymercedes.com.ar\/principal\/2024\/10\/11\/encefalomielitis-equina-la-notificacion-de-sospechas-fortalece-su-vigilancia\/\" aria-label=\"Leer m\u00e1s sobre Encefalomielitis equina: La notificaci\u00f3n de sospechas fortalece su vigilancia\">Leer m\u00e1s<\/a><\/p>\n","protected":false},"author":1,"featured_media":179504,"comment_status":"closed","ping_status":"open","sticky":false,"template":"","format":"standard","meta":{"_monsterinsights_skip_tracking":false,"_monsterinsights_sitenote_active":false,"_monsterinsights_sitenote_note":"","_monsterinsights_sitenote_category":0,"jetpack_post_was_ever_published":false,"_jetpack_newsletter_access":"","_jetpack_dont_email_post_to_subs":false,"_jetpack_newsletter_tier_id":0,"_jetpack_memberships_contains_paywalled_content":false,"_jetpack_memberships_contains_paid_content":false,"footnotes":"","jetpack_publicize_message":"","jetpack_publicize_feature_enabled":true,"jetpack_social_post_already_shared":true,"jetpack_social_options":{"image_generator_settings":{"template":"highway","default_image_id":0,"font":"","enabled":false},"version":2},"_wpas_customize_per_network":false},"categories":[8],"tags":[],"class_list":["post-179503","post","type-post","status-publish","format-standard","has-post-thumbnail","hentry","category-sociedad","generate-columns","tablet-grid-50","mobile-grid-100","grid-parent","grid-50"],"jetpack_publicize_connections":[],"jetpack_featured_media_url":"https:\/\/www.hoymercedes.com.ar\/principal\/wp-content\/uploads\/2024\/10\/Notificacion-equina-A.jpg","wps_subtitle":"","jetpack_sharing_enabled":true,"_links":{"self":[{"href":"https:\/\/www.hoymercedes.com.ar\/principal\/wp-json\/wp\/v2\/posts\/179503","targetHints":{"allow":["GET"]}}],"collection":[{"href":"https:\/\/www.hoymercedes.com.ar\/principal\/wp-json\/wp\/v2\/posts"}],"about":[{"href":"https:\/\/www.hoymercedes.com.ar\/principal\/wp-json\/wp\/v2\/types\/post"}],"author":[{"embeddable":true,"href":"https:\/\/www.hoymercedes.com.ar\/principal\/wp-json\/wp\/v2\/users\/1"}],"replies":[{"embeddable":true,"href":"https:\/\/www.hoymercedes.com.ar\/principal\/wp-json\/wp\/v2\/comments?post=179503"}],"version-history":[{"count":0,"href":"https:\/\/www.hoymercedes.com.ar\/principal\/wp-json\/wp\/v2\/posts\/179503\/revisions"}],"wp:featuredmedia":[{"embeddable":true,"href":"https:\/\/www.hoymercedes.com.ar\/principal\/wp-json\/wp\/v2\/media\/179504"}],"wp:attachment":[{"href":"https:\/\/www.hoymercedes.com.ar\/principal\/wp-json\/wp\/v2\/media?parent=179503"}],"wp:term":[{"taxonomy":"category","embeddable":true,"href":"https:\/\/www.hoymercedes.com.ar\/principal\/wp-json\/wp\/v2\/categories?post=179503"},{"taxonomy":"post_tag","embeddable":true,"href":"https:\/\/www.hoymercedes.com.ar\/principal\/wp-json\/wp\/v2\/tags?post=179503"}],"curies":[{"name":"wp","href":"https:\/\/api.w.org\/{rel}","templated":true}]}}