{"id":179535,"date":"2024-10-12T21:14:04","date_gmt":"2024-10-13T00:14:04","guid":{"rendered":"https:\/\/www.hoymercedes.com.ar\/principal\/?p=179535"},"modified":"2024-10-12T21:14:06","modified_gmt":"2024-10-13T00:14:06","slug":"cayo-club-mercedes-de-local-ante-central-cordoba","status":"publish","type":"post","link":"https:\/\/www.hoymercedes.com.ar\/principal\/2024\/10\/12\/cayo-club-mercedes-de-local-ante-central-cordoba\/","title":{"rendered":"Cay\u00f3 Club Mercedes de local ante Central C\u00f3rdoba"},"content":{"rendered":"\n<p>En la Lga Mercedina por la 17\u00b0 fecha del torneo de primera C perdi\u00f3 ante Central C\u00f3rdoba. Esta derrota lo deja en un lugar muy complicado en la tabla, donde hace varias fechas viene sumando muy pocos puntos.<\/p>\n\n\n\n<p>El partido fue t\u00edpico de la divisi\u00f3n: dif\u00edcil, trabajo, donde las ventajas no fueron elocuentes para ninguno, sin embargo, en esta ocasi\u00f3n, Central C\u00f3rdoba dio una mejor imagen, m\u00e1s armado y prolijo, obteniendo el gol a los 13 del primer tiempo, siendo suficiente para ganar el encuentro y llevarse los 3 tantos.<\/p>\n\n\n\n<p>Club Mercedes qued\u00f3 ahora con 13 puntos en el puesto 23 de 25 solo arriba de Atl\u00e9tico Lugano con 12 y Deportivo Paraguayo con 6 quedando s\u00f3lo 8 fechas para la finalizaci\u00f3n del torneo. No le queda otra a los de Mena que empezar a sumar.<\/p>\n\n\n\n<p><strong>Club Mercedes<\/strong><\/p>\n\n\n\n<p>Mat\u00edas Caputo, Hern\u00e1n Pineda, Joaqu\u00edn Cejas, Mart\u00edn Cejas, Mar\u00edn Zuccaro, Gonzalo Pullido, Ulises Bustos, Tom\u00e1s Chaparro, Santiago Romagnoli, Rodrigo Torres, Franco Gatti y Santiago Austeri<\/p>\n\n\n\n<p>Amonestados:<\/p>\n\n\n\n<p>Cambios: Almada por Gatti (70) &#8211; Rey por Torres (83)<\/p>\n\n\n\n<p>DT: Oscar Mena<\/p>\n\n\n\n<p><strong>Central C\u00f3rdoba<\/strong><\/p>\n\n\n\n<p>Ignacio Colombo, Francisco Dur\u00e9, Paulo Killer, Ignacio Bogino, Mario Senra, Patricio Madero, Gonzalo G\u00f3mez, Sim\u00f3n Sierra, Facundo Mar\u00edn, Agust\u00edn Pr\u00edncipe, Pablo Vrajican<\/p>\n\n\n\n<p>Amonestados: Mar\u00edn &#8211; Cruz &#8211; Ger\u00e9z<\/p>\n\n\n\n<p>Cambios Lucero por Cejas (46) &#8211; Cruz por Pineda &#8211; Gerez por Bustos (46) &#8211; P\u00e9rez por Dur\u00e9 (67) &#8211; Flores por Pr\u00edncipe (80)<\/p>\n\n\n\n<p>DT: Daniel Teglia<\/p>\n\n\n\n<p>Estadio Liga Mercedina<\/p>\n\n\n\n<p>Fecha: 17.<\/p>\n","protected":false},"excerpt":{"rendered":"<p>En la Lga Mercedina por la 17\u00b0 fecha del torneo de primera C perdi\u00f3 ante Central C\u00f3rdoba. Esta derrota lo &#8230; <a title=\"Cay\u00f3 Club Mercedes de local ante Central C\u00f3rdoba\" class=\"read-more\" href=\"https:\/\/www.hoymercedes.com.ar\/principal\/2024\/10\/12\/cayo-club-mercedes-de-local-ante-central-cordoba\/\" aria-label=\"Leer m\u00e1s sobre Cay\u00f3 Club Mercedes de local ante Central C\u00f3rdoba\">Leer m\u00e1s<\/a><\/p>\n","protected":false},"author":1,"featured_media":176512,"comment_status":"closed","ping_status":"open","sticky":false,"template":"","format":"standard","meta":{"_monsterinsights_skip_tracking":false,"_monsterinsights_sitenote_active":false,"_monsterinsights_sitenote_note":"","_monsterinsights_sitenote_category":0,"jetpack_post_was_ever_published":false,"_jetpack_newsletter_access":"","_jetpack_dont_email_post_to_subs":false,"_jetpack_newsletter_tier_id":0,"_jetpack_memberships_contains_paywalled_content":false,"_jetpack_memberships_contains_paid_content":false,"footnotes":"","jetpack_publicize_message":"","jetpack_publicize_feature_enabled":true,"jetpack_social_post_already_shared":true,"jetpack_social_options":{"image_generator_settings":{"template":"highway","default_image_id":0,"font":"","enabled":false},"version":2},"_wpas_customize_per_network":false},"categories":[21],"tags":[19131,19848,1901,10725],"class_list":["post-179535","post","type-post","status-publish","format-standard","has-post-thumbnail","hentry","category-deportes","tag-club-mercedes-primera-c-2","tag-club-mercedes-vs-central-cordoba","tag-liga-mercedina","tag-primera-c","generate-columns","tablet-grid-50","mobile-grid-100","grid-parent","grid-50"],"jetpack_publicize_connections":[],"jetpack_featured_media_url":"https:\/\/www.hoymercedes.com.ar\/principal\/wp-content\/uploads\/2024\/06\/ClubMercedes-CentralBallester.2.jpg","wps_subtitle":"","jetpack_sharing_enabled":true,"_links":{"self":[{"href":"https:\/\/www.hoymercedes.com.ar\/principal\/wp-json\/wp\/v2\/posts\/179535","targetHints":{"allow":["GET"]}}],"collection":[{"href":"https:\/\/www.hoymercedes.com.ar\/principal\/wp-json\/wp\/v2\/posts"}],"about":[{"href":"https:\/\/www.hoymercedes.com.ar\/principal\/wp-json\/wp\/v2\/types\/post"}],"author":[{"embeddable":true,"href":"https:\/\/www.hoymercedes.com.ar\/principal\/wp-json\/wp\/v2\/users\/1"}],"replies":[{"embeddable":true,"href":"https:\/\/www.hoymercedes.com.ar\/principal\/wp-json\/wp\/v2\/comments?post=179535"}],"version-history":[{"count":0,"href":"https:\/\/www.hoymercedes.com.ar\/principal\/wp-json\/wp\/v2\/posts\/179535\/revisions"}],"wp:featuredmedia":[{"embeddable":true,"href":"https:\/\/www.hoymercedes.com.ar\/principal\/wp-json\/wp\/v2\/media\/176512"}],"wp:attachment":[{"href":"https:\/\/www.hoymercedes.com.ar\/principal\/wp-json\/wp\/v2\/media?parent=179535"}],"wp:term":[{"taxonomy":"category","embeddable":true,"href":"https:\/\/www.hoymercedes.com.ar\/principal\/wp-json\/wp\/v2\/categories?post=179535"},{"taxonomy":"post_tag","embeddable":true,"href":"https:\/\/www.hoymercedes.com.ar\/principal\/wp-json\/wp\/v2\/tags?post=179535"}],"curies":[{"name":"wp","href":"https:\/\/api.w.org\/{rel}","templated":true}]}}