{"id":179570,"date":"2024-10-14T10:35:00","date_gmt":"2024-10-14T13:35:00","guid":{"rendered":"https:\/\/www.hoymercedes.com.ar\/principal\/?p=179570"},"modified":"2024-10-14T08:39:24","modified_gmt":"2024-10-14T11:39:24","slug":"se-viene-destino-gin-en-la-trocha","status":"publish","type":"post","link":"https:\/\/www.hoymercedes.com.ar\/principal\/2024\/10\/14\/se-viene-destino-gin-en-la-trocha\/","title":{"rendered":"Se viene \u201cDestino Gin\u201d en La Trocha"},"content":{"rendered":"\n<figure class=\"wp-block-image size-large\"><img loading=\"lazy\" decoding=\"async\" width=\"1024\" height=\"682\" data-attachment-id=\"179571\" data-permalink=\"https:\/\/www.hoymercedes.com.ar\/principal\/2024\/10\/14\/se-viene-destino-gin-en-la-trocha\/whatsapp-image-2024-10-10-at-21-27-25\/#main\" data-orig-file=\"https:\/\/www.hoymercedes.com.ar\/principal\/wp-content\/uploads\/2024\/10\/WhatsApp-Image-2024-10-10-at-21.27.25.jpeg\" data-orig-size=\"1319,879\" data-comments-opened=\"0\" data-image-meta=\"{&quot;aperture&quot;:&quot;0&quot;,&quot;credit&quot;:&quot;&quot;,&quot;camera&quot;:&quot;&quot;,&quot;caption&quot;:&quot;&quot;,&quot;created_timestamp&quot;:&quot;0&quot;,&quot;copyright&quot;:&quot;&quot;,&quot;focal_length&quot;:&quot;0&quot;,&quot;iso&quot;:&quot;0&quot;,&quot;shutter_speed&quot;:&quot;0&quot;,&quot;title&quot;:&quot;&quot;,&quot;orientation&quot;:&quot;0&quot;}\" data-image-title=\"Destino Gin en Mercedes\" data-image-description=\"&lt;p&gt;Destino Gin en Mercedes&lt;\/p&gt;\n\" data-image-caption=\"&lt;p&gt;Destino Gin en Mercedes&lt;\/p&gt;\n\" data-large-file=\"https:\/\/www.hoymercedes.com.ar\/principal\/wp-content\/uploads\/2024\/10\/WhatsApp-Image-2024-10-10-at-21.27.25-1024x682.jpeg\" src=\"https:\/\/www.hoymercedes.com.ar\/principal\/wp-content\/uploads\/2024\/10\/WhatsApp-Image-2024-10-10-at-21.27.25-1024x682.jpeg\" alt=\"\" class=\"wp-image-179571\" srcset=\"https:\/\/www.hoymercedes.com.ar\/principal\/wp-content\/uploads\/2024\/10\/WhatsApp-Image-2024-10-10-at-21.27.25-1024x682.jpeg 1024w, https:\/\/www.hoymercedes.com.ar\/principal\/wp-content\/uploads\/2024\/10\/WhatsApp-Image-2024-10-10-at-21.27.25-630x420.jpeg 630w, https:\/\/www.hoymercedes.com.ar\/principal\/wp-content\/uploads\/2024\/10\/WhatsApp-Image-2024-10-10-at-21.27.25-150x100.jpeg 150w, https:\/\/www.hoymercedes.com.ar\/principal\/wp-content\/uploads\/2024\/10\/WhatsApp-Image-2024-10-10-at-21.27.25-700x465.jpeg 700w, https:\/\/www.hoymercedes.com.ar\/principal\/wp-content\/uploads\/2024\/10\/WhatsApp-Image-2024-10-10-at-21.27.25.jpeg 1319w\" sizes=\"auto, (max-width: 1024px) 100vw, 1024px\" \/><\/figure>\n\n\n\n<p>En el marco de actividades con el objetivo de promover el trabajo, la cultura, el turismo y el encuentro de las y los mercedinos la <strong>Municipalidad de Mercedes<\/strong> program\u00f3 una novedosa velada el pr\u00f3ximo <strong>19 de octubre<\/strong> en La Trocha. Se denomina <strong>\u201cDestino Gin\u201d<\/strong> y buscar\u00e1 conozcamos un poco m\u00e1s y disfrutemos de la producci\u00f3n local de la bebida.<\/p>\n\n\n\n<p>Aunque quiz\u00e1s todos no lo sepan en Mercedes hay una larga tradici\u00f3n de producci\u00f3n de Gin, especialmente en la zona de quintas, como Altamira y Jofr\u00e9.<\/p>\n\n\n\n<p>Con los a\u00f1os algunas familias, especialmente de la mano de los j\u00f3venes, retomaron la tradici\u00f3n de su elaboraci\u00f3n e iniciaron el complejo camino de su producci\u00f3n.<\/p>\n\n\n\n<p>Los fabricantes locales de Gin ya han tenido sus primeros encuentros con el p\u00fablico, tanto local como tur\u00edstico, en fiestas populares, Mercado Sustentable y Paseo de la Plaza Domingo Silvano de Jofr\u00e9.<\/p>\n\n\n\n<p>Ahora lleg\u00f3 el momento de que tengan su primera noche dedicada. Es por ello que \u201cGin Cestari\u201d, \u201cGin Criollo\u201d y \u201cGin H\u00e9ctor\u201d ultiman los detalles junto a la Municipalidad de Mercedes en una nueva noche que, novedosa, se suma al calendario de encuentros en la ciudad.<\/p>\n\n\n\n<p>La propuesta, donde se conocer\u00e1n m\u00e1s detalles en estos d\u00edas, ser\u00e1 desde hora de la tarde, con m\u00fasica, gastronom\u00eda y la estrella de la noche: el Gin Mercedino.<\/p>\n","protected":false},"excerpt":{"rendered":"<p>En el marco de actividades con el objetivo de promover el trabajo, la cultura, el turismo y el encuentro de &#8230; <a title=\"Se viene \u201cDestino Gin\u201d en La Trocha\" class=\"read-more\" href=\"https:\/\/www.hoymercedes.com.ar\/principal\/2024\/10\/14\/se-viene-destino-gin-en-la-trocha\/\" aria-label=\"Leer m\u00e1s sobre Se viene \u201cDestino Gin\u201d en La Trocha\">Leer m\u00e1s<\/a><\/p>\n","protected":false},"author":1,"featured_media":179571,"comment_status":"closed","ping_status":"open","sticky":false,"template":"","format":"standard","meta":{"_monsterinsights_skip_tracking":false,"_monsterinsights_sitenote_active":false,"_monsterinsights_sitenote_note":"","_monsterinsights_sitenote_category":0,"jetpack_post_was_ever_published":false,"_jetpack_newsletter_access":"","_jetpack_dont_email_post_to_subs":false,"_jetpack_newsletter_tier_id":0,"_jetpack_memberships_contains_paywalled_content":false,"_jetpack_memberships_contains_paid_content":false,"footnotes":"","jetpack_publicize_message":"","jetpack_publicize_feature_enabled":true,"jetpack_social_post_already_shared":true,"jetpack_social_options":{"image_generator_settings":{"template":"highway","default_image_id":0,"font":"","enabled":false},"version":2},"_wpas_customize_per_network":false},"categories":[8],"tags":[],"class_list":["post-179570","post","type-post","status-publish","format-standard","has-post-thumbnail","hentry","category-sociedad","generate-columns","tablet-grid-50","mobile-grid-100","grid-parent","grid-50"],"jetpack_publicize_connections":[],"jetpack_featured_media_url":"https:\/\/www.hoymercedes.com.ar\/principal\/wp-content\/uploads\/2024\/10\/WhatsApp-Image-2024-10-10-at-21.27.25.jpeg","wps_subtitle":"Fiestas Populares","jetpack_sharing_enabled":true,"_links":{"self":[{"href":"https:\/\/www.hoymercedes.com.ar\/principal\/wp-json\/wp\/v2\/posts\/179570","targetHints":{"allow":["GET"]}}],"collection":[{"href":"https:\/\/www.hoymercedes.com.ar\/principal\/wp-json\/wp\/v2\/posts"}],"about":[{"href":"https:\/\/www.hoymercedes.com.ar\/principal\/wp-json\/wp\/v2\/types\/post"}],"author":[{"embeddable":true,"href":"https:\/\/www.hoymercedes.com.ar\/principal\/wp-json\/wp\/v2\/users\/1"}],"replies":[{"embeddable":true,"href":"https:\/\/www.hoymercedes.com.ar\/principal\/wp-json\/wp\/v2\/comments?post=179570"}],"version-history":[{"count":0,"href":"https:\/\/www.hoymercedes.com.ar\/principal\/wp-json\/wp\/v2\/posts\/179570\/revisions"}],"wp:featuredmedia":[{"embeddable":true,"href":"https:\/\/www.hoymercedes.com.ar\/principal\/wp-json\/wp\/v2\/media\/179571"}],"wp:attachment":[{"href":"https:\/\/www.hoymercedes.com.ar\/principal\/wp-json\/wp\/v2\/media?parent=179570"}],"wp:term":[{"taxonomy":"category","embeddable":true,"href":"https:\/\/www.hoymercedes.com.ar\/principal\/wp-json\/wp\/v2\/categories?post=179570"},{"taxonomy":"post_tag","embeddable":true,"href":"https:\/\/www.hoymercedes.com.ar\/principal\/wp-json\/wp\/v2\/tags?post=179570"}],"curies":[{"name":"wp","href":"https:\/\/api.w.org\/{rel}","templated":true}]}}