{"id":17961,"date":"2012-11-18T02:45:47","date_gmt":"2012-11-18T02:45:47","guid":{"rendered":"http:\/\/www.hoymercedes.com.ar\/principal\/?p=17961"},"modified":"2012-11-18T02:46:52","modified_gmt":"2012-11-18T02:46:52","slug":"partido-socialista-de-mercedes-invita-a-encuentro-nacional-del-fap","status":"publish","type":"post","link":"https:\/\/www.hoymercedes.com.ar\/principal\/2012\/11\/18\/partido-socialista-de-mercedes-invita-a-encuentro-nacional-del-fap\/","title":{"rendered":"Partido Socialista de Mercedes invita a Encuentro Nacional del FAP"},"content":{"rendered":"<p><a href=\"https:\/\/www.hoymercedes.com.ar\/principal\/wp-content\/uploads\/2012\/11\/fap-mercedes.jpg\"><img loading=\"lazy\" decoding=\"async\" data-attachment-id=\"17963\" data-permalink=\"https:\/\/www.hoymercedes.com.ar\/principal\/2012\/11\/18\/partido-socialista-de-mercedes-invita-a-encuentro-nacional-del-fap\/fap-mercedes\/#main\" data-orig-file=\"https:\/\/www.hoymercedes.com.ar\/principal\/wp-content\/uploads\/2012\/11\/fap-mercedes.jpg\" data-orig-size=\"618,439\" data-comments-opened=\"1\" data-image-meta=\"{&quot;aperture&quot;:&quot;0&quot;,&quot;credit&quot;:&quot;&quot;,&quot;camera&quot;:&quot;&quot;,&quot;caption&quot;:&quot;&quot;,&quot;created_timestamp&quot;:&quot;0&quot;,&quot;copyright&quot;:&quot;&quot;,&quot;focal_length&quot;:&quot;0&quot;,&quot;iso&quot;:&quot;0&quot;,&quot;shutter_speed&quot;:&quot;0&quot;,&quot;title&quot;:&quot;&quot;}\" data-image-title=\"fap-mercedes\" data-image-description=\"\" data-image-caption=\"\" data-large-file=\"https:\/\/www.hoymercedes.com.ar\/principal\/wp-content\/uploads\/2012\/11\/fap-mercedes.jpg\" class=\"aligncenter size-full wp-image-17963\" title=\"fap-mercedes\" src=\"https:\/\/www.hoymercedes.com.ar\/principal\/wp-content\/uploads\/2012\/11\/fap-mercedes.jpg\" alt=\"\" width=\"618\" height=\"439\" \/><\/a><\/p>\n<p>Desde hace unos meses que venimos escuchando en los diferentes medios de comunicaci\u00f3n tanto nacionales como locales sobre la falta de propuestas por parte de la oposici\u00f3n, a quienes se nos acusa de no generar propuestas alternativas al oficialismo. Desde el Partido Socialista de Mercedes siempre hemos manifestado que nuestro accionar\u00a0pol\u00edtico\u00a0se basa en la construcci\u00f3n de una oposici\u00f3n responsable y constructiva, respetuosa de las voluntades populares y siempre abierta al dialogo, a pesar de sufrir ataques permanentes e injustificados hemos acompa\u00f1ado las mediadas que consideramos que son de car\u00e1cter progresista y hemos rechazado aquellas que no lo son, siempre con argumentos y presentaci\u00f3n de alternativas, como en el caso de la nueva ley de ART y el voto a los 16 a\u00f1os.<\/p>\n<p>Es en ese marco que durante todo el a\u00f1o 2012 hemos venido trabajando en diferentes encuentros regionales la elaboraci\u00f3n de propuestas sobre diferentes ejes tem\u00e1ticos, los cuales forman parte de un Plan Estrat\u00e9gico de 20 a\u00f1os, que todas las fuerzas que integramos el Frente Amplio Progresista (Partido Socialista, GEN, Unidad Popular y Libres del Sur) presentaremos a la ciudadan\u00eda argentina el s\u00e1bado 24 de noviembre.<\/p>\n<p>Es por esto que queremos invitar a toda la ciudadan\u00eda al ENCUENTRO NACIONAL DEL FAP \u00abLa Argentina que queremos\u00bb 20 ideas estrat\u00e9gicas para 20 a\u00f1os, que se llevar\u00e1 a cabo el d\u00eda S\u00e1bado 24 de Noviembre de 2012 a partir de las 12 horas en Costa Salguero, Pebell\u00f3n 1, Av. Costanera R. Obligado y J. Salguero, Ciudad de Buenos Aires, donde hablaran nuestros referentes y que tiene la siguiente organizaci\u00f3n:<\/p>\n<p>12 horas. Ingreso.<\/p>\n<p>14 horas. Inicio. Presentaci\u00f3n art\u00edstica.<\/p>\n<p>14:30 horas. \u00ab20 ideas estrat\u00e9gicas para 20 a\u00f1os\u00bb<\/p>\n<p>\u00b7 Margarita Stolbizer: Un a\u00f1o de trabajo: Presente y Futuro del FAP.<\/p>\n<p>\u00b7 Luis Juez: Nuevo Federalismo Cooperativo.<\/p>\n<p>\u00b7 Humberto Tumini: Derechos Sociales y Medioambiente.<\/p>\n<p>\u00b7 V\u00edctor De Gennaro: Trabajo y Producci\u00f3n.<\/p>\n<p>15:30 horas. Presentaci\u00f3n audiovisual: \u00abForos Regionales del FAP\u00bb.<\/p>\n<p>16 horas. \u201dLa Argentina que queremos\u201d<\/p>\n<p>\u00b7 Hermes Binner<\/p>\n","protected":false},"excerpt":{"rendered":"<p>Desde hace unos meses que venimos escuchando en los diferentes medios de comunicaci\u00f3n tanto nacionales como locales sobre la falta &#8230; <a title=\"Partido Socialista de Mercedes invita a Encuentro Nacional del FAP\" class=\"read-more\" href=\"https:\/\/www.hoymercedes.com.ar\/principal\/2012\/11\/18\/partido-socialista-de-mercedes-invita-a-encuentro-nacional-del-fap\/\" aria-label=\"Leer m\u00e1s sobre Partido Socialista de Mercedes invita a Encuentro Nacional del FAP\">Leer m\u00e1s<\/a><\/p>\n","protected":false},"author":1,"featured_media":0,"comment_status":"open","ping_status":"open","sticky":false,"template":"","format":"standard","meta":{"_monsterinsights_skip_tracking":false,"_monsterinsights_sitenote_active":false,"_monsterinsights_sitenote_note":"","_monsterinsights_sitenote_category":0,"jetpack_post_was_ever_published":false,"_jetpack_newsletter_access":"","_jetpack_dont_email_post_to_subs":false,"_jetpack_newsletter_tier_id":0,"_jetpack_memberships_contains_paywalled_content":false,"_jetpack_memberships_contains_paid_content":false,"footnotes":"","jetpack_publicize_message":"","jetpack_publicize_feature_enabled":true,"jetpack_social_post_already_shared":false,"jetpack_social_options":{"image_generator_settings":{"template":"highway","default_image_id":0,"font":"","enabled":false},"version":2},"_wpas_customize_per_network":false},"categories":[5],"tags":[2985,2401],"class_list":["post-17961","post","type-post","status-publish","format-standard","hentry","category-politica","tag-fap-mercedes","tag-partido-socialista-mercedes","generate-columns","tablet-grid-50","mobile-grid-100","grid-parent","grid-50"],"jetpack_publicize_connections":[],"jetpack_featured_media_url":"","wps_subtitle":"","jetpack_sharing_enabled":true,"_links":{"self":[{"href":"https:\/\/www.hoymercedes.com.ar\/principal\/wp-json\/wp\/v2\/posts\/17961","targetHints":{"allow":["GET"]}}],"collection":[{"href":"https:\/\/www.hoymercedes.com.ar\/principal\/wp-json\/wp\/v2\/posts"}],"about":[{"href":"https:\/\/www.hoymercedes.com.ar\/principal\/wp-json\/wp\/v2\/types\/post"}],"author":[{"embeddable":true,"href":"https:\/\/www.hoymercedes.com.ar\/principal\/wp-json\/wp\/v2\/users\/1"}],"replies":[{"embeddable":true,"href":"https:\/\/www.hoymercedes.com.ar\/principal\/wp-json\/wp\/v2\/comments?post=17961"}],"version-history":[{"count":0,"href":"https:\/\/www.hoymercedes.com.ar\/principal\/wp-json\/wp\/v2\/posts\/17961\/revisions"}],"wp:attachment":[{"href":"https:\/\/www.hoymercedes.com.ar\/principal\/wp-json\/wp\/v2\/media?parent=17961"}],"wp:term":[{"taxonomy":"category","embeddable":true,"href":"https:\/\/www.hoymercedes.com.ar\/principal\/wp-json\/wp\/v2\/categories?post=17961"},{"taxonomy":"post_tag","embeddable":true,"href":"https:\/\/www.hoymercedes.com.ar\/principal\/wp-json\/wp\/v2\/tags?post=17961"}],"curies":[{"name":"wp","href":"https:\/\/api.w.org\/{rel}","templated":true}]}}