{"id":179632,"date":"2024-10-15T22:10:17","date_gmt":"2024-10-16T01:10:17","guid":{"rendered":"https:\/\/www.hoymercedes.com.ar\/principal\/?p=179632"},"modified":"2024-10-15T22:10:18","modified_gmt":"2024-10-16T01:10:18","slug":"capacitan-a-remiseros-y-taxistas-en-politicas-de-genero","status":"publish","type":"post","link":"https:\/\/www.hoymercedes.com.ar\/principal\/2024\/10\/15\/capacitan-a-remiseros-y-taxistas-en-politicas-de-genero\/","title":{"rendered":"Capacitan a remiseros y taxistas en pol\u00edticas de g\u00e9nero"},"content":{"rendered":"\n<figure class=\"wp-block-image size-large\"><img loading=\"lazy\" decoding=\"async\" width=\"1024\" height=\"768\" data-attachment-id=\"179633\" data-permalink=\"https:\/\/www.hoymercedes.com.ar\/principal\/2024\/10\/15\/capacitan-a-remiseros-y-taxistas-en-politicas-de-genero\/b-10\/#main\" data-orig-file=\"https:\/\/www.hoymercedes.com.ar\/principal\/wp-content\/uploads\/2024\/10\/B.jpg\" data-orig-size=\"1600,1200\" data-comments-opened=\"0\" data-image-meta=\"{&quot;aperture&quot;:&quot;0&quot;,&quot;credit&quot;:&quot;&quot;,&quot;camera&quot;:&quot;&quot;,&quot;caption&quot;:&quot;&quot;,&quot;created_timestamp&quot;:&quot;0&quot;,&quot;copyright&quot;:&quot;&quot;,&quot;focal_length&quot;:&quot;0&quot;,&quot;iso&quot;:&quot;0&quot;,&quot;shutter_speed&quot;:&quot;0&quot;,&quot;title&quot;:&quot;&quot;,&quot;orientation&quot;:&quot;0&quot;}\" data-image-title=\"Capacitan a remiseros y taxistas en pol\u00edticas de g\u00e9nero\" data-image-description=\"&lt;p&gt;Capacitan a remiseros y taxistas en pol\u00edticas de g\u00e9nero&lt;\/p&gt;\n\" data-image-caption=\"&lt;p&gt;Capacitan a remiseros y taxistas en pol\u00edticas de g\u00e9nero&lt;\/p&gt;\n\" data-large-file=\"https:\/\/www.hoymercedes.com.ar\/principal\/wp-content\/uploads\/2024\/10\/B-1024x768.jpg\" src=\"https:\/\/www.hoymercedes.com.ar\/principal\/wp-content\/uploads\/2024\/10\/B-1024x768.jpg\" alt=\"\" class=\"wp-image-179633\" srcset=\"https:\/\/www.hoymercedes.com.ar\/principal\/wp-content\/uploads\/2024\/10\/B-1024x768.jpg 1024w, https:\/\/www.hoymercedes.com.ar\/principal\/wp-content\/uploads\/2024\/10\/B-630x473.jpg 630w, https:\/\/www.hoymercedes.com.ar\/principal\/wp-content\/uploads\/2024\/10\/B-150x113.jpg 150w, https:\/\/www.hoymercedes.com.ar\/principal\/wp-content\/uploads\/2024\/10\/B-1536x1152.jpg 1536w, https:\/\/www.hoymercedes.com.ar\/principal\/wp-content\/uploads\/2024\/10\/B.jpg 1600w\" sizes=\"auto, (max-width: 1024px) 100vw, 1024px\" \/><\/figure>\n\n\n\n<p>En trabajo en conjunto entre G\u00e9nero y Seguridad se realiz\u00f3 la primera tanda de capacitaci\u00f3n a las y los remiseros y taxistas de la ciudad en el marco de la Ley Micaela. Hubo charla, debate, talleres y encuentro en La Trocha. Casi 160 agentes del transporte de la ciudad fueron capacitados.<\/p>\n\n\n\n<p><strong>Guadalupe Gonz\u00e1lez<\/strong> coment\u00f3 que \u201cterminamos el primer tramo de certificaciones para 160 transportistas p\u00fablicos en el marco de la Ley Micaela que venimos profundizando desde distintas \u00e1reas de la municipalidad y en esta ocasi\u00f3n en un tr abajo en conjunto con el \u00e1rea de Seguridad\u201d<\/p>\n\n\n\n<p>\u201cCon el equipo a cargo de Marcos, Ana y Maxi fueron protagonistas de estas capacitaciones con una din\u00e1mica de participaciones para poder reflexionar, informarnos y formarnos sobre las violencias por motivos de g\u00e9nero\u201d expres\u00f3 la licenciada&nbsp; Gonz\u00e1lez, a cargo de la Direcci\u00f3n de Pol\u00edticas de G\u00e9nero.<\/p>\n\n\n\n<figure class=\"wp-block-image size-large\"><img loading=\"lazy\" decoding=\"async\" width=\"1024\" height=\"768\" data-attachment-id=\"179634\" data-permalink=\"https:\/\/www.hoymercedes.com.ar\/principal\/2024\/10\/15\/capacitan-a-remiseros-y-taxistas-en-politicas-de-genero\/c-3\/#main\" data-orig-file=\"https:\/\/www.hoymercedes.com.ar\/principal\/wp-content\/uploads\/2024\/10\/C.jpg\" data-orig-size=\"1600,1200\" data-comments-opened=\"0\" data-image-meta=\"{&quot;aperture&quot;:&quot;0&quot;,&quot;credit&quot;:&quot;&quot;,&quot;camera&quot;:&quot;&quot;,&quot;caption&quot;:&quot;&quot;,&quot;created_timestamp&quot;:&quot;0&quot;,&quot;copyright&quot;:&quot;&quot;,&quot;focal_length&quot;:&quot;0&quot;,&quot;iso&quot;:&quot;0&quot;,&quot;shutter_speed&quot;:&quot;0&quot;,&quot;title&quot;:&quot;&quot;,&quot;orientation&quot;:&quot;0&quot;}\" data-image-title=\"Capacitan a remiseros y taxistas en pol\u00edticas de g\u00e9nero\" data-image-description=\"&lt;p&gt;Capacitan a remiseros y taxistas en pol\u00edticas de g\u00e9nero&lt;\/p&gt;\n\" data-image-caption=\"&lt;p&gt;Capacitan a remiseros y taxistas en pol\u00edticas de g\u00e9nero&lt;\/p&gt;\n\" data-large-file=\"https:\/\/www.hoymercedes.com.ar\/principal\/wp-content\/uploads\/2024\/10\/C-1024x768.jpg\" src=\"https:\/\/www.hoymercedes.com.ar\/principal\/wp-content\/uploads\/2024\/10\/C-1024x768.jpg\" alt=\"\" class=\"wp-image-179634\" srcset=\"https:\/\/www.hoymercedes.com.ar\/principal\/wp-content\/uploads\/2024\/10\/C-1024x768.jpg 1024w, https:\/\/www.hoymercedes.com.ar\/principal\/wp-content\/uploads\/2024\/10\/C-630x473.jpg 630w, https:\/\/www.hoymercedes.com.ar\/principal\/wp-content\/uploads\/2024\/10\/C-150x113.jpg 150w, https:\/\/www.hoymercedes.com.ar\/principal\/wp-content\/uploads\/2024\/10\/C-1536x1152.jpg 1536w, https:\/\/www.hoymercedes.com.ar\/principal\/wp-content\/uploads\/2024\/10\/C.jpg 1600w\" sizes=\"auto, (max-width: 1024px) 100vw, 1024px\" \/><\/figure>\n\n\n\n<p>Antes de finalizar remarc\u00f3 que \u201csiempre tratamos de ser extensivos a las y los distintos agentes de nuestra comunidad y en este caso profundizando hacia servidores p\u00fablicos, como son remises y taxis\u201d<\/p>\n\n\n\n<p>El Dr.<strong> Mat\u00edas Maresca<\/strong> coment\u00f3 que \u201cagradecemos a las y los taxistas y al equipo de g\u00e9nero y seguridad por el trabajo en conjunto, comprometido, donde la Ley es obligatoria para los tres poderes del Estado y extenderla a otras instituciones y agendes de servicio resulta muy valioso como comunidad, para trabajar y construir en unidad una sociedad mejor\u201d dijo el secretario de seguridad municipal<\/p>\n\n\n\n<p><strong>Ana De Cunto<\/strong>, una de las capacitadoras, coment\u00f3 que \u201csiempre es muy fruct\u00edfero poder capacitar en la tem\u00e1tica de g\u00e9nero y diversidades, por suerte las y los taxistas han aceptado y se han sumado a la propuesta, con debate, reflexi\u00f3n, planteando lo generacional, lo nuevo, lo emergente, y esto es lo mejor que nos puede pasar, el intercambio y el inter\u00e9s de las personas que se sumaron a la propuesta activamente\u201d expres\u00f3 quien integra el \u00e1rea.<\/p>\n\n\n\n<p><strong>Maximiliano Gim\u00e9nez<\/strong> coment\u00f3 que \u201celegimos el formato taller, no una clase te\u00f3rica, justamente para que sea participativo, con actividades y un trabajo en conjunto\u201d sostuvo y remarc\u00f3 \u201chan tenido un compromiso muy activo en el espacio, lo que nos facilita mucho el trabajo\u201d sostuvo.<\/p>\n","protected":false},"excerpt":{"rendered":"<p>En trabajo en conjunto entre G\u00e9nero y Seguridad se realiz\u00f3 la primera tanda de capacitaci\u00f3n a las y los remiseros &#8230; <a title=\"Capacitan a remiseros y taxistas en pol\u00edticas de g\u00e9nero\" class=\"read-more\" href=\"https:\/\/www.hoymercedes.com.ar\/principal\/2024\/10\/15\/capacitan-a-remiseros-y-taxistas-en-politicas-de-genero\/\" aria-label=\"Leer m\u00e1s sobre Capacitan a remiseros y taxistas en pol\u00edticas de g\u00e9nero\">Leer m\u00e1s<\/a><\/p>\n","protected":false},"author":1,"featured_media":179634,"comment_status":"closed","ping_status":"open","sticky":false,"template":"","format":"standard","meta":{"_monsterinsights_skip_tracking":false,"_monsterinsights_sitenote_active":false,"_monsterinsights_sitenote_note":"","_monsterinsights_sitenote_category":0,"jetpack_post_was_ever_published":false,"_jetpack_newsletter_access":"","_jetpack_dont_email_post_to_subs":false,"_jetpack_newsletter_tier_id":0,"_jetpack_memberships_contains_paywalled_content":false,"_jetpack_memberships_contains_paid_content":false,"footnotes":"","jetpack_publicize_message":"","jetpack_publicize_feature_enabled":true,"jetpack_social_post_already_shared":true,"jetpack_social_options":{"image_generator_settings":{"template":"highway","default_image_id":0,"font":"","enabled":false},"version":2},"_wpas_customize_per_network":false},"categories":[8],"tags":[19865,18280,19044,19864,11080,19251],"class_list":["post-179632","post","type-post","status-publish","format-standard","has-post-thumbnail","hentry","category-sociedad","tag-direccion-de-generos","tag-guadalupe-gonzalez","tag-matias-maresca-2","tag-politicas-de-gebero-2","tag-secretaria-de-seguridad","tag-victor-palazzo","generate-columns","tablet-grid-50","mobile-grid-100","grid-parent","grid-50"],"jetpack_publicize_connections":[],"jetpack_featured_media_url":"https:\/\/www.hoymercedes.com.ar\/principal\/wp-content\/uploads\/2024\/10\/C.jpg","wps_subtitle":"Mejor sociedad ","jetpack_sharing_enabled":true,"_links":{"self":[{"href":"https:\/\/www.hoymercedes.com.ar\/principal\/wp-json\/wp\/v2\/posts\/179632","targetHints":{"allow":["GET"]}}],"collection":[{"href":"https:\/\/www.hoymercedes.com.ar\/principal\/wp-json\/wp\/v2\/posts"}],"about":[{"href":"https:\/\/www.hoymercedes.com.ar\/principal\/wp-json\/wp\/v2\/types\/post"}],"author":[{"embeddable":true,"href":"https:\/\/www.hoymercedes.com.ar\/principal\/wp-json\/wp\/v2\/users\/1"}],"replies":[{"embeddable":true,"href":"https:\/\/www.hoymercedes.com.ar\/principal\/wp-json\/wp\/v2\/comments?post=179632"}],"version-history":[{"count":0,"href":"https:\/\/www.hoymercedes.com.ar\/principal\/wp-json\/wp\/v2\/posts\/179632\/revisions"}],"wp:featuredmedia":[{"embeddable":true,"href":"https:\/\/www.hoymercedes.com.ar\/principal\/wp-json\/wp\/v2\/media\/179634"}],"wp:attachment":[{"href":"https:\/\/www.hoymercedes.com.ar\/principal\/wp-json\/wp\/v2\/media?parent=179632"}],"wp:term":[{"taxonomy":"category","embeddable":true,"href":"https:\/\/www.hoymercedes.com.ar\/principal\/wp-json\/wp\/v2\/categories?post=179632"},{"taxonomy":"post_tag","embeddable":true,"href":"https:\/\/www.hoymercedes.com.ar\/principal\/wp-json\/wp\/v2\/tags?post=179632"}],"curies":[{"name":"wp","href":"https:\/\/api.w.org\/{rel}","templated":true}]}}