{"id":179638,"date":"2024-10-16T07:23:00","date_gmt":"2024-10-16T10:23:00","guid":{"rendered":"https:\/\/www.hoymercedes.com.ar\/principal\/?p=179638"},"modified":"2024-10-16T00:54:35","modified_gmt":"2024-10-16T03:54:35","slug":"lgante-justicia-mercedina-determinara-si-vuelve-o-no-a-prision","status":"publish","type":"post","link":"https:\/\/www.hoymercedes.com.ar\/principal\/2024\/10\/16\/lgante-justicia-mercedina-determinara-si-vuelve-o-no-a-prision\/","title":{"rendered":"L\u00b4Gante: Justicia mercedina determinar\u00e1 si vuelve o no a prisi\u00f3n"},"content":{"rendered":"\n<p>Finalizadas las jornadas previstas para el juicio se inici\u00f3 el camino para que se determine si es o no condenado. El reconocido m\u00fasico espera el veredicto en libertad. El viernes se har\u00e1 la lectura de los alegatos. Poco despu\u00e9s se conocer\u00e1 la sentencia. <\/p>\n\n\n\n<p>Desde la defensa de L\u00b4Gante destacaron que no hay riesgo de fuga, por eso es correcto est\u00e9 en libertad esperando el dictamen.<\/p>\n\n\n\n<p>Por su parte la parte acusadora hab\u00eda opinado que su libertad pod\u00eda entorpecer el proceso.<\/p>\n\n\n\n<p>En la causa se analizan posibles \u00abamenazas, privaci\u00f3n ilegal de la libertad, amenazas calificada, tenencia simple de estupefacientes y encubrimiento calificado\u00bb en perjuicio de Dar\u00edo Torres y una mujer.<\/p>\n\n\n\n<p>Las instancias judiciales se dan en el Tribunal Criminal n\u00famero 3 de Mercedes.<\/p>\n","protected":false},"excerpt":{"rendered":"<p>Finalizadas las jornadas previstas para el juicio se inici\u00f3 el camino para que se determine si es o no condenado. &#8230; <a title=\"L\u00b4Gante: Justicia mercedina determinar\u00e1 si vuelve o no a prisi\u00f3n\" class=\"read-more\" href=\"https:\/\/www.hoymercedes.com.ar\/principal\/2024\/10\/16\/lgante-justicia-mercedina-determinara-si-vuelve-o-no-a-prision\/\" aria-label=\"Leer m\u00e1s sobre L\u00b4Gante: Justicia mercedina determinar\u00e1 si vuelve o no a prisi\u00f3n\">Leer m\u00e1s<\/a><\/p>\n","protected":false},"author":1,"featured_media":179429,"comment_status":"closed","ping_status":"open","sticky":false,"template":"","format":"standard","meta":{"_monsterinsights_skip_tracking":false,"_monsterinsights_sitenote_active":false,"_monsterinsights_sitenote_note":"","_monsterinsights_sitenote_category":0,"jetpack_post_was_ever_published":false,"_jetpack_newsletter_access":"","_jetpack_dont_email_post_to_subs":false,"_jetpack_newsletter_tier_id":0,"_jetpack_memberships_contains_paywalled_content":false,"_jetpack_memberships_contains_paid_content":false,"footnotes":"","jetpack_publicize_message":"","jetpack_publicize_feature_enabled":true,"jetpack_social_post_already_shared":true,"jetpack_social_options":{"image_generator_settings":{"template":"highway","default_image_id":0,"font":"","enabled":false},"version":2},"_wpas_customize_per_network":false},"categories":[8],"tags":[19866,12474,19867],"class_list":["post-179638","post","type-post","status-publish","format-standard","has-post-thumbnail","hentry","category-sociedad","tag-juicio-lgante","tag-justicia-de-mercedes","tag-veredicto-lgante","generate-columns","tablet-grid-50","mobile-grid-100","grid-parent","grid-50"],"jetpack_publicize_connections":[],"jetpack_featured_media_url":"https:\/\/www.hoymercedes.com.ar\/principal\/wp-content\/uploads\/2024\/10\/L-Gante-Juicio.webp","wps_subtitle":"","jetpack_sharing_enabled":true,"_links":{"self":[{"href":"https:\/\/www.hoymercedes.com.ar\/principal\/wp-json\/wp\/v2\/posts\/179638","targetHints":{"allow":["GET"]}}],"collection":[{"href":"https:\/\/www.hoymercedes.com.ar\/principal\/wp-json\/wp\/v2\/posts"}],"about":[{"href":"https:\/\/www.hoymercedes.com.ar\/principal\/wp-json\/wp\/v2\/types\/post"}],"author":[{"embeddable":true,"href":"https:\/\/www.hoymercedes.com.ar\/principal\/wp-json\/wp\/v2\/users\/1"}],"replies":[{"embeddable":true,"href":"https:\/\/www.hoymercedes.com.ar\/principal\/wp-json\/wp\/v2\/comments?post=179638"}],"version-history":[{"count":0,"href":"https:\/\/www.hoymercedes.com.ar\/principal\/wp-json\/wp\/v2\/posts\/179638\/revisions"}],"wp:featuredmedia":[{"embeddable":true,"href":"https:\/\/www.hoymercedes.com.ar\/principal\/wp-json\/wp\/v2\/media\/179429"}],"wp:attachment":[{"href":"https:\/\/www.hoymercedes.com.ar\/principal\/wp-json\/wp\/v2\/media?parent=179638"}],"wp:term":[{"taxonomy":"category","embeddable":true,"href":"https:\/\/www.hoymercedes.com.ar\/principal\/wp-json\/wp\/v2\/categories?post=179638"},{"taxonomy":"post_tag","embeddable":true,"href":"https:\/\/www.hoymercedes.com.ar\/principal\/wp-json\/wp\/v2\/tags?post=179638"}],"curies":[{"name":"wp","href":"https:\/\/api.w.org\/{rel}","templated":true}]}}