{"id":179654,"date":"2024-10-18T18:52:00","date_gmt":"2024-10-18T21:52:00","guid":{"rendered":"https:\/\/www.hoymercedes.com.ar\/principal\/?p=179654"},"modified":"2024-10-16T19:50:14","modified_gmt":"2024-10-16T22:50:14","slug":"desde-el-lunes-21-recibiran-las-pinturas-para-el-salon-de-abogados","status":"publish","type":"post","link":"https:\/\/www.hoymercedes.com.ar\/principal\/2024\/10\/18\/desde-el-lunes-21-recibiran-las-pinturas-para-el-salon-de-abogados\/","title":{"rendered":"Desde el lunes 21, recibir\u00e1n las pinturas para el Sal\u00f3n de Abogados"},"content":{"rendered":"\n<p>Desde el lunes 21 hasta el viernes 25 de octubre inclusive, se recibir\u00e1n la obras para el Sal\u00f3n Anual de Pintura 39\u00b0 Aniversario que organiza el Colegio de Abogados del Departamento Judicial de Mercedes. El s\u00e1bado 26 actuar\u00e1n los jurados de admisi\u00f3n para la muestra y adjudicaci\u00f3n de los premios, entre los que se destaca el primer premio adquisici\u00f3n.<\/p>\n\n\n\n<figure class=\"wp-block-image size-full is-resized\"><img loading=\"lazy\" decoding=\"async\" width=\"842\" height=\"595\" data-attachment-id=\"179655\" data-permalink=\"https:\/\/www.hoymercedes.com.ar\/principal\/2024\/10\/18\/desde-el-lunes-21-recibiran-las-pinturas-para-el-salon-de-abogados\/image-90\/#main\" data-orig-file=\"https:\/\/www.hoymercedes.com.ar\/principal\/wp-content\/uploads\/2024\/10\/image-1.png\" data-orig-size=\"842,595\" data-comments-opened=\"0\" data-image-meta=\"{&quot;aperture&quot;:&quot;0&quot;,&quot;credit&quot;:&quot;&quot;,&quot;camera&quot;:&quot;&quot;,&quot;caption&quot;:&quot;&quot;,&quot;created_timestamp&quot;:&quot;0&quot;,&quot;copyright&quot;:&quot;&quot;,&quot;focal_length&quot;:&quot;0&quot;,&quot;iso&quot;:&quot;0&quot;,&quot;shutter_speed&quot;:&quot;0&quot;,&quot;title&quot;:&quot;&quot;,&quot;orientation&quot;:&quot;0&quot;}\" data-image-title=\"image\" data-image-description=\"\" data-image-caption=\"\" data-large-file=\"https:\/\/www.hoymercedes.com.ar\/principal\/wp-content\/uploads\/2024\/10\/image-1.png\" src=\"https:\/\/www.hoymercedes.com.ar\/principal\/wp-content\/uploads\/2024\/10\/image-1.png\" alt=\"\" class=\"wp-image-179655\" style=\"width:960px;height:auto\" srcset=\"https:\/\/www.hoymercedes.com.ar\/principal\/wp-content\/uploads\/2024\/10\/image-1.png 842w, https:\/\/www.hoymercedes.com.ar\/principal\/wp-content\/uploads\/2024\/10\/image-1-630x445.png 630w, https:\/\/www.hoymercedes.com.ar\/principal\/wp-content\/uploads\/2024\/10\/image-1-150x106.png 150w, https:\/\/www.hoymercedes.com.ar\/principal\/wp-content\/uploads\/2024\/10\/image-1-120x85.png 120w\" sizes=\"auto, (max-width: 842px) 100vw, 842px\" \/><\/figure>\n\n\n\n<p>De acuerdo a la informaci\u00f3n brindad por el Colegio, la recepci\u00f3n de las obras pict\u00f3ricas ser\u00e1 toda la semana entre las 8:30 y las 13 horas. En tanto, en la tarde del s\u00e1bado actuar\u00e1 el jurado. Mientras que el s\u00e1bado 2 de noviembre, 19 horas, se har\u00e1 la inauguraci\u00f3n oficial de la muestra con la entrega de premios. La exposici\u00f3n estar\u00e1 abierta al p\u00fablico desde el lunes 4 al viernes 8 de noviembre, en hora de la ma\u00f1ana. <\/p>\n\n\n\n<p>En cuanto a los premios, se estableci\u00f3 que el primer premio adquisici\u00f3n es de 500 mil pesos. En tanto, habr\u00e1 segundo, tercero y cuarto premio, que al igual que el primero recibir\u00e1 medalla y diploma. Adem\u00e1s el Jurado podr\u00e1 otorgar Menciones especiales a las obras que considere re\u00fanan m\u00e9ritos suficientes. Las menciones no implican orden de prelaci\u00f3n.<\/p>\n\n\n\n<p>Los jurados a cargo de la selecci\u00f3n y premiaci\u00f3n son: <br><strong>Eduardo Stupia<\/strong>, quien desde 1986, ejerce la docencia en Artes Visuales y act\u00faa como jurado en premios municipales y nacionales, as\u00ed como en festivales cinematogr\u00e1ficos. Se destaca como cr\u00edtico de arte, escribiendo numerosas rese\u00f1as sobre artistas, exposiciones y notas sobre est\u00e9tica y pol\u00edticas del arte, tanto en medios locales como internacionales. Tambi\u00e9n ha incursionado en otras disciplinas art\u00edsticas, como la\u00a0ilustraci\u00f3n\u00a0y la\u00a0escultura. Su trabajo es considerado una referencia en el\u00a0arte contempor\u00e1neo argentino, destacando como uno de los artistas argentinos m\u00e1s destacados de su generaci\u00f3n.<\/p>\n\n\n\n<p>&nbsp;<strong>Carlos Arnaiz <\/strong>Naci\u00f3 en Buenos Aires en 1948 y estudi\u00f3 en la Escuela de Bellas Artes Manuel Belgrano. Entre 1978 y 1996 vivi\u00f3 en Madrid y Hamburgo. Realiz\u00f3 numerosas exposiciones colectivas e individuales en distintas instituciones nacionales e internacionales desde 1968. Una de las \u00faltimas exhibiciones m\u00e1s destacadas fue la que tuvo lugar en el MACLA, Museo de Arte Contempor\u00e1neo Latinoamericano de La Plata en octubre de 2014. Recibi\u00f3 numerosos premios a lo largo de su carrera, podemos destacar: Segundo Premio del Sal\u00f3n Nacional Argentino en la categor\u00eda Dibujo en el a\u00f1o 2007 y Primer Premio Adquisici\u00f3n del Sal\u00f3n Nacional de Artes Visuales Argentino en la categor\u00eda de Pintura en 2015. Particip\u00f3, y contin\u00faa haci\u00e9ndolo, en numerosas ferias internacionales, como, por ejemplo: ArteBA (Feria de Arte Contempor\u00e1neo de Buenos Aires), ARCO (Feria de Arte Contempor\u00e1neo de Madrid); Pinta Art Fair de New York; Art R\u00edo (Feria de Arte Contempor\u00e1neo de R\u00edo de Janeiro); SP Arte (Feria de Arte Contempor\u00e1neo de San Pablo); Art Basel Miami Beach y Art Basel Hong Kong, entre otras. Actualmente vive y trabaja en Buenos Aires.<\/p>\n\n\n\n<p><strong>Pablo Blasberg<\/strong> Es un ilustrador y artista pl\u00e1stico nacido en Buenos Aires en 1970,\u00a0residente en Mercedes desde 2004. En su adolescencia estudi\u00f3 pintura con Naum\u00a0Goijman, y dibujo con Carlos Garaycochea. A los 16 a\u00f1os empez\u00f3 a publicar sus\u00a0primeros trabajos como ilustrador, y a los 18 se incorpor\u00f3 al diario Clar\u00edn como\u00a0dibujante. Durante una d\u00e9cada trabaj\u00f3 en la redacci\u00f3n de los peri\u00f3dicos de mayor\u00a0venta de Argentina: Clar\u00edn (1988 \/ 1993) y La Naci\u00f3n (1993 \/ 1998), ilustrando las\u00a0noticias diarias. En 1998 se instal\u00f3 en Madrid, y desde all\u00ed comenz\u00f3 a publicar su obra en Europa, tanto\u00a0en peri\u00f3dicos como en revistas y libros. Fue colaborador permanente de los diarios\u00a0espa\u00f1oles El Mundo, El Pa\u00eds y ABC. En 2004 regres\u00f3 a la Argentina, desde donde continu\u00f3 publicando su obra\u00a0internacionalmente. \u00a0Entre 2016 y 2024\u00a0fue Jefe de Infograf\u00eda en la Agencia Nacional de Noticias T\u00e9lam.<\/p>\n\n\n\n<p><\/p>\n","protected":false},"excerpt":{"rendered":"<p>Desde el lunes 21 hasta el viernes 25 de octubre inclusive, se recibir\u00e1n la obras para el Sal\u00f3n Anual de &#8230; <a title=\"Desde el lunes 21, recibir\u00e1n las pinturas para el Sal\u00f3n de Abogados\" class=\"read-more\" href=\"https:\/\/www.hoymercedes.com.ar\/principal\/2024\/10\/18\/desde-el-lunes-21-recibiran-las-pinturas-para-el-salon-de-abogados\/\" aria-label=\"Leer m\u00e1s sobre Desde el lunes 21, recibir\u00e1n las pinturas para el Sal\u00f3n de Abogados\">Leer m\u00e1s<\/a><\/p>\n","protected":false},"author":1,"featured_media":179655,"comment_status":"closed","ping_status":"open","sticky":false,"template":"","format":"standard","meta":{"_monsterinsights_skip_tracking":false,"_monsterinsights_sitenote_active":false,"_monsterinsights_sitenote_note":"","_monsterinsights_sitenote_category":0,"jetpack_post_was_ever_published":false,"_jetpack_newsletter_access":"","_jetpack_dont_email_post_to_subs":false,"_jetpack_newsletter_tier_id":0,"_jetpack_memberships_contains_paywalled_content":false,"_jetpack_memberships_contains_paid_content":false,"footnotes":"","jetpack_publicize_message":"","jetpack_publicize_feature_enabled":true,"jetpack_social_post_already_shared":true,"jetpack_social_options":{"image_generator_settings":{"template":"highway","default_image_id":0,"font":"","enabled":false},"version":2},"_wpas_customize_per_network":false},"categories":[8],"tags":[],"class_list":["post-179654","post","type-post","status-publish","format-standard","has-post-thumbnail","hentry","category-sociedad","generate-columns","tablet-grid-50","mobile-grid-100","grid-parent","grid-50"],"jetpack_publicize_connections":[],"jetpack_featured_media_url":"https:\/\/www.hoymercedes.com.ar\/principal\/wp-content\/uploads\/2024\/10\/image-1.png","wps_subtitle":"","jetpack_sharing_enabled":true,"_links":{"self":[{"href":"https:\/\/www.hoymercedes.com.ar\/principal\/wp-json\/wp\/v2\/posts\/179654","targetHints":{"allow":["GET"]}}],"collection":[{"href":"https:\/\/www.hoymercedes.com.ar\/principal\/wp-json\/wp\/v2\/posts"}],"about":[{"href":"https:\/\/www.hoymercedes.com.ar\/principal\/wp-json\/wp\/v2\/types\/post"}],"author":[{"embeddable":true,"href":"https:\/\/www.hoymercedes.com.ar\/principal\/wp-json\/wp\/v2\/users\/1"}],"replies":[{"embeddable":true,"href":"https:\/\/www.hoymercedes.com.ar\/principal\/wp-json\/wp\/v2\/comments?post=179654"}],"version-history":[{"count":0,"href":"https:\/\/www.hoymercedes.com.ar\/principal\/wp-json\/wp\/v2\/posts\/179654\/revisions"}],"wp:featuredmedia":[{"embeddable":true,"href":"https:\/\/www.hoymercedes.com.ar\/principal\/wp-json\/wp\/v2\/media\/179655"}],"wp:attachment":[{"href":"https:\/\/www.hoymercedes.com.ar\/principal\/wp-json\/wp\/v2\/media?parent=179654"}],"wp:term":[{"taxonomy":"category","embeddable":true,"href":"https:\/\/www.hoymercedes.com.ar\/principal\/wp-json\/wp\/v2\/categories?post=179654"},{"taxonomy":"post_tag","embeddable":true,"href":"https:\/\/www.hoymercedes.com.ar\/principal\/wp-json\/wp\/v2\/tags?post=179654"}],"curies":[{"name":"wp","href":"https:\/\/api.w.org\/{rel}","templated":true}]}}