{"id":179687,"date":"2024-10-18T21:24:23","date_gmt":"2024-10-19T00:24:23","guid":{"rendered":"https:\/\/www.hoymercedes.com.ar\/principal\/?p=179687"},"modified":"2024-10-18T21:24:24","modified_gmt":"2024-10-19T00:24:24","slug":"birome-jazz-band-y-dj-santi-maraio-se-suman-al-destino-gin","status":"publish","type":"post","link":"https:\/\/www.hoymercedes.com.ar\/principal\/2024\/10\/18\/birome-jazz-band-y-dj-santi-maraio-se-suman-al-destino-gin\/","title":{"rendered":"Birome Jazz Band y Dj Santi Maraio se suman al \u201cDestino Gin\u201d"},"content":{"rendered":"\n<figure class=\"wp-block-image size-large\"><img loading=\"lazy\" decoding=\"async\" width=\"1024\" height=\"682\" data-attachment-id=\"179688\" data-permalink=\"https:\/\/www.hoymercedes.com.ar\/principal\/2024\/10\/18\/birome-jazz-band-y-dj-santi-maraio-se-suman-al-destino-gin\/santimaraio\/#main\" data-orig-file=\"https:\/\/www.hoymercedes.com.ar\/principal\/wp-content\/uploads\/2024\/10\/SantiMaraio.jpg\" data-orig-size=\"1319,879\" data-comments-opened=\"0\" data-image-meta=\"{&quot;aperture&quot;:&quot;0&quot;,&quot;credit&quot;:&quot;&quot;,&quot;camera&quot;:&quot;&quot;,&quot;caption&quot;:&quot;&quot;,&quot;created_timestamp&quot;:&quot;0&quot;,&quot;copyright&quot;:&quot;&quot;,&quot;focal_length&quot;:&quot;0&quot;,&quot;iso&quot;:&quot;0&quot;,&quot;shutter_speed&quot;:&quot;0&quot;,&quot;title&quot;:&quot;&quot;,&quot;orientation&quot;:&quot;0&quot;}\" data-image-title=\"Birome Jazz Band y Dj Santi Maraio se suman al \u201cDestino Gin\u201d\" data-image-description=\"&lt;p&gt;Birome Jazz Band y Dj Santi Maraio se suman al \u201cDestino Gin\u201d&lt;\/p&gt;\n\" data-image-caption=\"&lt;p&gt;Birome Jazz Band y Dj Santi Maraio se suman al \u201cDestino Gin\u201d&lt;\/p&gt;\n\" data-large-file=\"https:\/\/www.hoymercedes.com.ar\/principal\/wp-content\/uploads\/2024\/10\/SantiMaraio-1024x682.jpg\" src=\"https:\/\/www.hoymercedes.com.ar\/principal\/wp-content\/uploads\/2024\/10\/SantiMaraio-1024x682.jpg\" alt=\"\" class=\"wp-image-179688\" srcset=\"https:\/\/www.hoymercedes.com.ar\/principal\/wp-content\/uploads\/2024\/10\/SantiMaraio-1024x682.jpg 1024w, https:\/\/www.hoymercedes.com.ar\/principal\/wp-content\/uploads\/2024\/10\/SantiMaraio-630x420.jpg 630w, https:\/\/www.hoymercedes.com.ar\/principal\/wp-content\/uploads\/2024\/10\/SantiMaraio-150x100.jpg 150w, https:\/\/www.hoymercedes.com.ar\/principal\/wp-content\/uploads\/2024\/10\/SantiMaraio-700x465.jpg 700w, https:\/\/www.hoymercedes.com.ar\/principal\/wp-content\/uploads\/2024\/10\/SantiMaraio.jpg 1319w\" sizes=\"auto, (max-width: 1024px) 100vw, 1024px\" \/><\/figure>\n\n\n\n<p>Este s\u00e1bado en La Trocha se realizar\u00e1 la primera edici\u00f3n de \u201cDestino Gin\u201d donde los emprendedores mercedinos de la bebida estar\u00e1n presentando sus productos. Ser\u00e1 desde las 19.30hs con acceso libre y gratuito. M\u00fasica, gastronom\u00eda, tragos y un especial espacio preparado para la ocasi\u00f3n.<\/p>\n\n\n\n<p><strong>Propuesta&nbsp;&nbsp;&nbsp;&nbsp;&nbsp;&nbsp;&nbsp;&nbsp;&nbsp;&nbsp;&nbsp;&nbsp;&nbsp;&nbsp;&nbsp;&nbsp;&nbsp;&nbsp;&nbsp;&nbsp;&nbsp;&nbsp;&nbsp;&nbsp;&nbsp;&nbsp;&nbsp;&nbsp;&nbsp;&nbsp;&nbsp;&nbsp;&nbsp;&nbsp;&nbsp;&nbsp;<\/strong><\/p>\n\n\n\n<p>\u201cDestino Gin busca generar un punto de encuentro para disfrutar entre amigos, familias, escuchas m\u00fasica en vivo y degustar la producci\u00f3n e Gin de Mercedes que quiz\u00e1s a\u00fan no todos conocen y esta es una excelente oportunidad para continuar potenciando el trabajo, el arte, la cultura y el encuentro, tal como siempre nos insta el intendente Juani Usatroz\u201d, expres\u00f3 Francisco Dinova, Director de Turismo.<\/p>\n\n\n\n<p><strong>M\u00fasica<\/strong><\/p>\n\n\n\n<p>Adem\u00e1s de la generaci\u00f3n del ambiente creado para la ocasi\u00f3n se suma Birome Jazz Band para disfrutar de exquisita banda local y Dj Santi Maraio, reconocido exponente del ambiente que tuvo un reciente y exitoso paso por el Festival de Cerveceros.<\/p>\n\n\n\n<p>Trocha<\/p>\n\n\n\n<p>La propuesta ser\u00e1 en el Complejo Cultural La Trocha, con acceso totalmente libre y gratuito, con gastronom\u00eda, tragos y la vedette de la noche: el gin mercedino.<\/p>\n","protected":false},"excerpt":{"rendered":"<p>Este s\u00e1bado en La Trocha se realizar\u00e1 la primera edici\u00f3n de \u201cDestino Gin\u201d donde los emprendedores mercedinos de la bebida &#8230; <a title=\"Birome Jazz Band y Dj Santi Maraio se suman al \u201cDestino Gin\u201d\" class=\"read-more\" href=\"https:\/\/www.hoymercedes.com.ar\/principal\/2024\/10\/18\/birome-jazz-band-y-dj-santi-maraio-se-suman-al-destino-gin\/\" aria-label=\"Leer m\u00e1s sobre Birome Jazz Band y Dj Santi Maraio se suman al \u201cDestino Gin\u201d\">Leer m\u00e1s<\/a><\/p>\n","protected":false},"author":1,"featured_media":179688,"comment_status":"closed","ping_status":"open","sticky":false,"template":"","format":"standard","meta":{"_monsterinsights_skip_tracking":false,"_monsterinsights_sitenote_active":false,"_monsterinsights_sitenote_note":"","_monsterinsights_sitenote_category":0,"jetpack_post_was_ever_published":false,"_jetpack_newsletter_access":"","_jetpack_dont_email_post_to_subs":false,"_jetpack_newsletter_tier_id":0,"_jetpack_memberships_contains_paywalled_content":false,"_jetpack_memberships_contains_paid_content":false,"footnotes":"","jetpack_publicize_message":"","jetpack_publicize_feature_enabled":true,"jetpack_social_post_already_shared":true,"jetpack_social_options":{"image_generator_settings":{"template":"highway","default_image_id":0,"font":"","enabled":false},"version":2},"_wpas_customize_per_network":false},"categories":[7405],"tags":[19872,19870,3959],"class_list":["post-179687","post","type-post","status-publish","format-standard","has-post-thumbnail","hentry","category-cuarta","tag-destino-gin","tag-dj-santi-maraio","tag-la-trocha","generate-columns","tablet-grid-50","mobile-grid-100","grid-parent","grid-50"],"jetpack_publicize_connections":[],"jetpack_featured_media_url":"https:\/\/www.hoymercedes.com.ar\/principal\/wp-content\/uploads\/2024\/10\/SantiMaraio.jpg","wps_subtitle":"Encuentros populares","jetpack_sharing_enabled":true,"_links":{"self":[{"href":"https:\/\/www.hoymercedes.com.ar\/principal\/wp-json\/wp\/v2\/posts\/179687","targetHints":{"allow":["GET"]}}],"collection":[{"href":"https:\/\/www.hoymercedes.com.ar\/principal\/wp-json\/wp\/v2\/posts"}],"about":[{"href":"https:\/\/www.hoymercedes.com.ar\/principal\/wp-json\/wp\/v2\/types\/post"}],"author":[{"embeddable":true,"href":"https:\/\/www.hoymercedes.com.ar\/principal\/wp-json\/wp\/v2\/users\/1"}],"replies":[{"embeddable":true,"href":"https:\/\/www.hoymercedes.com.ar\/principal\/wp-json\/wp\/v2\/comments?post=179687"}],"version-history":[{"count":0,"href":"https:\/\/www.hoymercedes.com.ar\/principal\/wp-json\/wp\/v2\/posts\/179687\/revisions"}],"wp:featuredmedia":[{"embeddable":true,"href":"https:\/\/www.hoymercedes.com.ar\/principal\/wp-json\/wp\/v2\/media\/179688"}],"wp:attachment":[{"href":"https:\/\/www.hoymercedes.com.ar\/principal\/wp-json\/wp\/v2\/media?parent=179687"}],"wp:term":[{"taxonomy":"category","embeddable":true,"href":"https:\/\/www.hoymercedes.com.ar\/principal\/wp-json\/wp\/v2\/categories?post=179687"},{"taxonomy":"post_tag","embeddable":true,"href":"https:\/\/www.hoymercedes.com.ar\/principal\/wp-json\/wp\/v2\/tags?post=179687"}],"curies":[{"name":"wp","href":"https:\/\/api.w.org\/{rel}","templated":true}]}}