{"id":179723,"date":"2024-10-19T21:00:00","date_gmt":"2024-10-20T00:00:00","guid":{"rendered":"https:\/\/www.hoymercedes.com.ar\/principal\/?p=179723"},"modified":"2024-10-19T20:24:20","modified_gmt":"2024-10-19T23:24:20","slug":"refuerzo-de-la-limpieza-en-la-ciudad-con-programa-tu-barrio-limpio","status":"publish","type":"post","link":"https:\/\/www.hoymercedes.com.ar\/principal\/2024\/10\/19\/refuerzo-de-la-limpieza-en-la-ciudad-con-programa-tu-barrio-limpio\/","title":{"rendered":"Refuerzo de la limpieza en la ciudad con programa \u201cTu barrio limpio\u201d"},"content":{"rendered":"\n<figure class=\"wp-block-image size-large is-resized\"><img loading=\"lazy\" decoding=\"async\" width=\"819\" height=\"1024\" data-attachment-id=\"179724\" data-permalink=\"https:\/\/www.hoymercedes.com.ar\/principal\/2024\/10\/19\/refuerzo-de-la-limpieza-en-la-ciudad-con-programa-tu-barrio-limpio\/attachment\/125\/#main\" data-orig-file=\"https:\/\/www.hoymercedes.com.ar\/principal\/wp-content\/uploads\/2024\/10\/125.jpg\" data-orig-size=\"1440,1800\" data-comments-opened=\"0\" data-image-meta=\"{&quot;aperture&quot;:&quot;0&quot;,&quot;credit&quot;:&quot;&quot;,&quot;camera&quot;:&quot;&quot;,&quot;caption&quot;:&quot;&quot;,&quot;created_timestamp&quot;:&quot;0&quot;,&quot;copyright&quot;:&quot;&quot;,&quot;focal_length&quot;:&quot;0&quot;,&quot;iso&quot;:&quot;0&quot;,&quot;shutter_speed&quot;:&quot;0&quot;,&quot;title&quot;:&quot;&quot;,&quot;orientation&quot;:&quot;0&quot;}\" data-image-title=\"Refuerzo de la limpieza en la ciudad con programa \u201cTu barrio limpio\u201d\" data-image-description=\"&lt;p&gt;Refuerzo de la limpieza en la ciudad con programa \u201cTu barrio limpio\u201d&lt;\/p&gt;\n\" data-image-caption=\"&lt;p&gt;Refuerzo de la limpieza en la ciudad con programa \u201cTu barrio limpio\u201d&lt;\/p&gt;\n\" data-large-file=\"https:\/\/www.hoymercedes.com.ar\/principal\/wp-content\/uploads\/2024\/10\/125-819x1024.jpg\" src=\"https:\/\/www.hoymercedes.com.ar\/principal\/wp-content\/uploads\/2024\/10\/125-819x1024.jpg\" alt=\"Refuerzo de la limpieza en la ciudad con programa \u201cTu barrio limpio\u201d\" class=\"wp-image-179724\" style=\"width:960px;height:auto\" srcset=\"https:\/\/www.hoymercedes.com.ar\/principal\/wp-content\/uploads\/2024\/10\/125-819x1024.jpg 819w, https:\/\/www.hoymercedes.com.ar\/principal\/wp-content\/uploads\/2024\/10\/125-496x620.jpg 496w, https:\/\/www.hoymercedes.com.ar\/principal\/wp-content\/uploads\/2024\/10\/125-120x150.jpg 120w, https:\/\/www.hoymercedes.com.ar\/principal\/wp-content\/uploads\/2024\/10\/125-1229x1536.jpg 1229w, https:\/\/www.hoymercedes.com.ar\/principal\/wp-content\/uploads\/2024\/10\/125.jpg 1440w\" sizes=\"auto, (max-width: 819px) 100vw, 819px\" \/><\/figure>\n\n\n\n<p>La Subsecretar\u00eda de Servicios P\u00fablicos lanz\u00f3 un nuevo programa intensivo de limpieza en distintas zonas del Partido. Busca de esta manera sostener el ordenamiento, cuidado y sostenimiento ambiental, a la vez que se reitera la importancia del compromiso de la ciudadan\u00eda.<\/p>\n\n\n\n<p>\u201cTu barrio limpio\u201d es la acci\u00f3n que busca integral y hacer una fuerte intervenci\u00f3n focalizada con limpieza, corte de c\u00e9sped, zanjeo, descacharreo y poda, tambi\u00e9n contemplando la integralidad del plan anti dengue que se viene ejecutando.<\/p>\n\n\n\n<p>\u00abEstamos muy contentos de poder llevar adelante estas tareas porque sabemos que son soluciones concretas para muchos vecinos y vecinas. Hoy viernes comenzamos por los barrios San Martin y Mutti y la verdad es que muchos se acercaron a colaborar retirando materiales que ten\u00edan en sus domicilios\u201d destac\u00f3 el responsable del \u00e1rea, <strong>Luis Ponce.<\/strong><\/p>\n\n\n\n<figure class=\"wp-block-image size-large is-resized\"><img loading=\"lazy\" decoding=\"async\" width=\"819\" height=\"1024\" data-attachment-id=\"179725\" data-permalink=\"https:\/\/www.hoymercedes.com.ar\/principal\/2024\/10\/19\/refuerzo-de-la-limpieza-en-la-ciudad-con-programa-tu-barrio-limpio\/attachment\/126\/#main\" data-orig-file=\"https:\/\/www.hoymercedes.com.ar\/principal\/wp-content\/uploads\/2024\/10\/126.jpg\" data-orig-size=\"1440,1800\" data-comments-opened=\"0\" data-image-meta=\"{&quot;aperture&quot;:&quot;0&quot;,&quot;credit&quot;:&quot;&quot;,&quot;camera&quot;:&quot;&quot;,&quot;caption&quot;:&quot;&quot;,&quot;created_timestamp&quot;:&quot;0&quot;,&quot;copyright&quot;:&quot;&quot;,&quot;focal_length&quot;:&quot;0&quot;,&quot;iso&quot;:&quot;0&quot;,&quot;shutter_speed&quot;:&quot;0&quot;,&quot;title&quot;:&quot;&quot;,&quot;orientation&quot;:&quot;0&quot;}\" data-image-title=\"126\" data-image-description=\"\" data-image-caption=\"\" data-large-file=\"https:\/\/www.hoymercedes.com.ar\/principal\/wp-content\/uploads\/2024\/10\/126-819x1024.jpg\" src=\"https:\/\/www.hoymercedes.com.ar\/principal\/wp-content\/uploads\/2024\/10\/126-819x1024.jpg\" alt=\"Refuerzo de la limpieza en la ciudad con programa \u201cTu barrio limpio\u201d\" class=\"wp-image-179725\" style=\"width:961px;height:auto\" srcset=\"https:\/\/www.hoymercedes.com.ar\/principal\/wp-content\/uploads\/2024\/10\/126-819x1024.jpg 819w, https:\/\/www.hoymercedes.com.ar\/principal\/wp-content\/uploads\/2024\/10\/126-496x620.jpg 496w, https:\/\/www.hoymercedes.com.ar\/principal\/wp-content\/uploads\/2024\/10\/126-120x150.jpg 120w, https:\/\/www.hoymercedes.com.ar\/principal\/wp-content\/uploads\/2024\/10\/126-1229x1536.jpg 1229w, https:\/\/www.hoymercedes.com.ar\/principal\/wp-content\/uploads\/2024\/10\/126.jpg 1440w\" sizes=\"auto, (max-width: 819px) 100vw, 819px\" \/><\/figure>\n\n\n\n<p>Desde Servicios P\u00fablicos dieron a conocer que la continuidad de los trabajos tiene en su cronograma las siguientes fechas y barrios:<\/p>\n\n\n\n<ul class=\"wp-block-list\">\n<li>19 de Octubre: Lopardo y 12 de octubre<\/li>\n\n\n\n<li>25 y 26 de Octubre: Los Duraznos, Autoconstrucci\u00f3n y 3 de octubre<\/li>\n\n\n\n<li>1 de Noviembre: Ravello y Cimes<\/li>\n\n\n\n<li>2 de Noviembre: Irigoyen y Malvinas<\/li>\n\n\n\n<li>8 y 9 de Noviembre ; Soldado Balvidares y Amistad<\/li>\n<\/ul>\n\n\n\n<p>\u201cEs fundamental esta tarea, por la limpieza, el cuidado ambiental, el embellecimiento de los barrios, pero tambi\u00e9n para eliminar criaderos de mosquitos del dengue y roedores\u201d comentaron.<\/p>\n\n\n\n<p>\u201cQuisiera agradecer tambi\u00e9n a las sociedades de fomento por este trabajo en conjunto y en especial a Cooperativas Unidas de Mercedes por las tareas diarias que realizan en toda la ciudad que tambi\u00e9n se suman a estos trabajos\u00bb destac\u00f3 Ponce y dijo.<\/p>\n\n\n\n<p>En un sentido similar la Presidenta de la Sociedad de Fomento del Barrio San Mart\u00edn, <strong>Luciana Paj\u00f3n<\/strong> agradeci\u00f3 a todos los vecinos y vecinas que se sumaron a participar de esta campa\u00f1a c\u00f3mo as\u00ed tambi\u00e9n al subsecretario y al intendente <strong>Juan Ignacio Ustarroz<\/strong> por el inter\u00e9s y las gestiones pertinentes.<\/p>\n\n\n\n<p>Las acciones de Tu Barrio Limpio continuar\u00e1n y son parte de una planificaci\u00f3n que busca brindar m\u00e1s y mejores servicios a la ciudadan\u00eda.<\/p>\n","protected":false},"excerpt":{"rendered":"<p>La Subsecretar\u00eda de Servicios P\u00fablicos lanz\u00f3 un nuevo programa intensivo de limpieza en distintas zonas del Partido. Busca de esta &#8230; <a title=\"Refuerzo de la limpieza en la ciudad con programa \u201cTu barrio limpio\u201d\" class=\"read-more\" href=\"https:\/\/www.hoymercedes.com.ar\/principal\/2024\/10\/19\/refuerzo-de-la-limpieza-en-la-ciudad-con-programa-tu-barrio-limpio\/\" aria-label=\"Leer m\u00e1s sobre Refuerzo de la limpieza en la ciudad con programa \u201cTu barrio limpio\u201d\">Leer m\u00e1s<\/a><\/p>\n","protected":false},"author":1,"featured_media":179724,"comment_status":"closed","ping_status":"open","sticky":false,"template":"","format":"standard","meta":{"_monsterinsights_skip_tracking":false,"_monsterinsights_sitenote_active":false,"_monsterinsights_sitenote_note":"","_monsterinsights_sitenote_category":0,"jetpack_post_was_ever_published":false,"_jetpack_newsletter_access":"","_jetpack_dont_email_post_to_subs":false,"_jetpack_newsletter_tier_id":0,"_jetpack_memberships_contains_paywalled_content":false,"_jetpack_memberships_contains_paid_content":false,"footnotes":"","jetpack_publicize_message":"","jetpack_publicize_feature_enabled":true,"jetpack_social_post_already_shared":true,"jetpack_social_options":{"image_generator_settings":{"template":"highway","default_image_id":0,"font":"","enabled":false},"version":2},"_wpas_customize_per_network":false},"categories":[30],"tags":[16188,8628],"class_list":["post-179723","post","type-post","status-publish","format-standard","has-post-thumbnail","hentry","category-municipio","tag-luis-ponce","tag-servicios-publicos","generate-columns","tablet-grid-50","mobile-grid-100","grid-parent","grid-50"],"jetpack_publicize_connections":[],"jetpack_featured_media_url":"https:\/\/www.hoymercedes.com.ar\/principal\/wp-content\/uploads\/2024\/10\/125.jpg","wps_subtitle":"Ambiente y barrios","jetpack_sharing_enabled":true,"_links":{"self":[{"href":"https:\/\/www.hoymercedes.com.ar\/principal\/wp-json\/wp\/v2\/posts\/179723","targetHints":{"allow":["GET"]}}],"collection":[{"href":"https:\/\/www.hoymercedes.com.ar\/principal\/wp-json\/wp\/v2\/posts"}],"about":[{"href":"https:\/\/www.hoymercedes.com.ar\/principal\/wp-json\/wp\/v2\/types\/post"}],"author":[{"embeddable":true,"href":"https:\/\/www.hoymercedes.com.ar\/principal\/wp-json\/wp\/v2\/users\/1"}],"replies":[{"embeddable":true,"href":"https:\/\/www.hoymercedes.com.ar\/principal\/wp-json\/wp\/v2\/comments?post=179723"}],"version-history":[{"count":0,"href":"https:\/\/www.hoymercedes.com.ar\/principal\/wp-json\/wp\/v2\/posts\/179723\/revisions"}],"wp:featuredmedia":[{"embeddable":true,"href":"https:\/\/www.hoymercedes.com.ar\/principal\/wp-json\/wp\/v2\/media\/179724"}],"wp:attachment":[{"href":"https:\/\/www.hoymercedes.com.ar\/principal\/wp-json\/wp\/v2\/media?parent=179723"}],"wp:term":[{"taxonomy":"category","embeddable":true,"href":"https:\/\/www.hoymercedes.com.ar\/principal\/wp-json\/wp\/v2\/categories?post=179723"},{"taxonomy":"post_tag","embeddable":true,"href":"https:\/\/www.hoymercedes.com.ar\/principal\/wp-json\/wp\/v2\/tags?post=179723"}],"curies":[{"name":"wp","href":"https:\/\/api.w.org\/{rel}","templated":true}]}}