{"id":179885,"date":"2024-10-21T22:49:50","date_gmt":"2024-10-22T01:49:50","guid":{"rendered":"https:\/\/www.hoymercedes.com.ar\/principal\/?p=179885"},"modified":"2024-10-21T22:50:18","modified_gmt":"2024-10-22T01:50:18","slug":"comunicacion-eden-una-falla-afecto-el-servicio-en-el-barrio-ravello","status":"publish","type":"post","link":"https:\/\/www.hoymercedes.com.ar\/principal\/2024\/10\/21\/comunicacion-eden-una-falla-afecto-el-servicio-en-el-barrio-ravello\/","title":{"rendered":"Comunicaci\u00f3n EDEN: Una falla afect\u00f3 el servicio en el barrio Ravello"},"content":{"rendered":"\n<p>Desde la empresa de servicio de energ\u00eda electrica, comunicaron que una falla afect\u00f3 parte de la provisi\u00f3n de luz en el Barrio Ravello. La empresa advierte que la normalizaci\u00f3n del suministro el\u00e9ctrico puede demorar horas debido a la complejidad de las maniobras a realizar. <\/p>\n\n\n\n<p>Asimismo, informaron que \u00abalrededor de las 18 horas sali\u00f3 de servicio un\u00a0transformador\u00a0ubicado entre las calles 10 y 85 de la ciudad de\u00a0Mercedes\u00bb. <\/p>\n\n\n\n<p>\u00abDebido a esta falla, quedaron sin suministro el\u00e9ctrico los usuarios del barrio Ravello entre el cuadrante de calles 10, 77, 4 Bis y 87 Bis.Dada la\u00a0complejidad de la log\u00edstica, que incluye el traslado de un transformador nuevo de 160 kva, su montaje y puesta en servicio, desde EDEN advierten que la reposici\u00f3n del suministro\u00a0puede demorar algunas horas\u00bb resaltaron en la comunicaci\u00f3n enviada a los medios.<\/p>\n\n\n\n<figure class=\"wp-block-table\"><table class=\"has-fixed-layout\"><tbody><tr><td><\/td><\/tr><tr><td><\/td><\/tr><tr><td>.<\/td><\/tr><\/tbody><\/table><\/figure>\n","protected":false},"excerpt":{"rendered":"<p>Desde la empresa de servicio de energ\u00eda electrica, comunicaron que una falla afect\u00f3 parte de la provisi\u00f3n de luz en &#8230; <a title=\"Comunicaci\u00f3n EDEN: Una falla afect\u00f3 el servicio en el barrio Ravello\" class=\"read-more\" href=\"https:\/\/www.hoymercedes.com.ar\/principal\/2024\/10\/21\/comunicacion-eden-una-falla-afecto-el-servicio-en-el-barrio-ravello\/\" aria-label=\"Leer m\u00e1s sobre Comunicaci\u00f3n EDEN: Una falla afect\u00f3 el servicio en el barrio Ravello\">Leer m\u00e1s<\/a><\/p>\n","protected":false},"author":1,"featured_media":135770,"comment_status":"closed","ping_status":"open","sticky":false,"template":"","format":"standard","meta":{"_monsterinsights_skip_tracking":false,"_monsterinsights_sitenote_active":false,"_monsterinsights_sitenote_note":"","_monsterinsights_sitenote_category":0,"jetpack_post_was_ever_published":false,"_jetpack_newsletter_access":"","_jetpack_dont_email_post_to_subs":false,"_jetpack_newsletter_tier_id":0,"_jetpack_memberships_contains_paywalled_content":false,"_jetpack_memberships_contains_paid_content":false,"footnotes":"","jetpack_publicize_message":"","jetpack_publicize_feature_enabled":true,"jetpack_social_post_already_shared":true,"jetpack_social_options":{"image_generator_settings":{"template":"highway","default_image_id":0,"font":"","enabled":false},"version":2},"_wpas_customize_per_network":false},"categories":[8],"tags":[],"class_list":["post-179885","post","type-post","status-publish","format-standard","has-post-thumbnail","hentry","category-sociedad","generate-columns","tablet-grid-50","mobile-grid-100","grid-parent","grid-50"],"jetpack_publicize_connections":[],"jetpack_featured_media_url":"https:\/\/www.hoymercedes.com.ar\/principal\/wp-content\/uploads\/2021\/08\/EDEN-logoconclaim.jpg","wps_subtitle":"","jetpack_sharing_enabled":true,"_links":{"self":[{"href":"https:\/\/www.hoymercedes.com.ar\/principal\/wp-json\/wp\/v2\/posts\/179885","targetHints":{"allow":["GET"]}}],"collection":[{"href":"https:\/\/www.hoymercedes.com.ar\/principal\/wp-json\/wp\/v2\/posts"}],"about":[{"href":"https:\/\/www.hoymercedes.com.ar\/principal\/wp-json\/wp\/v2\/types\/post"}],"author":[{"embeddable":true,"href":"https:\/\/www.hoymercedes.com.ar\/principal\/wp-json\/wp\/v2\/users\/1"}],"replies":[{"embeddable":true,"href":"https:\/\/www.hoymercedes.com.ar\/principal\/wp-json\/wp\/v2\/comments?post=179885"}],"version-history":[{"count":0,"href":"https:\/\/www.hoymercedes.com.ar\/principal\/wp-json\/wp\/v2\/posts\/179885\/revisions"}],"wp:featuredmedia":[{"embeddable":true,"href":"https:\/\/www.hoymercedes.com.ar\/principal\/wp-json\/wp\/v2\/media\/135770"}],"wp:attachment":[{"href":"https:\/\/www.hoymercedes.com.ar\/principal\/wp-json\/wp\/v2\/media?parent=179885"}],"wp:term":[{"taxonomy":"category","embeddable":true,"href":"https:\/\/www.hoymercedes.com.ar\/principal\/wp-json\/wp\/v2\/categories?post=179885"},{"taxonomy":"post_tag","embeddable":true,"href":"https:\/\/www.hoymercedes.com.ar\/principal\/wp-json\/wp\/v2\/tags?post=179885"}],"curies":[{"name":"wp","href":"https:\/\/api.w.org\/{rel}","templated":true}]}}