{"id":179896,"date":"2024-10-22T00:06:17","date_gmt":"2024-10-22T03:06:17","guid":{"rendered":"https:\/\/www.hoymercedes.com.ar\/principal\/?p=179896"},"modified":"2024-10-22T00:06:55","modified_gmt":"2024-10-22T03:06:55","slug":"pj-mercedes-repudia-expresiones-violentad-de-javier-milei","status":"publish","type":"post","link":"https:\/\/www.hoymercedes.com.ar\/principal\/2024\/10\/22\/pj-mercedes-repudia-expresiones-violentad-de-javier-milei\/","title":{"rendered":"PJ Mercedes repudia expresiones violentas de Javier Milei"},"content":{"rendered":"\n<p>Repudiamos con toda nuestra energ\u00eda las violentas expresiones del Presidente de la Naci\u00f3n, Javier Milei, hacia la expresidenta Cristina Fern\u00e1ndez de Kirchner, en cuya figura, entre otras cosas, se agrupan sue\u00f1os cumplidos y por cumplir de millones de argentinos y argentinas.<\/p>\n\n\n\n<p>La violencia s\u00f3lo engendra m\u00e1s violencia. En cualquiera de sus formas: f\u00edsicas, psicol\u00f3gicas o verbales. Sutiles o brutales. Expresiones similares, sistematizadas desde m\u00faltiples sectores, terminaron tiempo atr\u00e1s con un intento de magnicidio contra la propia Cristina.&nbsp; Milei, como si lamentara que la bala no haya salido y el atentado fuera fallido, se regocija y especula ahora con la idea de \u201cmeterle el \u00faltimo clavo al caj\u00f3n del kirchnerismo con Cristina adentro\u201d.<\/p>\n\n\n\n<p>Es urgente y necesario que, con nuestras diferencias, volvamos a encontrar puntos de consenso para la construcci\u00f3n de una sociedad mejor. Es indispensable interrumpir este espiral de odio, de revanchismo y de desprecio antes de que sea demasiado tarde.<\/p>\n\n\n\n<p>La historia de nuestro pa\u00eds tiene innumerables ejemplos de angustia y de tragedia a los que no queremos regresar. Si a las pol\u00edticas de empobrecimiento y de miseria que impulsa el gobierno nacional se suma el aval a la violencia, verbalizado cotidianamente por el mism\u00edsimo Presidente de la Naci\u00f3n y muchos de los integrantes de su equipo, entonces no es dif\u00edcil advertir lo que viene o se aproxima. La pobreza y el hambre son un motor poderoso para el odio y el resentimiento: alimentar ese fuego con expresiones incendiarias es, por lo menos, una irresponsabilidad may\u00fascula. Nos negamos a creer que quieran provocar el caos o la desintegraci\u00f3n de una sociedad que siempre se caracteriz\u00f3 por su solidaridad y compromiso.<\/p>\n\n\n\n<p>Estamos convencidos de que los argentinos y las argentinas quieren vivir cada d\u00eda mejor, sin violencia ni peleas; y que, en cada una de las elecciones sucedidas desde la recuperaci\u00f3n de la democracia, en las urnas depositan esa esperanza y no otra cosa. Ponen un sobre con una ilusi\u00f3n adentro. Eso, en definitiva, es lo que reclamamos: defender esa esperanza, defender la democracia, defender cada quien sus ideales sin que signifique eliminar el pensamiento ajeno.<\/p>\n\n\n\n<p>Juan Pablo L\u00f3pez Baggio &#8211; Presidente<br>Mariana San Mart\u00edn &#8211; Vice Presidenta<\/p>\n","protected":false},"excerpt":{"rendered":"<p>Repudiamos con toda nuestra energ\u00eda las violentas expresiones del Presidente de la Naci\u00f3n, Javier Milei, hacia la expresidenta Cristina Fern\u00e1ndez &#8230; <a title=\"PJ Mercedes repudia expresiones violentas de Javier Milei\" class=\"read-more\" href=\"https:\/\/www.hoymercedes.com.ar\/principal\/2024\/10\/22\/pj-mercedes-repudia-expresiones-violentad-de-javier-milei\/\" aria-label=\"Leer m\u00e1s sobre PJ Mercedes repudia expresiones violentas de Javier Milei\">Leer m\u00e1s<\/a><\/p>\n","protected":false},"author":1,"featured_media":179897,"comment_status":"closed","ping_status":"open","sticky":false,"template":"","format":"standard","meta":{"_monsterinsights_skip_tracking":false,"_monsterinsights_sitenote_active":false,"_monsterinsights_sitenote_note":"","_monsterinsights_sitenote_category":0,"jetpack_post_was_ever_published":false,"_jetpack_newsletter_access":"","_jetpack_dont_email_post_to_subs":false,"_jetpack_newsletter_tier_id":0,"_jetpack_memberships_contains_paywalled_content":false,"_jetpack_memberships_contains_paid_content":false,"footnotes":"","jetpack_publicize_message":"","jetpack_publicize_feature_enabled":true,"jetpack_social_post_already_shared":true,"jetpack_social_options":{"image_generator_settings":{"template":"highway","default_image_id":0,"font":"","enabled":false},"version":2},"_wpas_customize_per_network":false},"categories":[8],"tags":[],"class_list":["post-179896","post","type-post","status-publish","format-standard","has-post-thumbnail","hentry","category-sociedad","generate-columns","tablet-grid-50","mobile-grid-100","grid-parent","grid-50"],"jetpack_publicize_connections":[],"jetpack_featured_media_url":"https:\/\/www.hoymercedes.com.ar\/principal\/wp-content\/uploads\/2024\/10\/Sin-titulo-1.jpg","wps_subtitle":"Violencia","jetpack_sharing_enabled":true,"_links":{"self":[{"href":"https:\/\/www.hoymercedes.com.ar\/principal\/wp-json\/wp\/v2\/posts\/179896","targetHints":{"allow":["GET"]}}],"collection":[{"href":"https:\/\/www.hoymercedes.com.ar\/principal\/wp-json\/wp\/v2\/posts"}],"about":[{"href":"https:\/\/www.hoymercedes.com.ar\/principal\/wp-json\/wp\/v2\/types\/post"}],"author":[{"embeddable":true,"href":"https:\/\/www.hoymercedes.com.ar\/principal\/wp-json\/wp\/v2\/users\/1"}],"replies":[{"embeddable":true,"href":"https:\/\/www.hoymercedes.com.ar\/principal\/wp-json\/wp\/v2\/comments?post=179896"}],"version-history":[{"count":0,"href":"https:\/\/www.hoymercedes.com.ar\/principal\/wp-json\/wp\/v2\/posts\/179896\/revisions"}],"wp:featuredmedia":[{"embeddable":true,"href":"https:\/\/www.hoymercedes.com.ar\/principal\/wp-json\/wp\/v2\/media\/179897"}],"wp:attachment":[{"href":"https:\/\/www.hoymercedes.com.ar\/principal\/wp-json\/wp\/v2\/media?parent=179896"}],"wp:term":[{"taxonomy":"category","embeddable":true,"href":"https:\/\/www.hoymercedes.com.ar\/principal\/wp-json\/wp\/v2\/categories?post=179896"},{"taxonomy":"post_tag","embeddable":true,"href":"https:\/\/www.hoymercedes.com.ar\/principal\/wp-json\/wp\/v2\/tags?post=179896"}],"curies":[{"name":"wp","href":"https:\/\/api.w.org\/{rel}","templated":true}]}}