{"id":179963,"date":"2024-10-25T10:10:00","date_gmt":"2024-10-25T13:10:00","guid":{"rendered":"https:\/\/www.hoymercedes.com.ar\/principal\/?p=179963"},"modified":"2024-10-25T01:11:29","modified_gmt":"2024-10-25T04:11:29","slug":"l-gante-se-acerca-la-hora-de-la-verdad","status":"publish","type":"post","link":"https:\/\/www.hoymercedes.com.ar\/principal\/2024\/10\/25\/l-gante-se-acerca-la-hora-de-la-verdad\/","title":{"rendered":"L-Gante: Se acerca la hora de la verdad"},"content":{"rendered":"\n<p>El pr\u00f3ximo lunes 28 de octubre a las 12 del mediod\u00eda se dar\u00e1 a conocer la sentencia en el juicio contra Eli\u00e1n Valenzuela, m\u00e1s conocido como L-Gante. El Tribunal en lo Criminal n\u00famero 3 de Mercedes definir\u00e1 la pena que deber\u00e1 cumplir el cantante, luego de haber sido acusado de amenazas, da\u00f1o y privaci\u00f3n de la libertad.<\/p>\n\n\n\n<p>Durante el juicio, la fiscal\u00eda solicit\u00f3 7 a\u00f1os de prisi\u00f3n para L-Gante, mientras que la defensa solicit\u00f3 la absoluci\u00f3n. Las querellas, por su parte, pidieron penas de 8 y 3 a\u00f1os de prisi\u00f3n efectiva.<\/p>\n\n\n\n<p>El caso ha generado gran expectativa en la opini\u00f3n p\u00fablica, y la resoluci\u00f3n judicial tendr\u00e1 un impacto significativo en la carrera del popular artista.<\/p>\n\n\n\n<p><strong>\u00bfQu\u00e9 sigue ahora?<\/strong><\/p>\n\n\n\n<p>El lunes 28 de octubre a las 12 hs: Se dar\u00e1 a conocer la sentencia.<\/p>\n\n\n\n<p>Los abogados de ambas partes: Esperar\u00e1n la decisi\u00f3n del tribunal para evaluar los pr\u00f3ximos pasos.<\/p>\n\n\n\n<p>L-Gante: Aguardar\u00e1 la resoluci\u00f3n judicial mientras contin\u00faa con su carrera musical.<\/p>\n","protected":false},"excerpt":{"rendered":"<p>El pr\u00f3ximo lunes 28 de octubre a las 12 del mediod\u00eda se dar\u00e1 a conocer la sentencia en el juicio &#8230; <a title=\"L-Gante: Se acerca la hora de la verdad\" class=\"read-more\" href=\"https:\/\/www.hoymercedes.com.ar\/principal\/2024\/10\/25\/l-gante-se-acerca-la-hora-de-la-verdad\/\" aria-label=\"Leer m\u00e1s sobre L-Gante: Se acerca la hora de la verdad\">Leer m\u00e1s<\/a><\/p>\n","protected":false},"author":1,"featured_media":179692,"comment_status":"closed","ping_status":"open","sticky":false,"template":"","format":"standard","meta":{"_monsterinsights_skip_tracking":false,"_monsterinsights_sitenote_active":false,"_monsterinsights_sitenote_note":"","_monsterinsights_sitenote_category":0,"jetpack_post_was_ever_published":false,"_jetpack_newsletter_access":"","_jetpack_dont_email_post_to_subs":false,"_jetpack_newsletter_tier_id":0,"_jetpack_memberships_contains_paywalled_content":false,"_jetpack_memberships_contains_paid_content":false,"footnotes":"","jetpack_publicize_message":"","jetpack_publicize_feature_enabled":true,"jetpack_social_post_already_shared":true,"jetpack_social_options":{"image_generator_settings":{"template":"highway","default_image_id":0,"font":"","enabled":false},"version":2},"_wpas_customize_per_network":false},"categories":[8],"tags":[19896,19897],"class_list":["post-179963","post","type-post","status-publish","format-standard","has-post-thumbnail","hentry","category-sociedad","tag-juicio-a-lgante","tag-sentencia-lgante","generate-columns","tablet-grid-50","mobile-grid-100","grid-parent","grid-50"],"jetpack_publicize_connections":[],"jetpack_featured_media_url":"https:\/\/www.hoymercedes.com.ar\/principal\/wp-content\/uploads\/2024\/10\/lgante-1080x675-1.webp","wps_subtitle":"Juicio en Mercedes","jetpack_sharing_enabled":true,"_links":{"self":[{"href":"https:\/\/www.hoymercedes.com.ar\/principal\/wp-json\/wp\/v2\/posts\/179963","targetHints":{"allow":["GET"]}}],"collection":[{"href":"https:\/\/www.hoymercedes.com.ar\/principal\/wp-json\/wp\/v2\/posts"}],"about":[{"href":"https:\/\/www.hoymercedes.com.ar\/principal\/wp-json\/wp\/v2\/types\/post"}],"author":[{"embeddable":true,"href":"https:\/\/www.hoymercedes.com.ar\/principal\/wp-json\/wp\/v2\/users\/1"}],"replies":[{"embeddable":true,"href":"https:\/\/www.hoymercedes.com.ar\/principal\/wp-json\/wp\/v2\/comments?post=179963"}],"version-history":[{"count":0,"href":"https:\/\/www.hoymercedes.com.ar\/principal\/wp-json\/wp\/v2\/posts\/179963\/revisions"}],"wp:featuredmedia":[{"embeddable":true,"href":"https:\/\/www.hoymercedes.com.ar\/principal\/wp-json\/wp\/v2\/media\/179692"}],"wp:attachment":[{"href":"https:\/\/www.hoymercedes.com.ar\/principal\/wp-json\/wp\/v2\/media?parent=179963"}],"wp:term":[{"taxonomy":"category","embeddable":true,"href":"https:\/\/www.hoymercedes.com.ar\/principal\/wp-json\/wp\/v2\/categories?post=179963"},{"taxonomy":"post_tag","embeddable":true,"href":"https:\/\/www.hoymercedes.com.ar\/principal\/wp-json\/wp\/v2\/tags?post=179963"}],"curies":[{"name":"wp","href":"https:\/\/api.w.org\/{rel}","templated":true}]}}