{"id":179987,"date":"2024-10-26T10:44:00","date_gmt":"2024-10-26T13:44:00","guid":{"rendered":"https:\/\/www.hoymercedes.com.ar\/principal\/?p=179987"},"modified":"2024-10-27T09:09:36","modified_gmt":"2024-10-27T12:09:36","slug":"abogados-ofrece-nuevo-buscador-de-jurisprudencia-departamental","status":"publish","type":"post","link":"https:\/\/www.hoymercedes.com.ar\/principal\/2024\/10\/26\/abogados-ofrece-nuevo-buscador-de-jurisprudencia-departamental\/","title":{"rendered":"Abogados ofrece nuevo buscador de jurisprudencia departamental"},"content":{"rendered":"\n<p><em>Desde el Colegio de Abogados del Departamento Judiicial Mercedes dieron cuenta de una nueva herramienta que  facilita la tarea profesional. Es una base de datos con fallos sumariados, etiquetados, y que posibilita el acceso a datos jurisprudenciales a nivel local. La Jurisprudencia proviene de fallos de la C\u00e1mara Civil Departamental, o de la C\u00e1mara Contencioso Administrativo de San Mart\u00edn, o de la SCBA. <\/em><\/p>\n\n\n\n<figure class=\"wp-block-image size-full\"><img loading=\"lazy\" decoding=\"async\" width=\"866\" height=\"487\" data-attachment-id=\"179988\" data-permalink=\"https:\/\/www.hoymercedes.com.ar\/principal\/2024\/10\/26\/abogados-ofrece-nuevo-buscador-de-jurisprudencia-departamental\/abogados-web\/#main\" data-orig-file=\"https:\/\/www.hoymercedes.com.ar\/principal\/wp-content\/uploads\/2024\/10\/abogados-web.jpg\" data-orig-size=\"866,487\" data-comments-opened=\"0\" data-image-meta=\"{&quot;aperture&quot;:&quot;0&quot;,&quot;credit&quot;:&quot;&quot;,&quot;camera&quot;:&quot;&quot;,&quot;caption&quot;:&quot;&quot;,&quot;created_timestamp&quot;:&quot;0&quot;,&quot;copyright&quot;:&quot;&quot;,&quot;focal_length&quot;:&quot;0&quot;,&quot;iso&quot;:&quot;0&quot;,&quot;shutter_speed&quot;:&quot;0&quot;,&quot;title&quot;:&quot;&quot;,&quot;orientation&quot;:&quot;0&quot;}\" data-image-title=\"abogados web\" data-image-description=\"\" data-image-caption=\"\" data-large-file=\"https:\/\/www.hoymercedes.com.ar\/principal\/wp-content\/uploads\/2024\/10\/abogados-web.jpg\" src=\"https:\/\/www.hoymercedes.com.ar\/principal\/wp-content\/uploads\/2024\/10\/abogados-web.jpg\" alt=\"\" class=\"wp-image-179988\" srcset=\"https:\/\/www.hoymercedes.com.ar\/principal\/wp-content\/uploads\/2024\/10\/abogados-web.jpg 866w, https:\/\/www.hoymercedes.com.ar\/principal\/wp-content\/uploads\/2024\/10\/abogados-web-630x354.jpg 630w, https:\/\/www.hoymercedes.com.ar\/principal\/wp-content\/uploads\/2024\/10\/abogados-web-150x84.jpg 150w\" sizes=\"auto, (max-width: 866px) 100vw, 866px\" \/><\/figure>\n\n\n\n<p>El Colegio de Abogados del Departamento Judicial de Mercedes se complace en anunciar el lanzamiento de su nuevo&nbsp;<strong>Buscador de Jurisprudencia Departamental<\/strong>, una herramienta dise\u00f1ada para facilitar el acceso a informaci\u00f3n jur\u00eddica de relevancia local en los fueros Civil, Comercial y de Familia. Este proyecto responde a la necesidad de contar con un acceso \u00e1gil, actualizado y de calidad a fallos y resoluciones que resultan de inter\u00e9s para los profesionales del derecho en nuestro departamento judicial.<\/p>\n\n\n\n<p>El buscador, que estar\u00e1 disponible a partir de hoy en la p\u00e1gina web del Colegio, es el resultado de un arduo trabajo que busca mejorar las herramientas al servicio de la abogac\u00eda, permitiendo a los matriculados acceder a un archivo digital de jurisprudencia departamental de manera r\u00e1pida y eficiente.<\/p>\n\n\n\n<p>Si bien el foco inicial est\u00e1 puesto en los fueros Civil, Comercial y de Familia, este es solo el comienzo de una iniciativa m\u00e1s amplia. A futuro, el buscador ser\u00e1 ampliado para incluir tambi\u00e9n jurisprudencia relevante en los fueros Contencioso Administrativo y Penal. De esta manera, se proyecta una herramienta integral, destinada a cubrir la mayor parte de las \u00e1reas de ejercicio profesional de nuestros colegas.<\/p>\n\n\n\n<p>Con este nuevo servicio, el Colegio de Abogados del Departamento Judicial de Mercedes refuerza su compromiso de proporcionar herramientas \u00fatiles y accesibles para el ejercicio profesional, mejorando la disponibilidad de informaci\u00f3n y contribuyendo al estudio y an\u00e1lisis de la jurisprudencia local.<\/p>\n\n\n\n<p>A su vez, el acceso a informaci\u00f3n de calidad respecto al funcionamiento de los \u00f3rganos de justicia departamentales fomenta la seguridad y previsi\u00f3n jur\u00eddica a la vez que deber\u00eda tender a unificar la jurisprudencia (incluso al facilitar el dictado de plenarios) dado que se priorizan puntualmente los fallos de las distintas salas de la C\u00e1mara Civil, Comercial y de Familia.<\/p>\n\n\n\n<p>Invitamos a todos los matriculados a utilizar este recurso y a estar atentos a futuras actualizaciones que continuar\u00e1n mejorando esta plataforma; como as\u00ed adem\u00e1s a acercarnos las sugerencias para su optimizaci\u00f3n.<\/p>\n\n\n\n<p>Mejorar el servicio de justicia tambi\u00e9n requiere la jerarquizaci\u00f3n de nuestro ejercicio profesional y, en esa empresa, sin lugar a dudas el acceso a jurisprudencia departamental es sumamente importante.<\/p>\n\n\n\n<p><strong>C\u00f3mo utilizar el buscador <\/strong><\/p>\n\n\n\n<p>El Buscador est\u00e1 especialmente dise\u00f1ado para casos de da\u00f1os y perjuicios, aunque a trav\u00e9s de los varios items de b\u00fasqueda (etiquetas, voces, palabras, \u00f3rgano de origen, \u00f3rgano de alzada, etc.) se adapta a cualquier tipo de caso.<\/p>\n\n\n\n<p>Se brinda al matriculado un moderno buscador que permite no solo la cl\u00e1sica b\u00fasqueda por palabras o frases por medio del propio buscador, sino que luego de tra\u00eddo el fallo tambi\u00e9n se puede seguir hurgando dentro del texto del fallo a trav\u00e9s del buscador de Internet.<\/p>\n\n\n\n<p>En el caso de&nbsp;<strong>da\u00f1os y perjuicios<\/strong>&nbsp;se puede acceder a datos muy necesarios como pueden ser tasa de inter\u00e9s aplicada, valor vida, valor del punto de incapacidad, da\u00f1o moral, lucro cesante, etc,. y todo ello de acuerdo a:<\/p>\n\n\n\n<p>-Rango de edad de la v\u00edctima.<br>-Rango de porcentaje de responsabilidad de la v\u00edctima.<br>-Sexo de la v\u00edctima.<br>-Ocupaci\u00f3n de la v\u00edctima.<br>-Rango de porcentaje de incapacidad f\u00edsica.<br>-Rango de porcentaje de incapacidad ps\u00edquica.<\/p>\n\n\n\n<p>(Las barras de rangos tiene en los extremos cursores que permiten ser deslizados para acotar la edad y los porcentajes. Tambi\u00e9n pueden seleccionarse fallos seg\u00fan el Juzgado de Origen o del \u00d3rgano de Alzada.<\/p>\n\n\n\n<p>Como otro dato destacable los letrados podr\u00e1n seleccionar&nbsp;<strong>\u00abetiquetas\u00bb<\/strong>&nbsp;que hacen referencia a cuestiones insertas en los fallos que no pueden buscarse por palabras de los mismos -pues esas palabras no existen en el fallo- (por ejemplo: los fallos no traen frases tales como \u00abpluralidad de fallecidos\u00bb y por ende el buscador por palabras no sirve en ese caso, pero s\u00ed puede haber una \u00abetiqueta\u00bb que refiera a fallos donde hay pluralidad de fallecidos, y as\u00ed seleccionando la etiqueta \u00abAccidente. Pluralidad de fallecidos\u00bb nos traer\u00e1 los fallos con hechos de esa naturaleza). Recuerde que si elige varias etiquetas todas deben aparecer en el fallo, por lo que se sugiere s\u00f3lo elegir una, y luego ir agregando otras (si cambia de etiqueta recuerde borrar las anteriores seleccionadas).<\/p>\n\n\n\n<p>Adem\u00e1s, luego el propio fallo tra\u00eddo tiene a su vez \u00abetiquetas\u00bb que al ser clickeadas permitir\u00e1n ir a otros fallos que tambi\u00e9n traten la cuesti\u00f3n, como una forma muy \u00fatil de comparaci\u00f3n de los mismos.<\/p>\n\n\n\n<p>Ya buscado un fallo determinado se podr\u00e1n apreciar:<br>-Juzgado de origen, Fecha fallo origen, Fecha del hecho, \u00d3rgano de Alzada, N\u00famero de expediente de C\u00e1mara, y Fecha fallo de C\u00e1mara.<br>-Un abstract o sumario, muchas veces con extractos textuales de las partes m\u00e1s interesantes del fallo.<br>-En da\u00f1os y perjuicios en relaci\u00f3n a la v\u00edctima: Sexo, Edad, Ocupaci\u00f3n, Porcentaje de responsabilidad de la v\u00edctima, Porcentaje de incapacidad f\u00edsica, Porcentaje de incapacidad ps\u00edquica.<br>-Tipo de Intereses aplicado (en el cuerpo del fallo se aclara si qued\u00f3 firme el de Primera Instancia por falta de apelaci\u00f3n de esa cuesti\u00f3n).<br>-En da\u00f1os y perjuicios cuadro con los rubros indemnizatorios y sus montos (Valor vida, Incapacidad f\u00edsica, Incapacidad ps\u00edquica, Incapacidad psicof\u00edsica, Da\u00f1o moral, Da\u00f1o est\u00e9tico, Da\u00f1os materiales, Tratamiento psicol\u00f3gico, Lucro cesante, Privaci\u00f3n de uso, P\u00e9rdida de la chance, Gastos de asistencia, Gastos de traslado, Gastos funerarios, otros Gastos).<br>-Fallo completo.<br>-\u00abetiquetas\u00bb propias del fallo, que como se explic\u00f3, permiten ir a trav\u00e9s de ellas a fallos relacionados con las mismas.<\/p>\n\n\n\n<p>Los matriculados pueden hacer uso del buscador, en el sitio web del Colegio,\u00a0<a href=\"http:\/\/www.camercedes.org.ar\/\" target=\"_blank\" rel=\"noreferrer noopener\">www.camercedes.org.ar<\/a>, pesta\u00f1a SERVICIOS, y en Ejercicio Profesional\u00a0<a href=\"http:\/\/www.camercedes.org.ar\/jurisprudencia\/\" target=\"_blank\" rel=\"noreferrer noopener\">Jurisprudencia Departamental<\/a>.<\/p>\n\n\n\n<p>Fuente: Prensa CADJMercedes<\/p>\n\n\n\n<p><\/p>\n","protected":false},"excerpt":{"rendered":"<p>Desde el Colegio de Abogados del Departamento Judiicial Mercedes dieron cuenta de una nueva herramienta que facilita la tarea profesional. &#8230; <a title=\"Abogados ofrece nuevo buscador de jurisprudencia departamental\" class=\"read-more\" href=\"https:\/\/www.hoymercedes.com.ar\/principal\/2024\/10\/26\/abogados-ofrece-nuevo-buscador-de-jurisprudencia-departamental\/\" aria-label=\"Leer m\u00e1s sobre Abogados ofrece nuevo buscador de jurisprudencia departamental\">Leer m\u00e1s<\/a><\/p>\n","protected":false},"author":1,"featured_media":179988,"comment_status":"closed","ping_status":"open","sticky":false,"template":"","format":"standard","meta":{"_monsterinsights_skip_tracking":false,"_monsterinsights_sitenote_active":false,"_monsterinsights_sitenote_note":"","_monsterinsights_sitenote_category":0,"jetpack_post_was_ever_published":false,"_jetpack_newsletter_access":"","_jetpack_dont_email_post_to_subs":false,"_jetpack_newsletter_tier_id":0,"_jetpack_memberships_contains_paywalled_content":false,"_jetpack_memberships_contains_paid_content":false,"footnotes":"","jetpack_publicize_message":"","jetpack_publicize_feature_enabled":true,"jetpack_social_post_already_shared":true,"jetpack_social_options":{"image_generator_settings":{"template":"highway","default_image_id":0,"font":"","enabled":false},"version":2},"_wpas_customize_per_network":false},"categories":[8],"tags":[],"class_list":["post-179987","post","type-post","status-publish","format-standard","has-post-thumbnail","hentry","category-sociedad","generate-columns","tablet-grid-50","mobile-grid-100","grid-parent","grid-50"],"jetpack_publicize_connections":[],"jetpack_featured_media_url":"https:\/\/www.hoymercedes.com.ar\/principal\/wp-content\/uploads\/2024\/10\/abogados-web.jpg","wps_subtitle":"","jetpack_sharing_enabled":true,"_links":{"self":[{"href":"https:\/\/www.hoymercedes.com.ar\/principal\/wp-json\/wp\/v2\/posts\/179987","targetHints":{"allow":["GET"]}}],"collection":[{"href":"https:\/\/www.hoymercedes.com.ar\/principal\/wp-json\/wp\/v2\/posts"}],"about":[{"href":"https:\/\/www.hoymercedes.com.ar\/principal\/wp-json\/wp\/v2\/types\/post"}],"author":[{"embeddable":true,"href":"https:\/\/www.hoymercedes.com.ar\/principal\/wp-json\/wp\/v2\/users\/1"}],"replies":[{"embeddable":true,"href":"https:\/\/www.hoymercedes.com.ar\/principal\/wp-json\/wp\/v2\/comments?post=179987"}],"version-history":[{"count":0,"href":"https:\/\/www.hoymercedes.com.ar\/principal\/wp-json\/wp\/v2\/posts\/179987\/revisions"}],"wp:featuredmedia":[{"embeddable":true,"href":"https:\/\/www.hoymercedes.com.ar\/principal\/wp-json\/wp\/v2\/media\/179988"}],"wp:attachment":[{"href":"https:\/\/www.hoymercedes.com.ar\/principal\/wp-json\/wp\/v2\/media?parent=179987"}],"wp:term":[{"taxonomy":"category","embeddable":true,"href":"https:\/\/www.hoymercedes.com.ar\/principal\/wp-json\/wp\/v2\/categories?post=179987"},{"taxonomy":"post_tag","embeddable":true,"href":"https:\/\/www.hoymercedes.com.ar\/principal\/wp-json\/wp\/v2\/tags?post=179987"}],"curies":[{"name":"wp","href":"https:\/\/api.w.org\/{rel}","templated":true}]}}