{"id":18011,"date":"2012-11-19T16:37:05","date_gmt":"2012-11-19T16:37:05","guid":{"rendered":"http:\/\/www.hoymercedes.com.ar\/principal\/?p=18011"},"modified":"2012-11-19T16:37:14","modified_gmt":"2012-11-19T16:37:14","slug":"cestari-manifiesta-su-preocupacion-por-perdidas-de-agua","status":"publish","type":"post","link":"https:\/\/www.hoymercedes.com.ar\/principal\/2012\/11\/19\/cestari-manifiesta-su-preocupacion-por-perdidas-de-agua\/","title":{"rendered":"Cestari manifiesta su preocupaci\u00f3n por p\u00e9rdidas de agua"},"content":{"rendered":"<p><a href=\"https:\/\/www.hoymercedes.com.ar\/principal\/wp-content\/uploads\/2012\/11\/PerdidadeAgua.Cestari.Mercedes.jpg\"><img loading=\"lazy\" decoding=\"async\" data-attachment-id=\"18013\" data-permalink=\"https:\/\/www.hoymercedes.com.ar\/principal\/2012\/11\/19\/cestari-manifiesta-su-preocupacion-por-perdidas-de-agua\/attachment\/18013\/#main\" data-orig-file=\"https:\/\/www.hoymercedes.com.ar\/principal\/wp-content\/uploads\/2012\/11\/PerdidadeAgua.Cestari.Mercedes.jpg\" data-orig-size=\"618,824\" data-comments-opened=\"1\" data-image-meta=\"{&quot;aperture&quot;:&quot;7.7&quot;,&quot;credit&quot;:&quot;&quot;,&quot;camera&quot;:&quot;&lt;Samsung D70 \/ D75 \/ S730 \/ S750&gt;&quot;,&quot;caption&quot;:&quot;&quot;,&quot;created_timestamp&quot;:&quot;1193377609&quot;,&quot;copyright&quot;:&quot;COPYRIGHT, 2007&quot;,&quot;focal_length&quot;:&quot;7.2&quot;,&quot;iso&quot;:&quot;80&quot;,&quot;shutter_speed&quot;:&quot;0.002&quot;,&quot;title&quot;:&quot;&lt;Samsung D70 \/ D75 \/ S730 \/ S750&gt;&quot;}\" data-image-title=\"&lt;Samsung D70 \/ D75 \/ S730 \/ S750&gt;\" data-image-description=\"\" data-image-caption=\"\" data-large-file=\"https:\/\/www.hoymercedes.com.ar\/principal\/wp-content\/uploads\/2012\/11\/PerdidadeAgua.Cestari.Mercedes.jpg\" class=\"aligncenter size-full wp-image-18013\" title=\"&lt;Samsung D70 \/ D75 \/ S730 \/ S750&gt;\" src=\"https:\/\/www.hoymercedes.com.ar\/principal\/wp-content\/uploads\/2012\/11\/PerdidadeAgua.Cestari.Mercedes.jpg\" alt=\"\" width=\"618\" height=\"824\" srcset=\"https:\/\/www.hoymercedes.com.ar\/principal\/wp-content\/uploads\/2012\/11\/PerdidadeAgua.Cestari.Mercedes.jpg 618w, https:\/\/www.hoymercedes.com.ar\/principal\/wp-content\/uploads\/2012\/11\/PerdidadeAgua.Cestari.Mercedes-465x620.jpg 465w\" sizes=\"auto, (max-width: 618px) 100vw, 618px\" \/><\/a><\/p>\n<p>El concejal del MIC, Jos\u00e9 Cestari, elabor\u00f3 proyectos en los cuales manifiesta su preocupaci\u00f3n por los diversos\u00a0\u00e1mbitos\u00a0de nuestra ciudad donde se registran p\u00e9rdidas de agua.<\/p>\n<p>Los proyectos el edil los ha hecho llegar a la prensa con el objetivo de que sean conocidos por la comunidad. En esta ocasi\u00f3n refleja en Barrio 3 \u00a0de Octubre y Villa del Parque.<\/p>\n<p>A continuaci\u00f3n los proyectos elevados:<\/p>\n<div dir=\"ltr\">\n<p><span style=\"font-family: Arial;\"><span>VISTO:<\/span><\/span><\/p>\n<p><span style=\"font-family: Arial;\"><span>La visita realizada al Barrio 3 de Octubre y la comprobaci\u00f3n de la rotura de la ca\u00f1er\u00eda de agua corriente en calle 312 entre calles 109 y 113.<\/span><span>\u00a0\u00a0<\/span><\/span><\/p>\n<p><span style=\"font-family: Arial;\"><span>CONSIDERANDO<\/span><\/span><\/p>\n<p><span style=\"font-family: Arial;\"><span>Que el agua potable es un recurso natural escaso que hay que tratar de conservar.<\/span><\/span><\/p>\n<p><span style=\"font-family: Arial;\"><span>Que la generaci\u00f3n del agua corriente tiene un costo econ\u00f3mico que no hay que desperdiciar.<\/span><\/span><\/p>\n<p><span style=\"font-family: Arial;\"><span>Que los vecinos pagan la tasa por servicios sanitarios.<\/span><\/span><\/p>\n<p><span style=\"font-family: Arial;\"><span>Que los ciudadanos est\u00e1n reclamando desde el mes de octubre de 2012 y no recibieron respuestas de soluci\u00f3n a la fecha.<\/span><\/span><\/p>\n<p><span style=\"font-family: Arial;\"><span>Que la p\u00e9rdida es tan caudalosa que la calle queda anegada.<\/span><\/span><\/p>\n<p><span style=\"font-family: Arial;\"><span>Ante lo expuesto el Bloque MIC MERCEDES promueve el siguiente proyecto de:<\/span><\/span><\/p>\n<p align=\"center\"><span style=\"font-family: Arial;\"><span>RESOLUCI\u00d3N<\/span><\/span><\/p>\n<p><span style=\"font-family: Arial;\"><span>Art\u00edculo 1\u00b0. El HCD se dirige al DE, para que a trav\u00e9s del \u00e1rea correspondiente, proceda a la reparaci\u00f3n del ca\u00f1o que transporta agua corriente localizado en calle 312 entre calles 109 y 113.Barrio 3 de octubre.<\/span><\/span><\/p>\n<p><span style=\"font-family: Arial;\"><span>Art\u00edculo 2\u00b0. Se adjuntan tres im\u00e1genes fotogr\u00e1ficas obtenidas el viernes 16 de noviembre de 2012.<\/span><span>\u00a0<\/span><\/span><\/p>\n<p><span style=\"font-family: Arial;\"><span>Art\u00edculo 3\u00b0. Los visto y considerando forman parte de la presente.<\/span><\/span><\/p>\n<p><span style=\"font-family: Arial;\"><span>Art\u00edculo 4\u00b0. De forma.<\/span><\/span><\/p>\n<p><span style=\"font-family: Arial;\"><span>VISTO<\/span><\/span><\/p>\n<p><span style=\"font-family: Arial;\"><span>La visita realizada al Barrio Villa del Parque y la comprobaci\u00f3n de la p\u00e9rdida de agua a trav\u00e9s de la junta de asfalto en el medio del pavimento de calle 35 entre 46 y 48. Asimismo se percibi\u00f3 una grieta con brote de agua sobre el asfalto a la altura de la calle 35 N\u00b0 1146.<\/span><span>\u00a0\u00a0<\/span><\/span><\/p>\n<p><span style=\"font-family: Arial;\"><span>CONSIDERANDO<\/span><\/span><\/p>\n<p><span style=\"font-family: Arial;\"><span>Que el agua potable es un recurso natural escaso que hay que tratar de conservar.<\/span><\/span><\/p>\n<p><span style=\"font-family: Arial;\"><span>Que la generaci\u00f3n del agua corriente tiene un costo econ\u00f3mico que no hay que desperdiciar.<\/span><\/span><\/p>\n<p><span style=\"font-family: Arial;\"><span>Que los vecinos pagan la tasa por servicios sanitarios.<\/span><\/span><\/p>\n<p><span style=\"font-family: Arial;\"><span>Ante lo expuesto el Bloque MIC MERCEDES promueve el siguiente proyecto de:<\/span><\/span><\/p>\n<p align=\"center\"><span style=\"font-family: Arial;\"><span>RESOLUCI\u00d3N<\/span><\/span><\/p>\n<p><span style=\"font-family: Arial;\"><span>Art\u00edculo 1\u00b0. El HCD se dirige al DE, para que a trav\u00e9s del \u00e1rea correspondiente, proceda a la reparaci\u00f3n de la p\u00e9rdida de agua a trav\u00e9s de la junta de asfalto en el medio del pavimento de calle 35 entre 46 y 48. Tambi\u00e9n una grieta con brote de agua sobre el asfalto a la altura de la calle 35 N\u00b0 1146. Barrio Villa del Parque.<\/span><span>\u00a0\u00a0\u00a0<\/span><\/span><\/p>\n<p><span style=\"font-family: Arial;\"><span>Art\u00edculo 2\u00b0. Se adjunta una imagen fotogr\u00e1fica obtenida el 17 de noviembre de 2012.<\/span><\/span><\/p>\n<p><span style=\"font-family: Arial;\"><span>Art\u00edculo 3\u00b0. Los visto y considerando forman parte de la presente.<\/span><\/span><\/p>\n<p><span style=\"font-family: Arial;\"><span>Art\u00edculo 4\u00b0. De forma<\/span><\/span><\/p>\n<p>&nbsp;<\/p>\n<div><span style=\"font-family: Arial;\"><span><br \/>\n<\/span><\/span><\/div>\n<\/div>\n","protected":false},"excerpt":{"rendered":"<p>El concejal del MIC, Jos\u00e9 Cestari, elabor\u00f3 proyectos en los cuales manifiesta su preocupaci\u00f3n por los diversos\u00a0\u00e1mbitos\u00a0de nuestra ciudad donde &#8230; <a title=\"Cestari manifiesta su preocupaci\u00f3n por p\u00e9rdidas de agua\" class=\"read-more\" href=\"https:\/\/www.hoymercedes.com.ar\/principal\/2012\/11\/19\/cestari-manifiesta-su-preocupacion-por-perdidas-de-agua\/\" aria-label=\"Leer m\u00e1s sobre Cestari manifiesta su preocupaci\u00f3n por p\u00e9rdidas de agua\">Leer m\u00e1s<\/a><\/p>\n","protected":false},"author":1,"featured_media":0,"comment_status":"open","ping_status":"open","sticky":false,"template":"","format":"standard","meta":{"_monsterinsights_skip_tracking":false,"_monsterinsights_sitenote_active":false,"_monsterinsights_sitenote_note":"","_monsterinsights_sitenote_category":0,"jetpack_post_was_ever_published":false,"_jetpack_newsletter_access":"","_jetpack_dont_email_post_to_subs":false,"_jetpack_newsletter_tier_id":0,"_jetpack_memberships_contains_paywalled_content":false,"_jetpack_memberships_contains_paid_content":false,"footnotes":"","jetpack_publicize_message":"","jetpack_publicize_feature_enabled":true,"jetpack_social_post_already_shared":false,"jetpack_social_options":{"image_generator_settings":{"template":"highway","default_image_id":0,"font":"","enabled":false},"version":2},"_wpas_customize_per_network":false},"categories":[5],"tags":[321,1956],"class_list":["post-18011","post","type-post","status-publish","format-standard","hentry","category-politica","tag-jose-cestari","tag-mic-mercedes","generate-columns","tablet-grid-50","mobile-grid-100","grid-parent","grid-50"],"jetpack_publicize_connections":[],"jetpack_featured_media_url":"","wps_subtitle":"","jetpack_sharing_enabled":true,"_links":{"self":[{"href":"https:\/\/www.hoymercedes.com.ar\/principal\/wp-json\/wp\/v2\/posts\/18011","targetHints":{"allow":["GET"]}}],"collection":[{"href":"https:\/\/www.hoymercedes.com.ar\/principal\/wp-json\/wp\/v2\/posts"}],"about":[{"href":"https:\/\/www.hoymercedes.com.ar\/principal\/wp-json\/wp\/v2\/types\/post"}],"author":[{"embeddable":true,"href":"https:\/\/www.hoymercedes.com.ar\/principal\/wp-json\/wp\/v2\/users\/1"}],"replies":[{"embeddable":true,"href":"https:\/\/www.hoymercedes.com.ar\/principal\/wp-json\/wp\/v2\/comments?post=18011"}],"version-history":[{"count":0,"href":"https:\/\/www.hoymercedes.com.ar\/principal\/wp-json\/wp\/v2\/posts\/18011\/revisions"}],"wp:attachment":[{"href":"https:\/\/www.hoymercedes.com.ar\/principal\/wp-json\/wp\/v2\/media?parent=18011"}],"wp:term":[{"taxonomy":"category","embeddable":true,"href":"https:\/\/www.hoymercedes.com.ar\/principal\/wp-json\/wp\/v2\/categories?post=18011"},{"taxonomy":"post_tag","embeddable":true,"href":"https:\/\/www.hoymercedes.com.ar\/principal\/wp-json\/wp\/v2\/tags?post=18011"}],"curies":[{"name":"wp","href":"https:\/\/api.w.org\/{rel}","templated":true}]}}