{"id":180120,"date":"2024-10-29T19:16:00","date_gmt":"2024-10-29T22:16:00","guid":{"rendered":"https:\/\/www.hoymercedes.com.ar\/principal\/?p=180120"},"modified":"2024-10-30T19:23:36","modified_gmt":"2024-10-30T22:23:36","slug":"partido-obrero-solidaridad-con-los-obreros-de-la-ex-nicotex","status":"publish","type":"post","link":"https:\/\/www.hoymercedes.com.ar\/principal\/2024\/10\/29\/partido-obrero-solidaridad-con-los-obreros-de-la-ex-nicotex\/","title":{"rendered":"Partido Obrero: Solidaridad con los obreros de la ex Nicotex"},"content":{"rendered":"\n<p>El enorme ajuste sumado a las pol\u00edticas de desindustrializaci\u00f3n que lleva a cabo el gobierno de Milei est\u00e1 impactando en nuestra ciudad, con las primeras consecuencias a la vista. A esto se le suma la certeza de que, siguiendo la l\u00ednea de los libertarios, frente a los despidos y la fuga de los empresarios, el Estado no deber\u00eda actuar para asegurar, como m\u00ednimo, el pago de las indemnizaciones que los trabajadores est\u00e1n exigiendo.<\/p>\n\n\n\n<p>En Mercedes, contamos con una larga experiencia en cierres y fugas de estos \u201ch\u00e9roes\u201d. Pas\u00f3 con Dupont y m\u00e1s tarde con Guilford. En todas esas situaciones, el gobierno municipal jug\u00f3 un rol pasivo, lo cual, sumado a la l\u00ednea oficial a nivel nacional, nos adelanta el desenlace de esta opereta patronal.<\/p>\n\n\n\n<p>Adem\u00e1s, en esta coyuntura, el cierre de Karavell y la suspensi\u00f3n de los trabajadores de Borroni \u2013quienes se encuentran en un proceso de suspensi\u00f3n laboral con percepci\u00f3n de salario reducido\u2013 agravan a\u00fan m\u00e1s la situaci\u00f3n laboral en nuestra ciudad. Por esto, la solidaridad de todos los trabajadores de la ciudad para con los compa\u00f1eros y compa\u00f1eras de la ex Nicotex es una herramienta vital para impedir que la historia se repita.<\/p>\n\n\n\n<ul class=\"wp-block-list\">\n<li>No al cierre de la ex Nicotex.<\/li>\n\n\n\n<li>Solidaridad con las y los trabajadores.<\/li>\n<\/ul>\n\n\n\n<p>Partido Obrero<\/p>\n\n\n\n<p><\/p>\n","protected":false},"excerpt":{"rendered":"<p>El enorme ajuste sumado a las pol\u00edticas de desindustrializaci\u00f3n que lleva a cabo el gobierno de Milei est\u00e1 impactando en &#8230; <a title=\"Partido Obrero: Solidaridad con los obreros de la ex Nicotex\" class=\"read-more\" href=\"https:\/\/www.hoymercedes.com.ar\/principal\/2024\/10\/29\/partido-obrero-solidaridad-con-los-obreros-de-la-ex-nicotex\/\" aria-label=\"Leer m\u00e1s sobre Partido Obrero: Solidaridad con los obreros de la ex Nicotex\">Leer m\u00e1s<\/a><\/p>\n","protected":false},"author":1,"featured_media":0,"comment_status":"closed","ping_status":"open","sticky":false,"template":"","format":"standard","meta":{"_monsterinsights_skip_tracking":false,"_monsterinsights_sitenote_active":false,"_monsterinsights_sitenote_note":"","_monsterinsights_sitenote_category":0,"jetpack_post_was_ever_published":false,"_jetpack_newsletter_access":"","_jetpack_dont_email_post_to_subs":false,"_jetpack_newsletter_tier_id":0,"_jetpack_memberships_contains_paywalled_content":false,"_jetpack_memberships_contains_paid_content":false,"footnotes":"","jetpack_publicize_message":"","jetpack_publicize_feature_enabled":true,"jetpack_social_post_already_shared":true,"jetpack_social_options":{"image_generator_settings":{"template":"highway","default_image_id":0,"font":"","enabled":false},"version":2},"_wpas_customize_per_network":false},"categories":[8],"tags":[],"class_list":["post-180120","post","type-post","status-publish","format-standard","hentry","category-sociedad","generate-columns","tablet-grid-50","mobile-grid-100","grid-parent","grid-50"],"jetpack_publicize_connections":[],"jetpack_featured_media_url":"","wps_subtitle":"","jetpack_sharing_enabled":true,"_links":{"self":[{"href":"https:\/\/www.hoymercedes.com.ar\/principal\/wp-json\/wp\/v2\/posts\/180120","targetHints":{"allow":["GET"]}}],"collection":[{"href":"https:\/\/www.hoymercedes.com.ar\/principal\/wp-json\/wp\/v2\/posts"}],"about":[{"href":"https:\/\/www.hoymercedes.com.ar\/principal\/wp-json\/wp\/v2\/types\/post"}],"author":[{"embeddable":true,"href":"https:\/\/www.hoymercedes.com.ar\/principal\/wp-json\/wp\/v2\/users\/1"}],"replies":[{"embeddable":true,"href":"https:\/\/www.hoymercedes.com.ar\/principal\/wp-json\/wp\/v2\/comments?post=180120"}],"version-history":[{"count":0,"href":"https:\/\/www.hoymercedes.com.ar\/principal\/wp-json\/wp\/v2\/posts\/180120\/revisions"}],"wp:attachment":[{"href":"https:\/\/www.hoymercedes.com.ar\/principal\/wp-json\/wp\/v2\/media?parent=180120"}],"wp:term":[{"taxonomy":"category","embeddable":true,"href":"https:\/\/www.hoymercedes.com.ar\/principal\/wp-json\/wp\/v2\/categories?post=180120"},{"taxonomy":"post_tag","embeddable":true,"href":"https:\/\/www.hoymercedes.com.ar\/principal\/wp-json\/wp\/v2\/tags?post=180120"}],"curies":[{"name":"wp","href":"https:\/\/api.w.org\/{rel}","templated":true}]}}