{"id":180152,"date":"2024-10-31T21:34:40","date_gmt":"2024-11-01T00:34:40","guid":{"rendered":"https:\/\/www.hoymercedes.com.ar\/principal\/?p=180152"},"modified":"2024-10-31T21:34:43","modified_gmt":"2024-11-01T00:34:43","slug":"realizan-feria-del-libro-en-lujan","status":"publish","type":"post","link":"https:\/\/www.hoymercedes.com.ar\/principal\/2024\/10\/31\/realizan-feria-del-libro-en-lujan\/","title":{"rendered":"Realizan Feria del Libro en Luj\u00e1n"},"content":{"rendered":"\n<p>El Municipio de Luj\u00e1n comunic\u00f3 que este fin de semana se lleva adelante la Feria del Libro en la vecina localidad. Hasta el domingo 3 de noviembre se podr\u00e1 visitar en el Museo de Bellas Artes y en la Plaza Belgrano. <\/p>\n\n\n<div class=\"wp-block-image\">\n<figure class=\"aligncenter size-full\"><img loading=\"lazy\" decoding=\"async\" width=\"800\" height=\"533\" data-attachment-id=\"180157\" data-permalink=\"https:\/\/www.hoymercedes.com.ar\/principal\/2024\/10\/31\/realizan-feria-del-libro-en-lujan\/cronograma-completo-feria-del-libro\/#main\" data-orig-file=\"https:\/\/www.hoymercedes.com.ar\/principal\/wp-content\/uploads\/2024\/10\/Cronograma-Completo-Feria-del-Libro.jpg\" data-orig-size=\"800,533\" data-comments-opened=\"0\" data-image-meta=\"{&quot;aperture&quot;:&quot;0&quot;,&quot;credit&quot;:&quot;&quot;,&quot;camera&quot;:&quot;&quot;,&quot;caption&quot;:&quot;&quot;,&quot;created_timestamp&quot;:&quot;0&quot;,&quot;copyright&quot;:&quot;&quot;,&quot;focal_length&quot;:&quot;0&quot;,&quot;iso&quot;:&quot;0&quot;,&quot;shutter_speed&quot;:&quot;0&quot;,&quot;title&quot;:&quot;&quot;,&quot;orientation&quot;:&quot;0&quot;}\" data-image-title=\"Cronograma Completo Feria del Libro\" data-image-description=\"\" data-image-caption=\"\" data-large-file=\"https:\/\/www.hoymercedes.com.ar\/principal\/wp-content\/uploads\/2024\/10\/Cronograma-Completo-Feria-del-Libro.jpg\" src=\"https:\/\/www.hoymercedes.com.ar\/principal\/wp-content\/uploads\/2024\/10\/Cronograma-Completo-Feria-del-Libro.jpg\" alt=\"\" class=\"wp-image-180157\" srcset=\"https:\/\/www.hoymercedes.com.ar\/principal\/wp-content\/uploads\/2024\/10\/Cronograma-Completo-Feria-del-Libro.jpg 800w, https:\/\/www.hoymercedes.com.ar\/principal\/wp-content\/uploads\/2024\/10\/Cronograma-Completo-Feria-del-Libro-630x420.jpg 630w, https:\/\/www.hoymercedes.com.ar\/principal\/wp-content\/uploads\/2024\/10\/Cronograma-Completo-Feria-del-Libro-150x100.jpg 150w, https:\/\/www.hoymercedes.com.ar\/principal\/wp-content\/uploads\/2024\/10\/Cronograma-Completo-Feria-del-Libro-700x465.jpg 700w\" sizes=\"auto, (max-width: 800px) 100vw, 800px\" \/><\/figure>\n<\/div>\n\n\n<p>La propuesta con ingreso libre y gratuita, comenz\u00f3 el jueves 31 de octubre y contin\u00faa este viernes 1\u00b0 de noviembre con las Jornadas Educativas, donde hay propuestas para estudiantes y docentes. Entre ellas las visitas guiadas al archivo documental del Museo Udaondo. <\/p>\n\n\n\n<p>En tanto, el viernes 1, s\u00e1bado 2 y domingo 3 de noviembre, de 14 a 20 hs, con entrada general habr\u00e1 m\u00fasica en vivo, presentaciones de libros y ferias de Editoriales en el Museo de Bellas Artes, y en la Plaza Belgrano, frente a la Bas\u00edlica.<\/p>\n\n\n\n<p>En ese sentido, las actividades se suceder\u00e1n seg\u00fan el siguiente cronograma:<\/p>\n\n\n\n<p>JORNADAS EDUCATIVAS\u00a0<br>VIERNES 1<br>-9 horas: Bioescuela. Una invitaci\u00f3n al planeta Vivo. Para estudiantes secundarios.<br>-9 horas: Taller de Ilustraci\u00f3n Hojas del Limonero.<br>-10 horas: Editorial Abecedario con Cecilia Bertolucci, autora de Hu\u00e9sped. Charla del autor al lector. Para estudiantes secundarios.<br>-10 horas: Babilonia Libros. Presentaci\u00f3n de la Colecci\u00f3n Lili de Andrea Brassara.<br>-11 horas: Promesa Editorial. Cuentos y Canciones.<br>-11:30 horas: Presentaci\u00f3n del libro infantil La vuelta de Shaira de Stella Maria Boccardo.<br>-12 horas: Librer\u00eda Babilonia. Homenaje a Mar\u00eda Elena Walsh con lectura de poes\u00eda y m\u00fasica.<br><\/p>\n\n\n\n<p><strong>Actividades para la comunidad en general<\/strong><\/p>\n\n\n\n<p>VIERNES 1<br>-16 horas: Limbo editorial. Taller El cuerpo en la literatura. Coordinador: Marcos Fontela.<br>-16:30 horas: Editorial La Bisagra. Presentaci\u00f3n del libro Agenda Energ\u00e9tica.<br>-17 horas: Presentaci\u00f3n del libro 5 cuentos de terror en Luj\u00e1n de Esteban Portancuarto.<br>-17 horas: Librer\u00eda Babilonia. Charla y firma de libros de Cintia Scacciaferro &#8211; CinWololo.<br>-18 horas: UNLU: Presentaci\u00f3n del libro Gucha. Ra\u00edces de mi propia vida. Rodrigo Almar y Margarita El\u00edas.<br>-18:30 horas: Presentaci\u00f3n de Muestra de Dise\u00f1o Instituto Mignone.<\/p>\n\n\n\n<p>S\u00c1BADO 2<br>-16 horas: Editorial Abecedario. Ping pong de escritores e ilustradores.<br>-16 horas: Limbo Editorial. Taller de escritura creativa: Fotos y escritura. Coordinadora: Mar\u00eda Ins\u00faa.<br>-16:30 horas: Presentaci\u00f3n del libro 5 cuentos de terror en Luj\u00e1n de Esteban Portancuarto.<br>-17 horas: Librer\u00eda Babilonia. Lectura de Or\u00e1culos.<br>-17:30 horas: Editorial Sudestada. Presentaci\u00f3n del libro Amelia y la eternidad de Zuleika Esnal.<br>-18 horas: Presentaci\u00f3n del libro Fortunas y adversidades de Luciano Cavido.<br>-18 horas: Conversatorio: Entre autoras y editores: los procesos creativos Nora Pampin, Ariangeles Arnaiz, J. Lagomarsino.<br>-18:30 horas: Coro de Adultxs Mayores.<br>-19 horas: N\u00facleo Coral Ecilda Paullier. Dir. Santiago Arnejo. (Infanto-juvenil de entre 5 a 15 a\u00f1os).<br>-19:30 horas: Coro polif\u00f3nico UNLU. Dir. Sergio Kovachevich. Subdir. Clara Gol\u00eda.<br>Presentaci\u00f3n del libro \u00abPuzzle\u00bb de Facundo Guti\u00e9rrez en el Teatro el Galp\u00f3n.<\/p>\n\n\n\n<p>DOMINGO 3<br>-16 horas: Editorial Abecedario. La virgencita dice presente en la Feria del libro de Luj\u00e1n.<br>-16:30 horas: Limbo editorial. Taller de narraci\u00f3n Un cuento a medida. Coordinador: Daniel Lombardo.<br>-17 horas: UNLU: Presentaci\u00f3n libro ferrocarril oeste. Mar\u00eda A. Hern\u00e1ndez.<br>-18 horas: Presentaci\u00f3n del Libro Juglares del \u00e1rbol solo, Proyecto POESICA, Instituto Mignone. Recital de poes\u00eda y m\u00fasica.<br>-19 horas: Coro Ut Renati. Dir. Santiago Arnejo (Adultos).<br>-19:30 horas: N\u00facleo Coral Ecilda Paullier. Dir. Santiago Arnejo. (Infanto-juvenil de entre 5 a 15 a\u00f1os).<br>Coro de m\u00fasica popular y ballets a cargo de Bibiana Moleres.<\/p>\n\n\n\n<p>Para m\u00e1s informaci\u00f3n, se puede acceder a la p\u00e1gina web&nbsp;<a rel=\"noreferrer noopener\" target=\"_blank\" href=\"http:\/\/www.feriadellibrodelujan.com.ar\/\">www.feriadellibrodelujan.com.ar<\/a>.&nbsp;<\/p>\n\n\n\n<p>La Feria del Libro es organizada por el Municipio de Luj\u00e1n, a trav\u00e9s de la Secretar\u00eda de Culturas y Turismo, en conjunto por la Editorial Mate, la Universidad de Luj\u00e1n y cuenta con el apoyo del Instituto de Cultura de la Provincia de Buenos Aires.<\/p>\n","protected":false},"excerpt":{"rendered":"<p>El Municipio de Luj\u00e1n comunic\u00f3 que este fin de semana se lleva adelante la Feria del Libro en la vecina &#8230; <a title=\"Realizan Feria del Libro en Luj\u00e1n\" class=\"read-more\" href=\"https:\/\/www.hoymercedes.com.ar\/principal\/2024\/10\/31\/realizan-feria-del-libro-en-lujan\/\" aria-label=\"Leer m\u00e1s sobre Realizan Feria del Libro en Luj\u00e1n\">Leer m\u00e1s<\/a><\/p>\n","protected":false},"author":1,"featured_media":180157,"comment_status":"closed","ping_status":"open","sticky":false,"template":"","format":"standard","meta":{"_monsterinsights_skip_tracking":false,"_monsterinsights_sitenote_active":false,"_monsterinsights_sitenote_note":"","_monsterinsights_sitenote_category":0,"jetpack_post_was_ever_published":false,"_jetpack_newsletter_access":"","_jetpack_dont_email_post_to_subs":false,"_jetpack_newsletter_tier_id":0,"_jetpack_memberships_contains_paywalled_content":false,"_jetpack_memberships_contains_paid_content":false,"footnotes":"","jetpack_publicize_message":"","jetpack_publicize_feature_enabled":true,"jetpack_social_post_already_shared":true,"jetpack_social_options":{"image_generator_settings":{"template":"highway","default_image_id":0,"font":"","enabled":false},"version":2},"_wpas_customize_per_network":false},"categories":[201],"tags":[7805],"class_list":["post-180152","post","type-post","status-publish","format-standard","has-post-thumbnail","hentry","category-lujan-2","tag-cultura","generate-columns","tablet-grid-50","mobile-grid-100","grid-parent","grid-50"],"jetpack_publicize_connections":[],"jetpack_featured_media_url":"https:\/\/www.hoymercedes.com.ar\/principal\/wp-content\/uploads\/2024\/10\/Cronograma-Completo-Feria-del-Libro.jpg","wps_subtitle":"","jetpack_sharing_enabled":true,"_links":{"self":[{"href":"https:\/\/www.hoymercedes.com.ar\/principal\/wp-json\/wp\/v2\/posts\/180152","targetHints":{"allow":["GET"]}}],"collection":[{"href":"https:\/\/www.hoymercedes.com.ar\/principal\/wp-json\/wp\/v2\/posts"}],"about":[{"href":"https:\/\/www.hoymercedes.com.ar\/principal\/wp-json\/wp\/v2\/types\/post"}],"author":[{"embeddable":true,"href":"https:\/\/www.hoymercedes.com.ar\/principal\/wp-json\/wp\/v2\/users\/1"}],"replies":[{"embeddable":true,"href":"https:\/\/www.hoymercedes.com.ar\/principal\/wp-json\/wp\/v2\/comments?post=180152"}],"version-history":[{"count":0,"href":"https:\/\/www.hoymercedes.com.ar\/principal\/wp-json\/wp\/v2\/posts\/180152\/revisions"}],"wp:featuredmedia":[{"embeddable":true,"href":"https:\/\/www.hoymercedes.com.ar\/principal\/wp-json\/wp\/v2\/media\/180157"}],"wp:attachment":[{"href":"https:\/\/www.hoymercedes.com.ar\/principal\/wp-json\/wp\/v2\/media?parent=180152"}],"wp:term":[{"taxonomy":"category","embeddable":true,"href":"https:\/\/www.hoymercedes.com.ar\/principal\/wp-json\/wp\/v2\/categories?post=180152"},{"taxonomy":"post_tag","embeddable":true,"href":"https:\/\/www.hoymercedes.com.ar\/principal\/wp-json\/wp\/v2\/tags?post=180152"}],"curies":[{"name":"wp","href":"https:\/\/api.w.org\/{rel}","templated":true}]}}