{"id":180236,"date":"2024-11-03T18:03:13","date_gmt":"2024-11-03T21:03:13","guid":{"rendered":"https:\/\/www.hoymercedes.com.ar\/principal\/?p=180236"},"modified":"2024-11-03T18:12:23","modified_gmt":"2024-11-03T21:12:23","slug":"eduardo-cerda-junto-a-la-ruta-agroecologica-de-mercedes","status":"publish","type":"post","link":"https:\/\/www.hoymercedes.com.ar\/principal\/2024\/11\/03\/eduardo-cerda-junto-a-la-ruta-agroecologica-de-mercedes\/","title":{"rendered":"Eduardo Cerd\u00e1 junto a la Ruta Agroecol\u00f3gica de Mercedes"},"content":{"rendered":"\n<p>El padre de la agroecolog\u00eda en Argentina participar\u00e1 de una serie de actividades que organizan los productores, miembros de la Ruta Agroecol\u00f3gica Mercedina, que incluyen un Conversatorio Debate, una Charla sobre Bioinsumos y la Proyecci\u00f3n de la Pel\u00edcula La Aurora, todas las actividades son de acceso libre y gratuito.<\/p>\n\n\n<div class=\"wp-block-image\">\n<figure class=\"aligncenter size-full\"><img loading=\"lazy\" decoding=\"async\" width=\"780\" height=\"520\" data-attachment-id=\"180237\" data-permalink=\"https:\/\/www.hoymercedes.com.ar\/principal\/2024\/11\/03\/eduardo-cerda-junto-a-la-ruta-agroecologica-de-mercedes\/imagen-de-whatsapp-2024-11-02-a-las-19-28-09_134cdd94\/#main\" data-orig-file=\"https:\/\/www.hoymercedes.com.ar\/principal\/wp-content\/uploads\/2024\/11\/Imagen-de-WhatsApp-2024-11-02-a-las-19.28.09_134cdd94.jpg\" data-orig-size=\"780,520\" data-comments-opened=\"0\" data-image-meta=\"{&quot;aperture&quot;:&quot;0&quot;,&quot;credit&quot;:&quot;&quot;,&quot;camera&quot;:&quot;&quot;,&quot;caption&quot;:&quot;&quot;,&quot;created_timestamp&quot;:&quot;0&quot;,&quot;copyright&quot;:&quot;&quot;,&quot;focal_length&quot;:&quot;0&quot;,&quot;iso&quot;:&quot;0&quot;,&quot;shutter_speed&quot;:&quot;0&quot;,&quot;title&quot;:&quot;&quot;,&quot;orientation&quot;:&quot;0&quot;}\" data-image-title=\"Imagen de WhatsApp 2024-11-02 a las 19.28.09_134cdd94\" data-image-description=\"\" data-image-caption=\"\" data-large-file=\"https:\/\/www.hoymercedes.com.ar\/principal\/wp-content\/uploads\/2024\/11\/Imagen-de-WhatsApp-2024-11-02-a-las-19.28.09_134cdd94.jpg\" src=\"https:\/\/www.hoymercedes.com.ar\/principal\/wp-content\/uploads\/2024\/11\/Imagen-de-WhatsApp-2024-11-02-a-las-19.28.09_134cdd94.jpg\" alt=\"\" class=\"wp-image-180237\" srcset=\"https:\/\/www.hoymercedes.com.ar\/principal\/wp-content\/uploads\/2024\/11\/Imagen-de-WhatsApp-2024-11-02-a-las-19.28.09_134cdd94.jpg 780w, https:\/\/www.hoymercedes.com.ar\/principal\/wp-content\/uploads\/2024\/11\/Imagen-de-WhatsApp-2024-11-02-a-las-19.28.09_134cdd94-630x420.jpg 630w, https:\/\/www.hoymercedes.com.ar\/principal\/wp-content\/uploads\/2024\/11\/Imagen-de-WhatsApp-2024-11-02-a-las-19.28.09_134cdd94-150x100.jpg 150w\" sizes=\"auto, (max-width: 780px) 100vw, 780px\" \/><\/figure>\n<\/div>\n\n\n<p>Ser\u00e1 en el marco del D\u00e9cimo Mes de la Agroecolog\u00eda, que desata celebraciones en todo el pa\u00eds y alrededores durante el mes de noviembre, que la pr\u00f3xima semana el Ing. Agr\u00f3nomo Eduardo Cerd\u00e1 visitar\u00e1 Mercedes para participar de un ciclo de actividades orientadas a fomentar la agroecolog\u00eda. Durante dos jornadas, mi\u00e9rcoles 6 y jueves 7 de noviembre, previo al 1er Congreso Provincial de Agroecolog\u00eda que tendr\u00e1 lugar en la Universidad<br>Nacional de Luj\u00e1n donde los productores de la Ruta tambi\u00e9n estar\u00e1n participando, Cerd\u00e1 arrancar\u00e1 el mi\u00e9rcoles con un Conversatorio Debate en la granja Bravos Pajaritos que contar\u00e1 adem\u00e1s con la participaci\u00f3n de investigadores de AgroecoUNLu y el Grupo de Estudios Rurales de la UNLu desde las 18hs. El conversatorio pretende dar a conocer el panorama general en el que se encuentra la zona de Mercedes, Luj\u00e1n y alrededores, en materia de producci\u00f3n agroecol\u00f3gica y luego abordar problem\u00e1ticas vigentes y posibles soluciones en un contexto complejo.<\/p>\n\n\n\n<p>El jueves el ciclo de actividades contin\u00faa con una Charla sobre Bioinsumos, en la que Cerd\u00e1 estar\u00e1 acompa\u00f1ado por productores de SerBi\u00f3sfera en La Criolla Cultura Agroecol\u00f3gica desde las 18hs. En este caso el objetivo es fomentar ideas que pueden acercar a producciones convencionales hacia el camino de la agroecolog\u00eda por medio de pr\u00e1cticas sustentables comunitarias.<\/p>\n\n\n\n<p>El mismo jueves, luego de la charla, tambi\u00e9n en La Criolla Cultura Agroecol\u00f3gica se llevar\u00e1 a cabo la Proyecci\u00f3n de la pel\u00edcula \u201cLa Aurora, el Principio del Camino\u201d. La Aurora es un campo argentino referente de agroecolog\u00eda en el mundo. Una experiencia exitosa que demuestra que producir sin agroqu\u00edmicos a gran escala es posible y redituable. <\/p>\n\n\n\n<p>Un faro para agricultoras y agricultores que quieren escapar del agronegocio pero no saben c\u00f3mo. Un refugio para la naturaleza. La proyecci\u00f3n ser\u00e1 a las 19.30hs y contar\u00e1 con la introducci\u00f3n de Eduardo Cerd\u00e1. El itinerario incluye, adem\u00e1s, recorridas por algunos campos miembros tambi\u00e9n de la Ruta Agroecol\u00f3gica como La Nubiana, La Chacrita y Bodega Media Hect\u00e1rea.<\/p>\n\n\n<div class=\"wp-block-image\">\n<figure class=\"aligncenter size-full\"><img loading=\"lazy\" decoding=\"async\" width=\"800\" height=\"600\" data-attachment-id=\"180238\" data-permalink=\"https:\/\/www.hoymercedes.com.ar\/principal\/2024\/11\/03\/eduardo-cerda-junto-a-la-ruta-agroecologica-de-mercedes\/imagen-de-whatsapp-2024-11-02-a-las-19-28-08_99c931c9\/#main\" data-orig-file=\"https:\/\/www.hoymercedes.com.ar\/principal\/wp-content\/uploads\/2024\/11\/Imagen-de-WhatsApp-2024-11-02-a-las-19.28.08_99c931c9.jpg\" data-orig-size=\"800,600\" data-comments-opened=\"0\" data-image-meta=\"{&quot;aperture&quot;:&quot;0&quot;,&quot;credit&quot;:&quot;&quot;,&quot;camera&quot;:&quot;&quot;,&quot;caption&quot;:&quot;&quot;,&quot;created_timestamp&quot;:&quot;0&quot;,&quot;copyright&quot;:&quot;&quot;,&quot;focal_length&quot;:&quot;0&quot;,&quot;iso&quot;:&quot;0&quot;,&quot;shutter_speed&quot;:&quot;0&quot;,&quot;title&quot;:&quot;&quot;,&quot;orientation&quot;:&quot;0&quot;}\" data-image-title=\"Imagen de WhatsApp 2024-11-02 a las 19.28.08_99c931c9\" data-image-description=\"\" data-image-caption=\"\" data-large-file=\"https:\/\/www.hoymercedes.com.ar\/principal\/wp-content\/uploads\/2024\/11\/Imagen-de-WhatsApp-2024-11-02-a-las-19.28.08_99c931c9.jpg\" src=\"https:\/\/www.hoymercedes.com.ar\/principal\/wp-content\/uploads\/2024\/11\/Imagen-de-WhatsApp-2024-11-02-a-las-19.28.08_99c931c9.jpg\" alt=\"\" class=\"wp-image-180238\" srcset=\"https:\/\/www.hoymercedes.com.ar\/principal\/wp-content\/uploads\/2024\/11\/Imagen-de-WhatsApp-2024-11-02-a-las-19.28.08_99c931c9.jpg 800w, https:\/\/www.hoymercedes.com.ar\/principal\/wp-content\/uploads\/2024\/11\/Imagen-de-WhatsApp-2024-11-02-a-las-19.28.08_99c931c9-630x473.jpg 630w, https:\/\/www.hoymercedes.com.ar\/principal\/wp-content\/uploads\/2024\/11\/Imagen-de-WhatsApp-2024-11-02-a-las-19.28.08_99c931c9-150x113.jpg 150w\" sizes=\"auto, (max-width: 800px) 100vw, 800px\" \/><\/figure>\n<\/div>\n\n\n<p><strong>\u00bfQu\u00e9 objetivos persigue la Ruta Agroecol\u00f3gica?<\/strong><br>La Ruta Agroecol\u00f3gica surge como una iniciativa tur\u00edstica con base en emprendimientos de producci\u00f3n agroecol\u00f3gica de alimentos, pero en sus comienzos, los productores que la fundaron fueron notando que mientras m\u00e1s se acercaban al turismo, inevitablemente se acercaban tambi\u00e9n a la educaci\u00f3n. El turista aprende en cada lugar que visita, recorre e incorpora conocimientos. Fue as\u00ed que comenzaron a trabajar con m\u00e1s fuerza el factor educativo de la Ruta con los conversatorios junto a investigadores de varias universidades nacionales, jornadas did\u00e1cticas para chicos y grandes con especialistas en t\u00e9cnicas educativas no convencionales, vacaciones de invierno, talleres, charlas, asesoramiento sustentable a productores convencionales curiosos por la agroecolog\u00eda, visitas guiadas por los campos con el foco puesto en lo experimental y lo vivencial. <\/p>\n\n\n\n<p>La Ruta Agroecol\u00f3gica abre sus tranqueras con la intenci\u00f3n de contagiar agroecolog\u00eda, no s\u00f3lo contarla ni mostrarla, expandirla.<\/p>\n\n\n\n<figure class=\"wp-block-embed is-type-rich is-provider-instagram wp-block-embed-instagram\"><div class=\"wp-block-embed__wrapper\">\n<blockquote class=\"instagram-media\" data-instgrm-captioned data-instgrm-permalink=\"https:\/\/www.instagram.com\/p\/DBwLrs2OB0q\/?utm_source=ig_embed&amp;utm_campaign=loading\" data-instgrm-version=\"14\" style=\" background:#FFF; border:0; border-radius:3px; box-shadow:0 0 1px 0 rgba(0,0,0,0.5),0 1px 10px 0 rgba(0,0,0,0.15); margin: 1px; max-width:658px; min-width:326px; padding:0; width:99.375%; width:-webkit-calc(100% - 2px); width:calc(100% - 2px);\"><div style=\"padding:16px;\"> <a href=\"https:\/\/www.instagram.com\/p\/DBwLrs2OB0q\/?utm_source=ig_embed&amp;utm_campaign=loading\" style=\" background:#FFFFFF; line-height:0; padding:0 0; text-align:center; text-decoration:none; width:100%;\" target=\"_blank\" rel=\"noopener\"> <div style=\" display: flex; flex-direction: row; align-items: center;\"> <div style=\"background-color: #F4F4F4; border-radius: 50%; flex-grow: 0; height: 40px; margin-right: 14px; width: 40px;\"><\/div> <div style=\"display: flex; flex-direction: column; flex-grow: 1; justify-content: center;\"> <div style=\" background-color: #F4F4F4; border-radius: 4px; flex-grow: 0; height: 14px; margin-bottom: 6px; width: 100px;\"><\/div> <div style=\" background-color: #F4F4F4; border-radius: 4px; flex-grow: 0; height: 14px; width: 60px;\"><\/div><\/div><\/div><div style=\"padding: 19% 0;\"><\/div> <div style=\"display:block; height:50px; margin:0 auto 12px; width:50px;\"><svg width=\"50px\" height=\"50px\" viewBox=\"0 0 60 60\" version=\"1.1\" xmlns=\"https:\/\/www.w3.org\/2000\/svg\" xmlns:xlink=\"https:\/\/www.w3.org\/1999\/xlink\"><g stroke=\"none\" stroke-width=\"1\" fill=\"none\" fill-rule=\"evenodd\"><g transform=\"translate(-511.000000, -20.000000)\" fill=\"#000000\"><g><path d=\"M556.869,30.41 C554.814,30.41 553.148,32.076 553.148,34.131 C553.148,36.186 554.814,37.852 556.869,37.852 C558.924,37.852 560.59,36.186 560.59,34.131 C560.59,32.076 558.924,30.41 556.869,30.41 M541,60.657 C535.114,60.657 530.342,55.887 530.342,50 C530.342,44.114 535.114,39.342 541,39.342 C546.887,39.342 551.658,44.114 551.658,50 C551.658,55.887 546.887,60.657 541,60.657 M541,33.886 C532.1,33.886 524.886,41.1 524.886,50 C524.886,58.899 532.1,66.113 541,66.113 C549.9,66.113 557.115,58.899 557.115,50 C557.115,41.1 549.9,33.886 541,33.886 M565.378,62.101 C565.244,65.022 564.756,66.606 564.346,67.663 C563.803,69.06 563.154,70.057 562.106,71.106 C561.058,72.155 560.06,72.803 558.662,73.347 C557.607,73.757 556.021,74.244 553.102,74.378 C549.944,74.521 548.997,74.552 541,74.552 C533.003,74.552 532.056,74.521 528.898,74.378 C525.979,74.244 524.393,73.757 523.338,73.347 C521.94,72.803 520.942,72.155 519.894,71.106 C518.846,70.057 518.197,69.06 517.654,67.663 C517.244,66.606 516.755,65.022 516.623,62.101 C516.479,58.943 516.448,57.996 516.448,50 C516.448,42.003 516.479,41.056 516.623,37.899 C516.755,34.978 517.244,33.391 517.654,32.338 C518.197,30.938 518.846,29.942 519.894,28.894 C520.942,27.846 521.94,27.196 523.338,26.654 C524.393,26.244 525.979,25.756 528.898,25.623 C532.057,25.479 533.004,25.448 541,25.448 C548.997,25.448 549.943,25.479 553.102,25.623 C556.021,25.756 557.607,26.244 558.662,26.654 C560.06,27.196 561.058,27.846 562.106,28.894 C563.154,29.942 563.803,30.938 564.346,32.338 C564.756,33.391 565.244,34.978 565.378,37.899 C565.522,41.056 565.552,42.003 565.552,50 C565.552,57.996 565.522,58.943 565.378,62.101 M570.82,37.631 C570.674,34.438 570.167,32.258 569.425,30.349 C568.659,28.377 567.633,26.702 565.965,25.035 C564.297,23.368 562.623,22.342 560.652,21.575 C558.743,20.834 556.562,20.326 553.369,20.18 C550.169,20.033 549.148,20 541,20 C532.853,20 531.831,20.033 528.631,20.18 C525.438,20.326 523.257,20.834 521.349,21.575 C519.376,22.342 517.703,23.368 516.035,25.035 C514.368,26.702 513.342,28.377 512.574,30.349 C511.834,32.258 511.326,34.438 511.181,37.631 C511.035,40.831 511,41.851 511,50 C511,58.147 511.035,59.17 511.181,62.369 C511.326,65.562 511.834,67.743 512.574,69.651 C513.342,71.625 514.368,73.296 516.035,74.965 C517.703,76.634 519.376,77.658 521.349,78.425 C523.257,79.167 525.438,79.673 528.631,79.82 C531.831,79.965 532.853,80.001 541,80.001 C549.148,80.001 550.169,79.965 553.369,79.82 C556.562,79.673 558.743,79.167 560.652,78.425 C562.623,77.658 564.297,76.634 565.965,74.965 C567.633,73.296 568.659,71.625 569.425,69.651 C570.167,67.743 570.674,65.562 570.82,62.369 C570.966,59.17 571,58.147 571,50 C571,41.851 570.966,40.831 570.82,37.631\"><\/path><\/g><\/g><\/g><\/svg><\/div><div style=\"padding-top: 8px;\"> <div style=\" color:#3897f0; font-family:Arial,sans-serif; font-size:14px; font-style:normal; font-weight:550; line-height:18px;\">View this post on Instagram<\/div><\/div><div style=\"padding: 12.5% 0;\"><\/div> <div style=\"display: flex; flex-direction: row; margin-bottom: 14px; align-items: center;\"><div> <div style=\"background-color: #F4F4F4; border-radius: 50%; height: 12.5px; width: 12.5px; transform: translateX(0px) translateY(7px);\"><\/div> <div style=\"background-color: #F4F4F4; height: 12.5px; transform: rotate(-45deg) translateX(3px) translateY(1px); width: 12.5px; flex-grow: 0; margin-right: 14px; margin-left: 2px;\"><\/div> <div style=\"background-color: #F4F4F4; border-radius: 50%; height: 12.5px; width: 12.5px; transform: translateX(9px) translateY(-18px);\"><\/div><\/div><div style=\"margin-left: 8px;\"> <div style=\" background-color: #F4F4F4; border-radius: 50%; flex-grow: 0; height: 20px; width: 20px;\"><\/div> <div style=\" width: 0; height: 0; border-top: 2px solid transparent; border-left: 6px solid #f4f4f4; border-bottom: 2px solid transparent; transform: translateX(16px) translateY(-4px) rotate(30deg)\"><\/div><\/div><div style=\"margin-left: auto;\"> <div style=\" width: 0px; border-top: 8px solid #F4F4F4; border-right: 8px solid transparent; transform: translateY(16px);\"><\/div> <div style=\" background-color: #F4F4F4; flex-grow: 0; height: 12px; width: 16px; transform: translateY(-4px);\"><\/div> <div style=\" width: 0; height: 0; border-top: 8px solid #F4F4F4; border-left: 8px solid transparent; transform: translateY(-4px) translateX(8px);\"><\/div><\/div><\/div> <div style=\"display: flex; flex-direction: column; flex-grow: 1; justify-content: center; margin-bottom: 24px;\"> <div style=\" background-color: #F4F4F4; border-radius: 4px; flex-grow: 0; height: 14px; margin-bottom: 6px; width: 224px;\"><\/div> <div style=\" background-color: #F4F4F4; border-radius: 4px; flex-grow: 0; height: 14px; width: 144px;\"><\/div><\/div><\/a><p style=\" color:#c9c8cd; font-family:Arial,sans-serif; font-size:14px; line-height:17px; margin-bottom:0; margin-top:8px; overflow:hidden; padding:8px 0 7px; text-align:center; text-overflow:ellipsis; white-space:nowrap;\"><a href=\"https:\/\/www.instagram.com\/p\/DBwLrs2OB0q\/?utm_source=ig_embed&amp;utm_campaign=loading\" style=\" color:#c9c8cd; font-family:Arial,sans-serif; font-size:14px; font-style:normal; font-weight:normal; line-height:17px; text-decoration:none;\" target=\"_blank\" rel=\"noopener\">A post shared by Ruta Agroecol\u00f3gica Mercedes (@rutaagroecologica)<\/a><\/p><\/div><\/blockquote><script async src=\"\/\/platform.instagram.com\/en_US\/embeds.js\"><\/script>\n<\/div><\/figure>\n","protected":false},"excerpt":{"rendered":"<p>El padre de la agroecolog\u00eda en Argentina participar\u00e1 de una serie de actividades que organizan los productores, miembros de la &#8230; <a title=\"Eduardo Cerd\u00e1 junto a la Ruta Agroecol\u00f3gica de Mercedes\" class=\"read-more\" href=\"https:\/\/www.hoymercedes.com.ar\/principal\/2024\/11\/03\/eduardo-cerda-junto-a-la-ruta-agroecologica-de-mercedes\/\" aria-label=\"Leer m\u00e1s sobre Eduardo Cerd\u00e1 junto a la Ruta Agroecol\u00f3gica de Mercedes\">Leer m\u00e1s<\/a><\/p>\n","protected":false},"author":1,"featured_media":180238,"comment_status":"closed","ping_status":"open","sticky":false,"template":"","format":"standard","meta":{"_monsterinsights_skip_tracking":false,"_monsterinsights_sitenote_active":false,"_monsterinsights_sitenote_note":"","_monsterinsights_sitenote_category":0,"jetpack_post_was_ever_published":false,"_jetpack_newsletter_access":"","_jetpack_dont_email_post_to_subs":false,"_jetpack_newsletter_tier_id":0,"_jetpack_memberships_contains_paywalled_content":false,"_jetpack_memberships_contains_paid_content":false,"footnotes":"","jetpack_publicize_message":"","jetpack_publicize_feature_enabled":true,"jetpack_social_post_already_shared":true,"jetpack_social_options":{"image_generator_settings":{"template":"highway","default_image_id":0,"font":"","enabled":false},"version":2},"_wpas_customize_per_network":false},"categories":[8],"tags":[],"class_list":["post-180236","post","type-post","status-publish","format-standard","has-post-thumbnail","hentry","category-sociedad","generate-columns","tablet-grid-50","mobile-grid-100","grid-parent","grid-50"],"jetpack_publicize_connections":[],"jetpack_featured_media_url":"https:\/\/www.hoymercedes.com.ar\/principal\/wp-content\/uploads\/2024\/11\/Imagen-de-WhatsApp-2024-11-02-a-las-19.28.08_99c931c9.jpg","wps_subtitle":"","jetpack_sharing_enabled":true,"_links":{"self":[{"href":"https:\/\/www.hoymercedes.com.ar\/principal\/wp-json\/wp\/v2\/posts\/180236","targetHints":{"allow":["GET"]}}],"collection":[{"href":"https:\/\/www.hoymercedes.com.ar\/principal\/wp-json\/wp\/v2\/posts"}],"about":[{"href":"https:\/\/www.hoymercedes.com.ar\/principal\/wp-json\/wp\/v2\/types\/post"}],"author":[{"embeddable":true,"href":"https:\/\/www.hoymercedes.com.ar\/principal\/wp-json\/wp\/v2\/users\/1"}],"replies":[{"embeddable":true,"href":"https:\/\/www.hoymercedes.com.ar\/principal\/wp-json\/wp\/v2\/comments?post=180236"}],"version-history":[{"count":0,"href":"https:\/\/www.hoymercedes.com.ar\/principal\/wp-json\/wp\/v2\/posts\/180236\/revisions"}],"wp:featuredmedia":[{"embeddable":true,"href":"https:\/\/www.hoymercedes.com.ar\/principal\/wp-json\/wp\/v2\/media\/180238"}],"wp:attachment":[{"href":"https:\/\/www.hoymercedes.com.ar\/principal\/wp-json\/wp\/v2\/media?parent=180236"}],"wp:term":[{"taxonomy":"category","embeddable":true,"href":"https:\/\/www.hoymercedes.com.ar\/principal\/wp-json\/wp\/v2\/categories?post=180236"},{"taxonomy":"post_tag","embeddable":true,"href":"https:\/\/www.hoymercedes.com.ar\/principal\/wp-json\/wp\/v2\/tags?post=180236"}],"curies":[{"name":"wp","href":"https:\/\/api.w.org\/{rel}","templated":true}]}}