{"id":180317,"date":"2024-11-06T12:32:42","date_gmt":"2024-11-06T15:32:42","guid":{"rendered":"https:\/\/www.hoymercedes.com.ar\/principal\/?p=180317"},"modified":"2024-11-06T12:32:43","modified_gmt":"2024-11-06T15:32:43","slug":"convenio-para-prevenir-incendio-en-las-carceles","status":"publish","type":"post","link":"https:\/\/www.hoymercedes.com.ar\/principal\/2024\/11\/06\/convenio-para-prevenir-incendio-en-las-carceles\/","title":{"rendered":"Convenio para prevenir incendio en las c\u00e1rceles"},"content":{"rendered":"\n<p>En el marco de las medidas preventivas de incendios se firm\u00f3 un convenio de cooperaci\u00f3n mutua este martes en la c\u00e1rcel bonaerense de Mercedes entre distintas instituciones locales a fin de coordinar acciones de capacitaci\u00f3n, formaci\u00f3n y asistencia t\u00e9cnica.<\/p>\n\n\n\n<figure class=\"wp-block-image size-large\"><img loading=\"lazy\" decoding=\"async\" width=\"1024\" height=\"682\" data-attachment-id=\"180318\" data-permalink=\"https:\/\/www.hoymercedes.com.ar\/principal\/2024\/11\/06\/convenio-para-prevenir-incendio-en-las-carceles\/6068cf4e-d842-41fe-a8fe-44c7a85ec360\/#main\" data-orig-file=\"https:\/\/www.hoymercedes.com.ar\/principal\/wp-content\/uploads\/2024\/11\/6068cf4e-d842-41fe-a8fe-44c7a85ec360.jpg\" data-orig-size=\"1280,853\" data-comments-opened=\"0\" data-image-meta=\"{&quot;aperture&quot;:&quot;0&quot;,&quot;credit&quot;:&quot;&quot;,&quot;camera&quot;:&quot;&quot;,&quot;caption&quot;:&quot;&quot;,&quot;created_timestamp&quot;:&quot;0&quot;,&quot;copyright&quot;:&quot;&quot;,&quot;focal_length&quot;:&quot;0&quot;,&quot;iso&quot;:&quot;0&quot;,&quot;shutter_speed&quot;:&quot;0&quot;,&quot;title&quot;:&quot;&quot;,&quot;orientation&quot;:&quot;0&quot;}\" data-image-title=\"6068cf4e-d842-41fe-a8fe-44c7a85ec360\" data-image-description=\"\" data-image-caption=\"\" data-large-file=\"https:\/\/www.hoymercedes.com.ar\/principal\/wp-content\/uploads\/2024\/11\/6068cf4e-d842-41fe-a8fe-44c7a85ec360-1024x682.jpg\" src=\"https:\/\/www.hoymercedes.com.ar\/principal\/wp-content\/uploads\/2024\/11\/6068cf4e-d842-41fe-a8fe-44c7a85ec360-1024x682.jpg\" alt=\"\" class=\"wp-image-180318\" srcset=\"https:\/\/www.hoymercedes.com.ar\/principal\/wp-content\/uploads\/2024\/11\/6068cf4e-d842-41fe-a8fe-44c7a85ec360-1024x682.jpg 1024w, https:\/\/www.hoymercedes.com.ar\/principal\/wp-content\/uploads\/2024\/11\/6068cf4e-d842-41fe-a8fe-44c7a85ec360-630x420.jpg 630w, https:\/\/www.hoymercedes.com.ar\/principal\/wp-content\/uploads\/2024\/11\/6068cf4e-d842-41fe-a8fe-44c7a85ec360-150x100.jpg 150w, https:\/\/www.hoymercedes.com.ar\/principal\/wp-content\/uploads\/2024\/11\/6068cf4e-d842-41fe-a8fe-44c7a85ec360-700x465.jpg 700w, https:\/\/www.hoymercedes.com.ar\/principal\/wp-content\/uploads\/2024\/11\/6068cf4e-d842-41fe-a8fe-44c7a85ec360.jpg 1280w\" sizes=\"auto, (max-width: 1024px) 100vw, 1024px\" \/><\/figure>\n\n\n\n<p>En el encuentro participaron representantes jer\u00e1rquicos de la Secretar\u00eda de Seguridad y de la Direcci\u00f3n de Tr\u00e1nsito del municipio, de los Bomberos Voluntarios, del SAME, de Defensa Civil y de la Unidad 5 del Servicio Penitenciario Bonaerense (SPB).<\/p>\n\n\n\n<p>Se trat\u00f3 de un acuerdo que cuenta con el apoyo del Ministerio de Justicia y Derechos Humanos de la provincia de Buenos Aires, conducido por Juan Mart\u00edn Mena.<\/p>\n\n\n\n<p>El convenio marco de cooperaci\u00f3n contempla fomentar camarader\u00eda entre las instituciones y as\u00ed favorecer un ambiente colaborativo para mejorar el rendimiento en situaciones de emergencia.<\/p>\n\n\n\n<p>Se acord\u00f3 comenzar con capacitaciones al personal penitenciario y personas privadas de libertad en RCP (reanimaci\u00f3n cardiopulmonar), equipos estructurales, equipos aut\u00f3nomos, correcto uso de mangueras de incendio y uso de extintores, en una formaci\u00f3n continua con talleres pr\u00e1cticos y te\u00f3ricos.<br>El convenio contempla adem\u00e1s visitas de efectivos de las instituciones mencionadas a fin de efectuar un reconocimiento de las instalaciones de la dependencia carcelaria.<br>Por otra parte, se concert\u00f3 la participaci\u00f3n y asesoramiento en futuros simulacros integrados, como as\u00ed tambi\u00e9n recomendaciones de los planes de evacuaci\u00f3n, contingencia y de llamadas, para reforzar las habilidades necesarias.<\/p>\n\n\n\n<p>En la Unidad 5 se hicieron presentes el responsable de la Secretaria de Seguridad Municipal, Mat\u00edas Marezca, la Jefa Regional Zona III de Defensa Civil de la provincia de Buenos Aires, Agustina Lore, el director del SAME, Cristian Paglieri, el Jefe del Cuartel de Bomberos Voluntarios Nro 27 de Mercedes, Comandante Mario Quaglia y la Directora de Tr\u00e1nsito de Mercedes, Y\u00e9sica L\u00f3pez.<\/p>\n\n\n\n<p>Los mencionados rubricaron el convenio junto al Director de Unidad 5, Prefecto Mayor Roberto Frade y el Jefe del Complejo Penitenciario Zona Norte, \u00a0Inspector Mayor Marcelo Bagaloni.<\/p>\n\n\n\n<p>Cabe mencionar que acompa\u00f1aron en la firma del acuerdo el Secretario de Coordinador del Complejo mencionado, \u00a0Inspector Mayor Fabi\u00e1n Solis, el Jefe del Departamento de Prevenci\u00f3n y Lucha Contra Incendios dependiente de la Direcci\u00f3n de Planeamiento y la Direcci\u00f3n General de Seguridad, Prefecto Fabio De Acevedo, el \u00a0Subdirector de Asistencia y Tratamiento, Prefecto Mayor Mario Rible y Subdirector de Seguridad, \u00a0Prefecto David Aparicio.<\/p>\n\n\n\n<p>El director de la c\u00e1rcel destac\u00f3 que \u00abeste convenio nos lleva a transitar un nuevo desaf\u00edo. Agradezco el acompa\u00f1amiento e intercambio de experiencias y conocimiento entre todas las instituciones. Sin duda alguna ser\u00e1 una herramienta fundamental para el profesionalismo de nuestro personal penitenciario en pos de proteger la vida ante alguna emergencia\u201d.<\/p>\n\n\n\n<p>Desde el SPB ya se concretaron acuerdos con cuarteles de bomberos y las Unidades 19 Saavedra, 17 Urdampilleta, 2, 27 y 38 Sierra Chica, 21, 41 y 57 Campana, y 39 Ituzaing\u00f3.<\/p>\n","protected":false},"excerpt":{"rendered":"<p>En el marco de las medidas preventivas de incendios se firm\u00f3 un convenio de cooperaci\u00f3n mutua este martes en la &#8230; <a title=\"Convenio para prevenir incendio en las c\u00e1rceles\" class=\"read-more\" href=\"https:\/\/www.hoymercedes.com.ar\/principal\/2024\/11\/06\/convenio-para-prevenir-incendio-en-las-carceles\/\" aria-label=\"Leer m\u00e1s sobre Convenio para prevenir incendio en las c\u00e1rceles\">Leer m\u00e1s<\/a><\/p>\n","protected":false},"author":1,"featured_media":180318,"comment_status":"closed","ping_status":"open","sticky":false,"template":"","format":"standard","meta":{"_monsterinsights_skip_tracking":false,"_monsterinsights_sitenote_active":false,"_monsterinsights_sitenote_note":"","_monsterinsights_sitenote_category":0,"jetpack_post_was_ever_published":false,"_jetpack_newsletter_access":"","_jetpack_dont_email_post_to_subs":false,"_jetpack_newsletter_tier_id":0,"_jetpack_memberships_contains_paywalled_content":false,"_jetpack_memberships_contains_paid_content":false,"footnotes":"","jetpack_publicize_message":"","jetpack_publicize_feature_enabled":true,"jetpack_social_post_already_shared":true,"jetpack_social_options":{"image_generator_settings":{"template":"highway","default_image_id":0,"font":"","enabled":false},"version":2},"_wpas_customize_per_network":false},"categories":[8],"tags":[],"class_list":["post-180317","post","type-post","status-publish","format-standard","has-post-thumbnail","hentry","category-sociedad","generate-columns","tablet-grid-50","mobile-grid-100","grid-parent","grid-50"],"jetpack_publicize_connections":[],"jetpack_featured_media_url":"https:\/\/www.hoymercedes.com.ar\/principal\/wp-content\/uploads\/2024\/11\/6068cf4e-d842-41fe-a8fe-44c7a85ec360.jpg","wps_subtitle":"","jetpack_sharing_enabled":true,"_links":{"self":[{"href":"https:\/\/www.hoymercedes.com.ar\/principal\/wp-json\/wp\/v2\/posts\/180317","targetHints":{"allow":["GET"]}}],"collection":[{"href":"https:\/\/www.hoymercedes.com.ar\/principal\/wp-json\/wp\/v2\/posts"}],"about":[{"href":"https:\/\/www.hoymercedes.com.ar\/principal\/wp-json\/wp\/v2\/types\/post"}],"author":[{"embeddable":true,"href":"https:\/\/www.hoymercedes.com.ar\/principal\/wp-json\/wp\/v2\/users\/1"}],"replies":[{"embeddable":true,"href":"https:\/\/www.hoymercedes.com.ar\/principal\/wp-json\/wp\/v2\/comments?post=180317"}],"version-history":[{"count":0,"href":"https:\/\/www.hoymercedes.com.ar\/principal\/wp-json\/wp\/v2\/posts\/180317\/revisions"}],"wp:featuredmedia":[{"embeddable":true,"href":"https:\/\/www.hoymercedes.com.ar\/principal\/wp-json\/wp\/v2\/media\/180318"}],"wp:attachment":[{"href":"https:\/\/www.hoymercedes.com.ar\/principal\/wp-json\/wp\/v2\/media?parent=180317"}],"wp:term":[{"taxonomy":"category","embeddable":true,"href":"https:\/\/www.hoymercedes.com.ar\/principal\/wp-json\/wp\/v2\/categories?post=180317"},{"taxonomy":"post_tag","embeddable":true,"href":"https:\/\/www.hoymercedes.com.ar\/principal\/wp-json\/wp\/v2\/tags?post=180317"}],"curies":[{"name":"wp","href":"https:\/\/api.w.org\/{rel}","templated":true}]}}