{"id":180324,"date":"2024-11-07T00:17:51","date_gmt":"2024-11-07T03:17:51","guid":{"rendered":"https:\/\/www.hoymercedes.com.ar\/principal\/?p=180324"},"modified":"2024-11-07T00:17:52","modified_gmt":"2024-11-07T03:17:52","slug":"se-viene-la-9-fiesta-de-la-tradicion-en-el-parque-municipal","status":"publish","type":"post","link":"https:\/\/www.hoymercedes.com.ar\/principal\/2024\/11\/07\/se-viene-la-9-fiesta-de-la-tradicion-en-el-parque-municipal\/","title":{"rendered":"Se viene la 9\u00b0 Fiesta de la Tradici\u00f3n en el Parque Municipal"},"content":{"rendered":"\n<figure class=\"wp-block-image size-large\"><img loading=\"lazy\" decoding=\"async\" width=\"1024\" height=\"682\" data-attachment-id=\"180325\" data-permalink=\"https:\/\/www.hoymercedes.com.ar\/principal\/2024\/11\/07\/se-viene-la-9-fiesta-de-la-tradicion-en-el-parque-municipal\/dsc09394\/#main\" data-orig-file=\"https:\/\/www.hoymercedes.com.ar\/principal\/wp-content\/uploads\/2024\/11\/DSC09394.jpg\" data-orig-size=\"1319,879\" data-comments-opened=\"0\" data-image-meta=\"{&quot;aperture&quot;:&quot;0&quot;,&quot;credit&quot;:&quot;&quot;,&quot;camera&quot;:&quot;&quot;,&quot;caption&quot;:&quot;&quot;,&quot;created_timestamp&quot;:&quot;0&quot;,&quot;copyright&quot;:&quot;&quot;,&quot;focal_length&quot;:&quot;0&quot;,&quot;iso&quot;:&quot;0&quot;,&quot;shutter_speed&quot;:&quot;0&quot;,&quot;title&quot;:&quot;&quot;,&quot;orientation&quot;:&quot;0&quot;}\" data-image-title=\"Se viene la 9\u00b0 Fiesta de la Tradici\u00f3n en el Parque Municipal\" data-image-description=\"&lt;p&gt;Se viene la 9\u00b0 Fiesta de la Tradici\u00f3n en el Parque Municipal&lt;\/p&gt;\n\" data-image-caption=\"&lt;p&gt;Se viene la 9\u00b0 Fiesta de la Tradici\u00f3n en el Parque Municipal&lt;\/p&gt;\n\" data-large-file=\"https:\/\/www.hoymercedes.com.ar\/principal\/wp-content\/uploads\/2024\/11\/DSC09394-1024x682.jpg\" src=\"https:\/\/www.hoymercedes.com.ar\/principal\/wp-content\/uploads\/2024\/11\/DSC09394-1024x682.jpg\" alt=\"\" class=\"wp-image-180325\" srcset=\"https:\/\/www.hoymercedes.com.ar\/principal\/wp-content\/uploads\/2024\/11\/DSC09394-1024x682.jpg 1024w, https:\/\/www.hoymercedes.com.ar\/principal\/wp-content\/uploads\/2024\/11\/DSC09394-630x420.jpg 630w, https:\/\/www.hoymercedes.com.ar\/principal\/wp-content\/uploads\/2024\/11\/DSC09394-150x100.jpg 150w, https:\/\/www.hoymercedes.com.ar\/principal\/wp-content\/uploads\/2024\/11\/DSC09394-700x465.jpg 700w, https:\/\/www.hoymercedes.com.ar\/principal\/wp-content\/uploads\/2024\/11\/DSC09394.jpg 1319w\" sizes=\"auto, (max-width: 1024px) 100vw, 1024px\" \/><\/figure>\n\n\n\n<p>El pr\u00f3ximo s\u00e1bado 16 y domingo 17 de noviembre se vivir\u00e1 la nueva edici\u00f3n de la Fiesta de la Tradici\u00f3n. Habr\u00e1 grandes artistas, experiencias camperas y lo mejor de nuestra identidad y cultura nacional. La presentaci\u00f3n se efectu\u00f3 en el establecimiento La Matera de <strong>Plan Divino Group<\/strong>. El intendente <strong>Juan Ustarroz<\/strong> agradeci\u00f3&nbsp; a <strong>Amigos Pe\u00f1eros<\/strong> y a todas y todos los que hacen posible este encuentro que promueve el arte, la cultura, el trabajo y el turismo.<\/p>\n\n\n\n<p><strong>Guillermo Vola<\/strong>, de la agrupaci\u00f3n Amigos Pe\u00f1eros agradeci\u00f3 a \u201cJorge Quinteros por acompa\u00f1arnos, siendo parte de Plan Divino que nos est\u00e1 recibiendo\u201d y \u201ceste 16 y 17 en el C\u00edrculo Criollo, all\u00e1 del Parque Nuevo Municipal, se van a desarrollar como todos los a\u00f1os destrezas gauchas, exposiciones, puestos de artesanos, m\u00fasica en vivo, reconocimientos y especialmente valorizando la cultura y tradici\u00f3n campera en esta iniciativa que desde Amigos Pe\u00f1eros impulsamos junto a trabajadores y trabajadoras municipales\u201d afirm\u00f3.<\/p>\n\n\n\n<figure class=\"wp-block-image size-large\"><img loading=\"lazy\" decoding=\"async\" width=\"1024\" height=\"682\" data-attachment-id=\"180326\" data-permalink=\"https:\/\/www.hoymercedes.com.ar\/principal\/2024\/11\/07\/se-viene-la-9-fiesta-de-la-tradicion-en-el-parque-municipal\/dsc09344\/#main\" data-orig-file=\"https:\/\/www.hoymercedes.com.ar\/principal\/wp-content\/uploads\/2024\/11\/DSC09344.jpg\" data-orig-size=\"1319,879\" data-comments-opened=\"0\" data-image-meta=\"{&quot;aperture&quot;:&quot;0&quot;,&quot;credit&quot;:&quot;&quot;,&quot;camera&quot;:&quot;&quot;,&quot;caption&quot;:&quot;&quot;,&quot;created_timestamp&quot;:&quot;0&quot;,&quot;copyright&quot;:&quot;&quot;,&quot;focal_length&quot;:&quot;0&quot;,&quot;iso&quot;:&quot;0&quot;,&quot;shutter_speed&quot;:&quot;0&quot;,&quot;title&quot;:&quot;&quot;,&quot;orientation&quot;:&quot;0&quot;}\" data-image-title=\"Se viene la 9\u00b0 Fiesta de la Tradici\u00f3n en el Parque Municipal\" data-image-description=\"&lt;p&gt;Se viene la 9\u00b0 Fiesta de la Tradici\u00f3n en el Parque Municipal&lt;\/p&gt;\n\" data-image-caption=\"&lt;p&gt;Se viene la 9\u00b0 Fiesta de la Tradici\u00f3n en el Parque Municipal&lt;\/p&gt;\n\" data-large-file=\"https:\/\/www.hoymercedes.com.ar\/principal\/wp-content\/uploads\/2024\/11\/DSC09344-1024x682.jpg\" src=\"https:\/\/www.hoymercedes.com.ar\/principal\/wp-content\/uploads\/2024\/11\/DSC09344-1024x682.jpg\" alt=\"Se viene la 9\u00b0 Fiesta de la Tradici\u00f3n en el Parque Municipal\" class=\"wp-image-180326\" srcset=\"https:\/\/www.hoymercedes.com.ar\/principal\/wp-content\/uploads\/2024\/11\/DSC09344-1024x682.jpg 1024w, https:\/\/www.hoymercedes.com.ar\/principal\/wp-content\/uploads\/2024\/11\/DSC09344-630x420.jpg 630w, https:\/\/www.hoymercedes.com.ar\/principal\/wp-content\/uploads\/2024\/11\/DSC09344-150x100.jpg 150w, https:\/\/www.hoymercedes.com.ar\/principal\/wp-content\/uploads\/2024\/11\/DSC09344-700x465.jpg 700w, https:\/\/www.hoymercedes.com.ar\/principal\/wp-content\/uploads\/2024\/11\/DSC09344.jpg 1319w\" sizes=\"auto, (max-width: 1024px) 100vw, 1024px\" \/><\/figure>\n\n\n\n<p>Recalc\u00f3 que \u201ces una fiesta popular, agradecemos al intendente Ustarroz por apoyarnos siempre, buscando sea un gran encuentro, para todas las familias, para los trabajadores y trabajadoras rurales, accesible y con hermosas propuestas\u201d narr\u00f3.<\/p>\n\n\n\n<p><strong>Francisco Dinova<\/strong>, director de turismo, coment\u00f3 dio \u201cmuchas gracias al Ballet, a los representantes de fiestas, a diferentes sectores que hacen al turismo de Mercedes por estar acompa\u00f1\u00e1ndonos\u201d y cont\u00f3 que \u201cel s\u00e1bado 16, la entrada va a ser libre y gratuita, y como siempre vamos a tener diferentes actividades gauchas y musicales, que estuvo coordinando la Direcci\u00f3n de Cultura. Y el d\u00eda domingo el acceso va a ser muy popular, con la entrada general de 2.000 pesos\u201d<\/p>\n\n\n\n<p>\u201cVamos a tener, el domingo, el tradicional desfile gaucho sobre avenida 29\u201d tambi\u00e9n representando \u201cla historia y cultura de nuestros pueblos\u201d.<\/p>\n\n\n\n<figure class=\"wp-block-image size-large\"><img loading=\"lazy\" decoding=\"async\" width=\"1024\" height=\"682\" data-attachment-id=\"180327\" data-permalink=\"https:\/\/www.hoymercedes.com.ar\/principal\/2024\/11\/07\/se-viene-la-9-fiesta-de-la-tradicion-en-el-parque-municipal\/dsc09322\/#main\" data-orig-file=\"https:\/\/www.hoymercedes.com.ar\/principal\/wp-content\/uploads\/2024\/11\/DSC09322.jpg\" data-orig-size=\"1319,879\" data-comments-opened=\"0\" data-image-meta=\"{&quot;aperture&quot;:&quot;0&quot;,&quot;credit&quot;:&quot;&quot;,&quot;camera&quot;:&quot;&quot;,&quot;caption&quot;:&quot;&quot;,&quot;created_timestamp&quot;:&quot;0&quot;,&quot;copyright&quot;:&quot;&quot;,&quot;focal_length&quot;:&quot;0&quot;,&quot;iso&quot;:&quot;0&quot;,&quot;shutter_speed&quot;:&quot;0&quot;,&quot;title&quot;:&quot;&quot;,&quot;orientation&quot;:&quot;0&quot;}\" data-image-title=\"Se viene la 9\u00b0 Fiesta de la Tradici\u00f3n en el Parque Municipal\" data-image-description=\"&lt;p&gt;Se viene la 9\u00b0 Fiesta de la Tradici\u00f3n en el Parque Municipal&lt;\/p&gt;\n\" data-image-caption=\"&lt;p&gt;Se viene la 9\u00b0 Fiesta de la Tradici\u00f3n en el Parque Municipal&lt;\/p&gt;\n\" data-large-file=\"https:\/\/www.hoymercedes.com.ar\/principal\/wp-content\/uploads\/2024\/11\/DSC09322-1024x682.jpg\" src=\"https:\/\/www.hoymercedes.com.ar\/principal\/wp-content\/uploads\/2024\/11\/DSC09322-1024x682.jpg\" alt=\"Se viene la 9\u00b0 Fiesta de la Tradici\u00f3n en el Parque Municipal\" class=\"wp-image-180327\" srcset=\"https:\/\/www.hoymercedes.com.ar\/principal\/wp-content\/uploads\/2024\/11\/DSC09322-1024x682.jpg 1024w, https:\/\/www.hoymercedes.com.ar\/principal\/wp-content\/uploads\/2024\/11\/DSC09322-630x420.jpg 630w, https:\/\/www.hoymercedes.com.ar\/principal\/wp-content\/uploads\/2024\/11\/DSC09322-150x100.jpg 150w, https:\/\/www.hoymercedes.com.ar\/principal\/wp-content\/uploads\/2024\/11\/DSC09322-700x465.jpg 700w, https:\/\/www.hoymercedes.com.ar\/principal\/wp-content\/uploads\/2024\/11\/DSC09322.jpg 1319w\" sizes=\"auto, (max-width: 1024px) 100vw, 1024px\" \/><\/figure>\n\n\n\n<p>Antes de finalizar record\u00f3 que \u201cComo siempre decimos, promueve el turismo, incentiva la econom\u00eda local, une a las familias, emprendedores, son generadoras de trabajo, de empleo. Cuando digo trabajo o empleo son absolutamente todos, gastron\u00f3micos, clubes, instituciones de la comunidad, nuestros artistas, es una circulo virtuoso, as\u00ed que muchas gracias por acompa\u00f1ar siempre estas iniciativas\u201d<\/p>\n\n\n\n<p>El intendente <strong>Juan I. Ustarroz<\/strong> remarc\u00f3 que \u201ccelebramos esta unidad que se da de distintos espacios con un objetivo com\u00fan e importante, colaborativo, como lo es tener la posibilidad del encuentro\u201d y \u201cque la fiesta salga bien sin duda beneficia a toda la comunidad\u201d.<\/p>\n\n\n\n<figure class=\"wp-block-image size-large\"><img loading=\"lazy\" decoding=\"async\" width=\"1024\" height=\"682\" data-attachment-id=\"180328\" data-permalink=\"https:\/\/www.hoymercedes.com.ar\/principal\/2024\/11\/07\/se-viene-la-9-fiesta-de-la-tradicion-en-el-parque-municipal\/dsc09388\/#main\" data-orig-file=\"https:\/\/www.hoymercedes.com.ar\/principal\/wp-content\/uploads\/2024\/11\/DSC09388.jpg\" data-orig-size=\"1319,879\" data-comments-opened=\"0\" data-image-meta=\"{&quot;aperture&quot;:&quot;0&quot;,&quot;credit&quot;:&quot;&quot;,&quot;camera&quot;:&quot;&quot;,&quot;caption&quot;:&quot;&quot;,&quot;created_timestamp&quot;:&quot;0&quot;,&quot;copyright&quot;:&quot;&quot;,&quot;focal_length&quot;:&quot;0&quot;,&quot;iso&quot;:&quot;0&quot;,&quot;shutter_speed&quot;:&quot;0&quot;,&quot;title&quot;:&quot;&quot;,&quot;orientation&quot;:&quot;0&quot;}\" data-image-title=\"Se viene la 9\u00b0 Fiesta de la Tradici\u00f3n en el Parque Municipal\" data-image-description=\"&lt;p&gt;Se viene la 9\u00b0 Fiesta de la Tradici\u00f3n en el Parque Municipal&lt;\/p&gt;\n\" data-image-caption=\"&lt;p&gt;Se viene la 9\u00b0 Fiesta de la Tradici\u00f3n en el Parque Municipal&lt;\/p&gt;\n\" data-large-file=\"https:\/\/www.hoymercedes.com.ar\/principal\/wp-content\/uploads\/2024\/11\/DSC09388-1024x682.jpg\" src=\"https:\/\/www.hoymercedes.com.ar\/principal\/wp-content\/uploads\/2024\/11\/DSC09388-1024x682.jpg\" alt=\"Se viene la 9\u00b0 Fiesta de la Tradici\u00f3n en el Parque Municipal\" class=\"wp-image-180328\" srcset=\"https:\/\/www.hoymercedes.com.ar\/principal\/wp-content\/uploads\/2024\/11\/DSC09388-1024x682.jpg 1024w, https:\/\/www.hoymercedes.com.ar\/principal\/wp-content\/uploads\/2024\/11\/DSC09388-630x420.jpg 630w, https:\/\/www.hoymercedes.com.ar\/principal\/wp-content\/uploads\/2024\/11\/DSC09388-150x100.jpg 150w, https:\/\/www.hoymercedes.com.ar\/principal\/wp-content\/uploads\/2024\/11\/DSC09388-700x465.jpg 700w, https:\/\/www.hoymercedes.com.ar\/principal\/wp-content\/uploads\/2024\/11\/DSC09388.jpg 1319w\" sizes=\"auto, (max-width: 1024px) 100vw, 1024px\" \/><\/figure>\n\n\n\n<p>\u201cNo tengo dudas de que va a ser una fiesta extraordinaria, porque la gente tambi\u00e9n se contagia de este clima colaborativo, donde todos somos art\u00edfices del destino com\u00fan, donde todos tenemos nuestro granito de arena para aportar, que empieza con la buena predisposici\u00f3n, las ganas de disfrutar, de compartir y de unirnos en temas importantes\u201d.<\/p>\n\n\n\n<p>\u201cGracias Amigos Pe\u00f1eros por el impulso, al establecimiento La Matera y Plan Divino por permitirnos presentar la fiesta en estas instalaciones, donde est\u00e1n desarrollando un proyecto pedag\u00f3gico, productivo y ambiental sumamente importante, dando trabajo y siendo solidarios con nuestra comunidad\u201d.<\/p>\n\n\n\n<p>Antes de finalizar el jefe comunal recalc\u00f3 la \u201cgran tarea de las y los trabajadores municipales de todas las \u00e1reas, porque se involucran en el desarrollo y \u00e9xito de esta y todas las fiestas\u201d destac\u00f3.<\/p>\n\n\n\n<figure class=\"wp-block-image size-large\"><img loading=\"lazy\" decoding=\"async\" width=\"1024\" height=\"682\" data-attachment-id=\"180329\" data-permalink=\"https:\/\/www.hoymercedes.com.ar\/principal\/2024\/11\/07\/se-viene-la-9-fiesta-de-la-tradicion-en-el-parque-municipal\/dsc00019\/#main\" data-orig-file=\"https:\/\/www.hoymercedes.com.ar\/principal\/wp-content\/uploads\/2024\/11\/DSC00019.jpg\" data-orig-size=\"1319,879\" data-comments-opened=\"0\" data-image-meta=\"{&quot;aperture&quot;:&quot;0&quot;,&quot;credit&quot;:&quot;&quot;,&quot;camera&quot;:&quot;&quot;,&quot;caption&quot;:&quot;&quot;,&quot;created_timestamp&quot;:&quot;0&quot;,&quot;copyright&quot;:&quot;&quot;,&quot;focal_length&quot;:&quot;0&quot;,&quot;iso&quot;:&quot;0&quot;,&quot;shutter_speed&quot;:&quot;0&quot;,&quot;title&quot;:&quot;&quot;,&quot;orientation&quot;:&quot;0&quot;}\" data-image-title=\"Se viene la 9\u00b0 Fiesta de la Tradici\u00f3n en el Parque Municipal\" data-image-description=\"&lt;p&gt;Se viene la 9\u00b0 Fiesta de la Tradici\u00f3n en el Parque Municipal&lt;\/p&gt;\n\" data-image-caption=\"&lt;p&gt;Se viene la 9\u00b0 Fiesta de la Tradici\u00f3n en el Parque Municipal&lt;\/p&gt;\n\" data-large-file=\"https:\/\/www.hoymercedes.com.ar\/principal\/wp-content\/uploads\/2024\/11\/DSC00019-1024x682.jpg\" src=\"https:\/\/www.hoymercedes.com.ar\/principal\/wp-content\/uploads\/2024\/11\/DSC00019-1024x682.jpg\" alt=\"Se viene la 9\u00b0 Fiesta de la Tradici\u00f3n en el Parque Municipal\" class=\"wp-image-180329\" srcset=\"https:\/\/www.hoymercedes.com.ar\/principal\/wp-content\/uploads\/2024\/11\/DSC00019-1024x682.jpg 1024w, https:\/\/www.hoymercedes.com.ar\/principal\/wp-content\/uploads\/2024\/11\/DSC00019-630x420.jpg 630w, https:\/\/www.hoymercedes.com.ar\/principal\/wp-content\/uploads\/2024\/11\/DSC00019-150x100.jpg 150w, https:\/\/www.hoymercedes.com.ar\/principal\/wp-content\/uploads\/2024\/11\/DSC00019-700x465.jpg 700w, https:\/\/www.hoymercedes.com.ar\/principal\/wp-content\/uploads\/2024\/11\/DSC00019.jpg 1319w\" sizes=\"auto, (max-width: 1024px) 100vw, 1024px\" \/><\/figure>\n\n\n\n<p>La fiesta tendr\u00e1 una amplia y variada grilla de artistas del campo popular, con una pe\u00f1a previa el 10 de noviembre en La Trocha. La propuesta, como se dijo, ser\u00e1 el 16 y 17 de noviembre en el Parque Municipal, en el sector del C\u00edrculo Criollo. El s\u00e1bado con entrada gratis y el domingo al m\u00f3dico valor de $2000, personas con discapacidad y menores de 12 a\u00f1os gratis.<\/p>\n\n\n\n<figure class=\"wp-block-image size-large\"><img loading=\"lazy\" decoding=\"async\" width=\"1024\" height=\"682\" data-attachment-id=\"180330\" data-permalink=\"https:\/\/www.hoymercedes.com.ar\/principal\/2024\/11\/07\/se-viene-la-9-fiesta-de-la-tradicion-en-el-parque-municipal\/dsc00035\/#main\" data-orig-file=\"https:\/\/www.hoymercedes.com.ar\/principal\/wp-content\/uploads\/2024\/11\/DSC00035.jpg\" data-orig-size=\"1319,879\" data-comments-opened=\"0\" data-image-meta=\"{&quot;aperture&quot;:&quot;0&quot;,&quot;credit&quot;:&quot;&quot;,&quot;camera&quot;:&quot;&quot;,&quot;caption&quot;:&quot;&quot;,&quot;created_timestamp&quot;:&quot;0&quot;,&quot;copyright&quot;:&quot;&quot;,&quot;focal_length&quot;:&quot;0&quot;,&quot;iso&quot;:&quot;0&quot;,&quot;shutter_speed&quot;:&quot;0&quot;,&quot;title&quot;:&quot;&quot;,&quot;orientation&quot;:&quot;0&quot;}\" data-image-title=\"DSC00035\" data-image-description=\"\" data-image-caption=\"\" data-large-file=\"https:\/\/www.hoymercedes.com.ar\/principal\/wp-content\/uploads\/2024\/11\/DSC00035-1024x682.jpg\" src=\"https:\/\/www.hoymercedes.com.ar\/principal\/wp-content\/uploads\/2024\/11\/DSC00035-1024x682.jpg\" alt=\"Se viene la 9\u00b0 Fiesta de la Tradici\u00f3n en el Parque Municipal\" class=\"wp-image-180330\" srcset=\"https:\/\/www.hoymercedes.com.ar\/principal\/wp-content\/uploads\/2024\/11\/DSC00035-1024x682.jpg 1024w, https:\/\/www.hoymercedes.com.ar\/principal\/wp-content\/uploads\/2024\/11\/DSC00035-630x420.jpg 630w, https:\/\/www.hoymercedes.com.ar\/principal\/wp-content\/uploads\/2024\/11\/DSC00035-150x100.jpg 150w, https:\/\/www.hoymercedes.com.ar\/principal\/wp-content\/uploads\/2024\/11\/DSC00035-700x465.jpg 700w, https:\/\/www.hoymercedes.com.ar\/principal\/wp-content\/uploads\/2024\/11\/DSC00035.jpg 1319w\" sizes=\"auto, (max-width: 1024px) 100vw, 1024px\" \/><\/figure>\n","protected":false},"excerpt":{"rendered":"<p>Se viene la 9\u00b0 Fiesta de la Tradici\u00f3n en el Parque Municipal<\/p>\n","protected":false},"author":1,"featured_media":180325,"comment_status":"closed","ping_status":"open","sticky":false,"template":"","format":"standard","meta":{"_monsterinsights_skip_tracking":false,"_monsterinsights_sitenote_active":false,"_monsterinsights_sitenote_note":"","_monsterinsights_sitenote_category":0,"jetpack_post_was_ever_published":false,"_jetpack_newsletter_access":"","_jetpack_dont_email_post_to_subs":false,"_jetpack_newsletter_tier_id":0,"_jetpack_memberships_contains_paywalled_content":false,"_jetpack_memberships_contains_paid_content":false,"footnotes":"","jetpack_publicize_message":"","jetpack_publicize_feature_enabled":true,"jetpack_social_post_already_shared":true,"jetpack_social_options":{"image_generator_settings":{"template":"highway","default_image_id":0,"font":"","enabled":false},"version":2},"_wpas_customize_per_network":false},"categories":[8],"tags":[],"class_list":["post-180324","post","type-post","status-publish","format-standard","has-post-thumbnail","hentry","category-sociedad","generate-columns","tablet-grid-50","mobile-grid-100","grid-parent","grid-50"],"jetpack_publicize_connections":[],"jetpack_featured_media_url":"https:\/\/www.hoymercedes.com.ar\/principal\/wp-content\/uploads\/2024\/11\/DSC09394.jpg","wps_subtitle":"Fiestas populares","jetpack_sharing_enabled":true,"_links":{"self":[{"href":"https:\/\/www.hoymercedes.com.ar\/principal\/wp-json\/wp\/v2\/posts\/180324","targetHints":{"allow":["GET"]}}],"collection":[{"href":"https:\/\/www.hoymercedes.com.ar\/principal\/wp-json\/wp\/v2\/posts"}],"about":[{"href":"https:\/\/www.hoymercedes.com.ar\/principal\/wp-json\/wp\/v2\/types\/post"}],"author":[{"embeddable":true,"href":"https:\/\/www.hoymercedes.com.ar\/principal\/wp-json\/wp\/v2\/users\/1"}],"replies":[{"embeddable":true,"href":"https:\/\/www.hoymercedes.com.ar\/principal\/wp-json\/wp\/v2\/comments?post=180324"}],"version-history":[{"count":0,"href":"https:\/\/www.hoymercedes.com.ar\/principal\/wp-json\/wp\/v2\/posts\/180324\/revisions"}],"wp:featuredmedia":[{"embeddable":true,"href":"https:\/\/www.hoymercedes.com.ar\/principal\/wp-json\/wp\/v2\/media\/180325"}],"wp:attachment":[{"href":"https:\/\/www.hoymercedes.com.ar\/principal\/wp-json\/wp\/v2\/media?parent=180324"}],"wp:term":[{"taxonomy":"category","embeddable":true,"href":"https:\/\/www.hoymercedes.com.ar\/principal\/wp-json\/wp\/v2\/categories?post=180324"},{"taxonomy":"post_tag","embeddable":true,"href":"https:\/\/www.hoymercedes.com.ar\/principal\/wp-json\/wp\/v2\/tags?post=180324"}],"curies":[{"name":"wp","href":"https:\/\/api.w.org\/{rel}","templated":true}]}}