{"id":180342,"date":"2024-11-07T16:22:17","date_gmt":"2024-11-07T19:22:17","guid":{"rendered":"https:\/\/www.hoymercedes.com.ar\/principal\/?p=180342"},"modified":"2024-11-07T16:22:19","modified_gmt":"2024-11-07T19:22:19","slug":"jubilados-y-pensionados-volveran-a-reclamar-al-pami","status":"publish","type":"post","link":"https:\/\/www.hoymercedes.com.ar\/principal\/2024\/11\/07\/jubilados-y-pensionados-volveran-a-reclamar-al-pami\/","title":{"rendered":"Jubilados y pensionados volver\u00e1n a reclamar al PAMI"},"content":{"rendered":"\n<p>Ante el ajuste enorme que est\u00e1n padeciendo y el recorte de medicamentos y prestaciones volver\u00e1n a juntarse en las instalaciones del PAMI Mercedes para exponer la grave situaci\u00f3n que est\u00e1n enfrentando.<\/p>\n\n\n\n<p>En 25 y 16 ser\u00e1 la reuni\u00f3n a la que invitan a quienes deseen sumarse y dar su apoyo.<\/p>\n\n\n\n<p>Uno de los temas m\u00e1s preocupantes, exponen, es la de los medicamentos, que en el a\u00f1o han tenido un aumento del 600% y las coberturas se cayeron como nunca antes.<\/p>\n\n\n\n<p>El achique de haberes jubilatorios se ve directa e indirectamente: por falta de aumentos por parte del gobierno de Milei y Juntos y la eliminaci\u00f3n de coberturas del PAMI, conducido a nivel local por la concejal Silvia Di Leo.<\/p>\n\n\n\n<p>Ser\u00e1 a las 9hs de este viernes el encuentro.<\/p>\n","protected":false},"excerpt":{"rendered":"<p>Ante el ajuste enorme que est\u00e1n padeciendo y el recorte de medicamentos y prestaciones volver\u00e1n a juntarse en las instalaciones &#8230; <a title=\"Jubilados y pensionados volver\u00e1n a reclamar al PAMI\" class=\"read-more\" href=\"https:\/\/www.hoymercedes.com.ar\/principal\/2024\/11\/07\/jubilados-y-pensionados-volveran-a-reclamar-al-pami\/\" aria-label=\"Leer m\u00e1s sobre Jubilados y pensionados volver\u00e1n a reclamar al PAMI\">Leer m\u00e1s<\/a><\/p>\n","protected":false},"author":1,"featured_media":178751,"comment_status":"closed","ping_status":"open","sticky":false,"template":"","format":"standard","meta":{"_monsterinsights_skip_tracking":false,"_monsterinsights_sitenote_active":false,"_monsterinsights_sitenote_note":"","_monsterinsights_sitenote_category":0,"jetpack_post_was_ever_published":false,"_jetpack_newsletter_access":"","_jetpack_dont_email_post_to_subs":false,"_jetpack_newsletter_tier_id":0,"_jetpack_memberships_contains_paywalled_content":false,"_jetpack_memberships_contains_paid_content":false,"footnotes":"","jetpack_publicize_message":"","jetpack_publicize_feature_enabled":true,"jetpack_social_post_already_shared":true,"jetpack_social_options":{"image_generator_settings":{"template":"highway","default_image_id":0,"font":"","enabled":false},"version":2},"_wpas_customize_per_network":false},"categories":[8],"tags":[19232,7944,1099],"class_list":["post-180342","post","type-post","status-publish","format-standard","has-post-thumbnail","hentry","category-sociedad","tag-ajuste-de-milei","tag-jubilados","tag-reclamos","generate-columns","tablet-grid-50","mobile-grid-100","grid-parent","grid-50"],"jetpack_publicize_connections":[],"jetpack_featured_media_url":"https:\/\/www.hoymercedes.com.ar\/principal\/wp-content\/uploads\/2024\/09\/Abrazo-PAMI.jpg","wps_subtitle":"Situaci\u00f3n social","jetpack_sharing_enabled":true,"_links":{"self":[{"href":"https:\/\/www.hoymercedes.com.ar\/principal\/wp-json\/wp\/v2\/posts\/180342","targetHints":{"allow":["GET"]}}],"collection":[{"href":"https:\/\/www.hoymercedes.com.ar\/principal\/wp-json\/wp\/v2\/posts"}],"about":[{"href":"https:\/\/www.hoymercedes.com.ar\/principal\/wp-json\/wp\/v2\/types\/post"}],"author":[{"embeddable":true,"href":"https:\/\/www.hoymercedes.com.ar\/principal\/wp-json\/wp\/v2\/users\/1"}],"replies":[{"embeddable":true,"href":"https:\/\/www.hoymercedes.com.ar\/principal\/wp-json\/wp\/v2\/comments?post=180342"}],"version-history":[{"count":0,"href":"https:\/\/www.hoymercedes.com.ar\/principal\/wp-json\/wp\/v2\/posts\/180342\/revisions"}],"wp:featuredmedia":[{"embeddable":true,"href":"https:\/\/www.hoymercedes.com.ar\/principal\/wp-json\/wp\/v2\/media\/178751"}],"wp:attachment":[{"href":"https:\/\/www.hoymercedes.com.ar\/principal\/wp-json\/wp\/v2\/media?parent=180342"}],"wp:term":[{"taxonomy":"category","embeddable":true,"href":"https:\/\/www.hoymercedes.com.ar\/principal\/wp-json\/wp\/v2\/categories?post=180342"},{"taxonomy":"post_tag","embeddable":true,"href":"https:\/\/www.hoymercedes.com.ar\/principal\/wp-json\/wp\/v2\/tags?post=180342"}],"curies":[{"name":"wp","href":"https:\/\/api.w.org\/{rel}","templated":true}]}}