{"id":180352,"date":"2024-11-08T15:13:41","date_gmt":"2024-11-08T18:13:41","guid":{"rendered":"https:\/\/www.hoymercedes.com.ar\/principal\/?p=180352"},"modified":"2024-11-08T15:13:43","modified_gmt":"2024-11-08T18:13:43","slug":"kicillof-en-la-unlu-milei-ataca-a-las-universidades-y-la-provincia-las-respeta","status":"publish","type":"post","link":"https:\/\/www.hoymercedes.com.ar\/principal\/2024\/11\/08\/kicillof-en-la-unlu-milei-ataca-a-las-universidades-y-la-provincia-las-respeta\/","title":{"rendered":"Kicillof en la UNLu: \u201cMilei ataca a las universidades y la Provincia las respeta\u201d"},"content":{"rendered":"\n<figure class=\"wp-block-image size-full is-resized\"><img loading=\"lazy\" decoding=\"async\" width=\"640\" height=\"480\" data-attachment-id=\"180353\" data-permalink=\"https:\/\/www.hoymercedes.com.ar\/principal\/2024\/11\/08\/kicillof-en-la-unlu-milei-ataca-a-las-universidades-y-la-provincia-las-respeta\/kicillof-en-unlu\/#main\" data-orig-file=\"https:\/\/www.hoymercedes.com.ar\/principal\/wp-content\/uploads\/2024\/11\/Kicillof-En-UNLu.jpeg\" data-orig-size=\"640,480\" data-comments-opened=\"0\" data-image-meta=\"{&quot;aperture&quot;:&quot;0&quot;,&quot;credit&quot;:&quot;&quot;,&quot;camera&quot;:&quot;&quot;,&quot;caption&quot;:&quot;&quot;,&quot;created_timestamp&quot;:&quot;0&quot;,&quot;copyright&quot;:&quot;&quot;,&quot;focal_length&quot;:&quot;0&quot;,&quot;iso&quot;:&quot;0&quot;,&quot;shutter_speed&quot;:&quot;0&quot;,&quot;title&quot;:&quot;&quot;,&quot;orientation&quot;:&quot;0&quot;}\" data-image-title=\"Kicillof-En-UNLu\" data-image-description=\"&lt;p&gt;Kicillof en la UNLu: \u201cMilei ataca a las universidades y la Provincia las respeta\u201d&lt;\/p&gt;\n\" data-image-caption=\"&lt;p&gt;Kicillof en la UNLu: \u201cMilei ataca a las universidades y la Provincia las respeta\u201d&lt;\/p&gt;\n\" data-large-file=\"https:\/\/www.hoymercedes.com.ar\/principal\/wp-content\/uploads\/2024\/11\/Kicillof-En-UNLu.jpeg\" src=\"https:\/\/www.hoymercedes.com.ar\/principal\/wp-content\/uploads\/2024\/11\/Kicillof-En-UNLu.jpeg\" alt=\"\" class=\"wp-image-180353\" style=\"width:960px;height:auto\" srcset=\"https:\/\/www.hoymercedes.com.ar\/principal\/wp-content\/uploads\/2024\/11\/Kicillof-En-UNLu.jpeg 640w, https:\/\/www.hoymercedes.com.ar\/principal\/wp-content\/uploads\/2024\/11\/Kicillof-En-UNLu-630x473.jpeg 630w, https:\/\/www.hoymercedes.com.ar\/principal\/wp-content\/uploads\/2024\/11\/Kicillof-En-UNLu-150x113.jpeg 150w\" sizes=\"auto, (max-width: 640px) 100vw, 640px\" \/><\/figure>\n\n\n\n<p>En la inauguraci\u00f3n del primer Congreso Provincial de Agroecolog\u00eda, el gobernador Axel Kicillof expres\u00f3 este viernes en la UNLu su orgullo por <em>\u201cla mirada de inclusi\u00f3n, de desarrollo productivo y de soberan\u00eda alimentaria<\/em>\u201d que defiende su gesti\u00f3n ante un gobierno nacional de signo opuesto.<\/p>\n\n\n\n<p>En la misma l\u00ednea, enfatiz\u00f3 ante cientos de participantes reunidos en el gimnasio de la Sede Central que <em>\u201cluchamos por la Universidad p\u00fablica, gratuita, inclusiva y de calidad\u201d<\/em> y se refiri\u00f3 a la integraci\u00f3n entre la Provincia de Buenos Aires y el sistema cient\u00edfico.<\/p>\n\n\n\n<p><em>\u201cEs algo que ahora se ve m\u00e1s porque (el presidente Javier) Milei ataca a las universidades y la Provincia las respeta\u201d,<\/em> explic\u00f3 y ponder\u00f3 el conocimiento del territorio que logran las instituciones de Educaci\u00f3n Superior, mediante actividades de Extensi\u00f3n.<\/p>\n\n\n\n<p>En el acto, el rector Walter Panessi destac\u00f3 la \u201c<em>fuerte impronta regional\u201d<\/em> de la UNLu, indic\u00f3 que cuenta con un campo experimental agroecol\u00f3gico y resalt\u00f3 que la Ecolog\u00eda es objeto de estudio en la Universidad desde sus inicios, en 1972.<\/p>\n\n\n\n<p>Panessi tambi\u00e9n valor\u00f3 que <em>\u201cpor primera vez la Provincia ve a las universidades como a un aliado estrat\u00e9gico\u201d<\/em> y se\u00f1al\u00f3 que esta posici\u00f3n se expresa en el programa Puentes y en la colaboraci\u00f3n para la finalizaci\u00f3n de obras, entre otros temas. \u201c<em>No tengo m\u00e1s que agradecimiento<\/em>\u201d, manifest\u00f3.<\/p>\n\n\n\n<p>Por su parte, el intendente de Luj\u00e1n, Leonardo Boto, resalt\u00f3 el trabajo conjunto del Municipio con el Ministerio de Desarrollo Agrario bonaerense y con la UNLu. \u201c<em>Nos sentimos respaldados y acompa\u00f1ados por la Provincia\u201d,<\/em> dijo al Gobernador.<\/p>\n\n\n\n<figure class=\"wp-block-image size-full is-resized\"><img loading=\"lazy\" decoding=\"async\" width=\"640\" height=\"480\" data-attachment-id=\"180354\" data-permalink=\"https:\/\/www.hoymercedes.com.ar\/principal\/2024\/11\/08\/kicillof-en-la-unlu-milei-ataca-a-las-universidades-y-la-provincia-las-respeta\/kicillof-en-unlu-2\/#main\" data-orig-file=\"https:\/\/www.hoymercedes.com.ar\/principal\/wp-content\/uploads\/2024\/11\/Kicillof-En-UNLu.2.jpeg\" data-orig-size=\"640,480\" data-comments-opened=\"0\" data-image-meta=\"{&quot;aperture&quot;:&quot;0&quot;,&quot;credit&quot;:&quot;&quot;,&quot;camera&quot;:&quot;&quot;,&quot;caption&quot;:&quot;&quot;,&quot;created_timestamp&quot;:&quot;0&quot;,&quot;copyright&quot;:&quot;&quot;,&quot;focal_length&quot;:&quot;0&quot;,&quot;iso&quot;:&quot;0&quot;,&quot;shutter_speed&quot;:&quot;0&quot;,&quot;title&quot;:&quot;&quot;,&quot;orientation&quot;:&quot;0&quot;}\" data-image-title=\"Kicillof-En-UNLu.2\" data-image-description=\"\" data-image-caption=\"\" data-large-file=\"https:\/\/www.hoymercedes.com.ar\/principal\/wp-content\/uploads\/2024\/11\/Kicillof-En-UNLu.2.jpeg\" src=\"https:\/\/www.hoymercedes.com.ar\/principal\/wp-content\/uploads\/2024\/11\/Kicillof-En-UNLu.2.jpeg\" alt=\"Kicillof en la UNLu: \u201cMilei ataca a las universidades y la Provincia las respeta\u201d\" class=\"wp-image-180354\" style=\"width:960px;height:auto\" srcset=\"https:\/\/www.hoymercedes.com.ar\/principal\/wp-content\/uploads\/2024\/11\/Kicillof-En-UNLu.2.jpeg 640w, https:\/\/www.hoymercedes.com.ar\/principal\/wp-content\/uploads\/2024\/11\/Kicillof-En-UNLu.2-630x473.jpeg 630w, https:\/\/www.hoymercedes.com.ar\/principal\/wp-content\/uploads\/2024\/11\/Kicillof-En-UNLu.2-150x113.jpeg 150w\" sizes=\"auto, (max-width: 640px) 100vw, 640px\" \/><\/figure>\n\n\n\n<p><em>\u201cMuchas cosas no ocurrir\u00edan sin un gobernador como Axel\u201d,<\/em> indic\u00f3 Boto y se refiri\u00f3 a la \u201c<em>fara\u00f3nica\u201d<\/em> obra del R\u00edo Luj\u00e1n, a la provincializaci\u00f3n del Hospital de esta ciudad y a la reciente creaci\u00f3n del Parque Provincial Cabred. \u201c<em>Podemos sostener obras que cambian vidas\u201d<\/em>, apreci\u00f3.<\/p>\n\n\n\n<p>En tanto, Javier Rodr\u00edguez, ministro de Desarrollo Agrario, expres\u00f3 su satisfacci\u00f3n porque el Congreso \u201c<em>es una construcci\u00f3n social que se denomina provincial pero podr\u00eda ser nacional o internacional\u201d. \u201cEs un orgullo ser faro en materia de agroecolog\u00eda\u201d,<\/em> indic\u00f3.<\/p>\n\n\n\n<p><em>\u201cEl Congreso sirve para mostrar la pol\u00edtica p\u00fablica que llevamos adelante por decisi\u00f3n del gobernador<\/em>\u201d, puntualiz\u00f3 y rese\u00f1\u00f3 los objetivos de su gesti\u00f3n: sumar productores, agregar valor, incorporar aportes cient\u00edficos, lograr sustentabilidad y garantizar el el acceso a la alimentaci\u00f3n.<\/p>\n\n\n\n<p>El Congreso, que cuenta con m\u00e1s de 1.500 inscriptos, se desarrollar\u00e1 durante este viernes 8 y el s\u00e1bado 9 con diferentes espacios en los que se proponen debates, se presentan temas por parte de expertos, adem\u00e1s de experiencias productivas y publicaciones acad\u00e9micas.<\/p>\n","protected":false},"excerpt":{"rendered":"<p>En la inauguraci\u00f3n del primer Congreso Provincial de Agroecolog\u00eda, el gobernador Axel Kicillof expres\u00f3 este viernes en la UNLu su &#8230; <a title=\"Kicillof en la UNLu: \u201cMilei ataca a las universidades y la Provincia las respeta\u201d\" class=\"read-more\" href=\"https:\/\/www.hoymercedes.com.ar\/principal\/2024\/11\/08\/kicillof-en-la-unlu-milei-ataca-a-las-universidades-y-la-provincia-las-respeta\/\" aria-label=\"Leer m\u00e1s sobre Kicillof en la UNLu: \u201cMilei ataca a las universidades y la Provincia las respeta\u201d\">Leer m\u00e1s<\/a><\/p>\n","protected":false},"author":1,"featured_media":180353,"comment_status":"closed","ping_status":"open","sticky":false,"template":"","format":"standard","meta":{"_monsterinsights_skip_tracking":false,"_monsterinsights_sitenote_active":false,"_monsterinsights_sitenote_note":"","_monsterinsights_sitenote_category":0,"jetpack_post_was_ever_published":false,"_jetpack_newsletter_access":"","_jetpack_dont_email_post_to_subs":false,"_jetpack_newsletter_tier_id":0,"_jetpack_memberships_contains_paywalled_content":false,"_jetpack_memberships_contains_paid_content":false,"footnotes":"","jetpack_publicize_message":"","jetpack_publicize_feature_enabled":true,"jetpack_social_post_already_shared":true,"jetpack_social_options":{"image_generator_settings":{"template":"highway","default_image_id":0,"font":"","enabled":false},"version":2},"_wpas_customize_per_network":false},"categories":[8],"tags":[],"class_list":["post-180352","post","type-post","status-publish","format-standard","has-post-thumbnail","hentry","category-sociedad","generate-columns","tablet-grid-50","mobile-grid-100","grid-parent","grid-50"],"jetpack_publicize_connections":[],"jetpack_featured_media_url":"https:\/\/www.hoymercedes.com.ar\/principal\/wp-content\/uploads\/2024\/11\/Kicillof-En-UNLu.jpeg","wps_subtitle":"Educaci\u00f3n Superior","jetpack_sharing_enabled":true,"_links":{"self":[{"href":"https:\/\/www.hoymercedes.com.ar\/principal\/wp-json\/wp\/v2\/posts\/180352","targetHints":{"allow":["GET"]}}],"collection":[{"href":"https:\/\/www.hoymercedes.com.ar\/principal\/wp-json\/wp\/v2\/posts"}],"about":[{"href":"https:\/\/www.hoymercedes.com.ar\/principal\/wp-json\/wp\/v2\/types\/post"}],"author":[{"embeddable":true,"href":"https:\/\/www.hoymercedes.com.ar\/principal\/wp-json\/wp\/v2\/users\/1"}],"replies":[{"embeddable":true,"href":"https:\/\/www.hoymercedes.com.ar\/principal\/wp-json\/wp\/v2\/comments?post=180352"}],"version-history":[{"count":0,"href":"https:\/\/www.hoymercedes.com.ar\/principal\/wp-json\/wp\/v2\/posts\/180352\/revisions"}],"wp:featuredmedia":[{"embeddable":true,"href":"https:\/\/www.hoymercedes.com.ar\/principal\/wp-json\/wp\/v2\/media\/180353"}],"wp:attachment":[{"href":"https:\/\/www.hoymercedes.com.ar\/principal\/wp-json\/wp\/v2\/media?parent=180352"}],"wp:term":[{"taxonomy":"category","embeddable":true,"href":"https:\/\/www.hoymercedes.com.ar\/principal\/wp-json\/wp\/v2\/categories?post=180352"},{"taxonomy":"post_tag","embeddable":true,"href":"https:\/\/www.hoymercedes.com.ar\/principal\/wp-json\/wp\/v2\/tags?post=180352"}],"curies":[{"name":"wp","href":"https:\/\/api.w.org\/{rel}","templated":true}]}}