{"id":180357,"date":"2024-11-08T16:54:07","date_gmt":"2024-11-08T19:54:07","guid":{"rendered":"https:\/\/www.hoymercedes.com.ar\/principal\/?p=180357"},"modified":"2024-11-08T16:54:09","modified_gmt":"2024-11-08T19:54:09","slug":"caballo-suelto-atropellado-por-camioneta-en-colectora-de-rn-n5","status":"publish","type":"post","link":"https:\/\/www.hoymercedes.com.ar\/principal\/2024\/11\/08\/caballo-suelto-atropellado-por-camioneta-en-colectora-de-rn-n5\/","title":{"rendered":"Caballo suelto atropellado por camioneta en colectora de RN N\u00b05"},"content":{"rendered":"\n<figure class=\"wp-block-image size-full\"><img loading=\"lazy\" decoding=\"async\" width=\"980\" height=\"551\" data-attachment-id=\"180358\" data-permalink=\"https:\/\/www.hoymercedes.com.ar\/principal\/2024\/11\/08\/caballo-suelto-atropellado-por-camioneta-en-colectora-de-rn-n5\/caballo-atropellado\/#main\" data-orig-file=\"https:\/\/www.hoymercedes.com.ar\/principal\/wp-content\/uploads\/2024\/11\/caballo-atropellado.jpg\" data-orig-size=\"980,551\" data-comments-opened=\"0\" data-image-meta=\"{&quot;aperture&quot;:&quot;0&quot;,&quot;credit&quot;:&quot;&quot;,&quot;camera&quot;:&quot;&quot;,&quot;caption&quot;:&quot;&quot;,&quot;created_timestamp&quot;:&quot;0&quot;,&quot;copyright&quot;:&quot;&quot;,&quot;focal_length&quot;:&quot;0&quot;,&quot;iso&quot;:&quot;0&quot;,&quot;shutter_speed&quot;:&quot;0&quot;,&quot;title&quot;:&quot;&quot;,&quot;orientation&quot;:&quot;1&quot;}\" data-image-title=\"caballo-atropellado\" data-image-description=\"&lt;p&gt;Caballo suelto atropellado por camioneta en colectora de RN N\u00b05&lt;\/p&gt;\n\" data-image-caption=\"&lt;p&gt;Caballo suelto atropellado por camioneta en colectora de RN N\u00b05&lt;\/p&gt;\n\" data-large-file=\"https:\/\/www.hoymercedes.com.ar\/principal\/wp-content\/uploads\/2024\/11\/caballo-atropellado.jpg\" src=\"https:\/\/www.hoymercedes.com.ar\/principal\/wp-content\/uploads\/2024\/11\/caballo-atropellado.jpg\" alt=\"\" class=\"wp-image-180358\" srcset=\"https:\/\/www.hoymercedes.com.ar\/principal\/wp-content\/uploads\/2024\/11\/caballo-atropellado.jpg 980w, https:\/\/www.hoymercedes.com.ar\/principal\/wp-content\/uploads\/2024\/11\/caballo-atropellado-630x354.jpg 630w, https:\/\/www.hoymercedes.com.ar\/principal\/wp-content\/uploads\/2024\/11\/caballo-atropellado-150x84.jpg 150w\" sizes=\"auto, (max-width: 980px) 100vw, 980px\" \/><\/figure>\n\n\n\n<p>Un siniestro vial grave se vivi\u00f3 el jueves pasado en Gowland cuando una camioneta choc\u00f3 contra un caballo, el cual perdi\u00f3 la vida. Fue en el km 90 cerca de la f\u00e1brica Agrale, sobre colectora.<\/p>\n\n\n\n<p> Seg\u00fan se supo un utilitario habr\u00eda sido quien sin desearlo atropell\u00f3 y provoc\u00f3 la p\u00e9rdida de la vida del caballo que estaba suelto sobra la calzada de la colectora y autopista en la mano a Luj\u00e1n. <\/p>\n\n\n\n<p>El cuerpo del animal qued\u00f3 en el lugar un largo tiempo, lo que permiti\u00f3 viraliazar su imagen0 <\/p>\n\n\n\n<p>El veh\u00edculo en cuesti\u00f3n se tratar\u00eda de un utilitario Partner que sus ocupantes salvaron milagrosamente sus vidas.<\/p>\n\n\n\n<p> <\/p>\n","protected":false},"excerpt":{"rendered":"<p>Un siniestro vial grave se vivi\u00f3 el jueves pasado en Gowland cuando una camioneta choc\u00f3 contra un caballo, el cual &#8230; <a title=\"Caballo suelto atropellado por camioneta en colectora de RN N\u00b05\" class=\"read-more\" href=\"https:\/\/www.hoymercedes.com.ar\/principal\/2024\/11\/08\/caballo-suelto-atropellado-por-camioneta-en-colectora-de-rn-n5\/\" aria-label=\"Leer m\u00e1s sobre Caballo suelto atropellado por camioneta en colectora de RN N\u00b05\">Leer m\u00e1s<\/a><\/p>\n","protected":false},"author":1,"featured_media":180358,"comment_status":"closed","ping_status":"open","sticky":false,"template":"","format":"standard","meta":{"_monsterinsights_skip_tracking":false,"_monsterinsights_sitenote_active":false,"_monsterinsights_sitenote_note":"","_monsterinsights_sitenote_category":0,"jetpack_post_was_ever_published":false,"_jetpack_newsletter_access":"","_jetpack_dont_email_post_to_subs":false,"_jetpack_newsletter_tier_id":0,"_jetpack_memberships_contains_paywalled_content":false,"_jetpack_memberships_contains_paid_content":false,"footnotes":"","jetpack_publicize_message":"","jetpack_publicize_feature_enabled":true,"jetpack_social_post_already_shared":true,"jetpack_social_options":{"image_generator_settings":{"template":"highway","default_image_id":0,"font":"","enabled":false},"version":2},"_wpas_customize_per_network":false},"categories":[85],"tags":[19930,10395],"class_list":["post-180357","post","type-post","status-publish","format-standard","has-post-thumbnail","hentry","category-policial","tag-caballo-atropellado","tag-siniestro-vial","generate-columns","tablet-grid-50","mobile-grid-100","grid-parent","grid-50"],"jetpack_publicize_connections":[],"jetpack_featured_media_url":"https:\/\/www.hoymercedes.com.ar\/principal\/wp-content\/uploads\/2024\/11\/caballo-atropellado.jpg","wps_subtitle":"Siniestro","jetpack_sharing_enabled":true,"_links":{"self":[{"href":"https:\/\/www.hoymercedes.com.ar\/principal\/wp-json\/wp\/v2\/posts\/180357","targetHints":{"allow":["GET"]}}],"collection":[{"href":"https:\/\/www.hoymercedes.com.ar\/principal\/wp-json\/wp\/v2\/posts"}],"about":[{"href":"https:\/\/www.hoymercedes.com.ar\/principal\/wp-json\/wp\/v2\/types\/post"}],"author":[{"embeddable":true,"href":"https:\/\/www.hoymercedes.com.ar\/principal\/wp-json\/wp\/v2\/users\/1"}],"replies":[{"embeddable":true,"href":"https:\/\/www.hoymercedes.com.ar\/principal\/wp-json\/wp\/v2\/comments?post=180357"}],"version-history":[{"count":0,"href":"https:\/\/www.hoymercedes.com.ar\/principal\/wp-json\/wp\/v2\/posts\/180357\/revisions"}],"wp:featuredmedia":[{"embeddable":true,"href":"https:\/\/www.hoymercedes.com.ar\/principal\/wp-json\/wp\/v2\/media\/180358"}],"wp:attachment":[{"href":"https:\/\/www.hoymercedes.com.ar\/principal\/wp-json\/wp\/v2\/media?parent=180357"}],"wp:term":[{"taxonomy":"category","embeddable":true,"href":"https:\/\/www.hoymercedes.com.ar\/principal\/wp-json\/wp\/v2\/categories?post=180357"},{"taxonomy":"post_tag","embeddable":true,"href":"https:\/\/www.hoymercedes.com.ar\/principal\/wp-json\/wp\/v2\/tags?post=180357"}],"curies":[{"name":"wp","href":"https:\/\/api.w.org\/{rel}","templated":true}]}}