{"id":180386,"date":"2024-11-10T10:31:40","date_gmt":"2024-11-10T13:31:40","guid":{"rendered":"https:\/\/www.hoymercedes.com.ar\/principal\/?p=180386"},"modified":"2024-11-10T10:31:41","modified_gmt":"2024-11-10T13:31:41","slug":"la-cem-presenta-a-las-finalistas-mercedinas-del-premio-mujer-empresaria-2024","status":"publish","type":"post","link":"https:\/\/www.hoymercedes.com.ar\/principal\/2024\/11\/10\/la-cem-presenta-a-las-finalistas-mercedinas-del-premio-mujer-empresaria-2024\/","title":{"rendered":"La CEM presenta a las finalistas mercedinas del premio Mujer Empresaria 2024"},"content":{"rendered":"\n<p>La C\u00e1mara Econ\u00f3mica Mercedina (CEM) anunci\u00f3 a las tres finalistas locales para el Premio Mujer Empresaria Bonaerense 2024 que lleva adelante la Federaci\u00f3n Bonaerense (FEBA), un reconocimiento que celebra el talento y esfuerzo de las empresarias de la provincia de Buenos Aires en diversas categor\u00edas.<\/p>\n\n\n\n<p>En esta novena edici\u00f3n, las mercedinas seleccionadas son:<\/p>\n\n\n\n<ul class=\"wp-block-list\">\n<li>Melany Scheitler en la categor\u00eda Innovaci\u00f3n Tecnol\u00f3gica, quien se destaca por su trabajo innovador en la creaci\u00f3n y gesti\u00f3n de soluciones gastron\u00f3micas con su emprendimiento de viandas saludables.<\/li>\n\n\n\n<li>Agustina Zalazar en Comercio Local, una emprendedora comprometida con el crecimiento y desarrollo del comercio en la comunidad.<\/li>\n\n\n\n<li>M\u00f3nica Garro en Liderazgo Empresarial, reconocida por su rol en la direcci\u00f3n y liderazgo dentro de su empresa.<\/li>\n<\/ul>\n\n\n\n<p>El evento de presentaci\u00f3n de las finalistas tendr\u00e1 lugar el pr\u00f3ximo 12 de noviembre a las 20 horas en Esmeralda Resto Bar, ubicado en Calle 27 n\u00ba 333, Mercedes. Ser\u00e1 una noche de celebraci\u00f3n y reconocimiento al esp\u00edritu emprendedor que representa&nbsp;lo&nbsp;mejor<\/p>\n\n\n<div class=\"wp-block-image\">\n<figure class=\"aligncenter size-full\"><img loading=\"lazy\" decoding=\"async\" width=\"720\" height=\"720\" data-attachment-id=\"180387\" data-permalink=\"https:\/\/www.hoymercedes.com.ar\/principal\/2024\/11\/10\/la-cem-presenta-a-las-finalistas-mercedinas-del-premio-mujer-empresaria-2024\/imagen-de-whatsapp-2024-11-08-a-las-21-11-48_e6a815a0\/#main\" data-orig-file=\"https:\/\/www.hoymercedes.com.ar\/principal\/wp-content\/uploads\/2024\/11\/Imagen-de-WhatsApp-2024-11-08-a-las-21.11.48_e6a815a0.jpg\" data-orig-size=\"720,720\" data-comments-opened=\"0\" data-image-meta=\"{&quot;aperture&quot;:&quot;0&quot;,&quot;credit&quot;:&quot;&quot;,&quot;camera&quot;:&quot;&quot;,&quot;caption&quot;:&quot;&quot;,&quot;created_timestamp&quot;:&quot;0&quot;,&quot;copyright&quot;:&quot;&quot;,&quot;focal_length&quot;:&quot;0&quot;,&quot;iso&quot;:&quot;0&quot;,&quot;shutter_speed&quot;:&quot;0&quot;,&quot;title&quot;:&quot;&quot;,&quot;orientation&quot;:&quot;0&quot;}\" data-image-title=\"Imagen de WhatsApp 2024-11-08 a las 21.11.48_e6a815a0\" data-image-description=\"\" data-image-caption=\"\" data-large-file=\"https:\/\/www.hoymercedes.com.ar\/principal\/wp-content\/uploads\/2024\/11\/Imagen-de-WhatsApp-2024-11-08-a-las-21.11.48_e6a815a0.jpg\" src=\"https:\/\/www.hoymercedes.com.ar\/principal\/wp-content\/uploads\/2024\/11\/Imagen-de-WhatsApp-2024-11-08-a-las-21.11.48_e6a815a0.jpg\" alt=\"\" class=\"wp-image-180387\" srcset=\"https:\/\/www.hoymercedes.com.ar\/principal\/wp-content\/uploads\/2024\/11\/Imagen-de-WhatsApp-2024-11-08-a-las-21.11.48_e6a815a0.jpg 720w, https:\/\/www.hoymercedes.com.ar\/principal\/wp-content\/uploads\/2024\/11\/Imagen-de-WhatsApp-2024-11-08-a-las-21.11.48_e6a815a0-620x620.jpg 620w, https:\/\/www.hoymercedes.com.ar\/principal\/wp-content\/uploads\/2024\/11\/Imagen-de-WhatsApp-2024-11-08-a-las-21.11.48_e6a815a0-150x150.jpg 150w\" sizes=\"auto, (max-width: 720px) 100vw, 720px\" \/><\/figure>\n<\/div>","protected":false},"excerpt":{"rendered":"<p>La C\u00e1mara Econ\u00f3mica Mercedina (CEM) anunci\u00f3 a las tres finalistas locales para el Premio Mujer Empresaria Bonaerense 2024 que lleva &#8230; <a title=\"La CEM presenta a las finalistas mercedinas del premio Mujer Empresaria 2024\" class=\"read-more\" href=\"https:\/\/www.hoymercedes.com.ar\/principal\/2024\/11\/10\/la-cem-presenta-a-las-finalistas-mercedinas-del-premio-mujer-empresaria-2024\/\" aria-label=\"Leer m\u00e1s sobre La CEM presenta a las finalistas mercedinas del premio Mujer Empresaria 2024\">Leer m\u00e1s<\/a><\/p>\n","protected":false},"author":1,"featured_media":180387,"comment_status":"closed","ping_status":"open","sticky":false,"template":"","format":"standard","meta":{"_monsterinsights_skip_tracking":false,"_monsterinsights_sitenote_active":false,"_monsterinsights_sitenote_note":"","_monsterinsights_sitenote_category":0,"jetpack_post_was_ever_published":false,"_jetpack_newsletter_access":"","_jetpack_dont_email_post_to_subs":false,"_jetpack_newsletter_tier_id":0,"_jetpack_memberships_contains_paywalled_content":false,"_jetpack_memberships_contains_paid_content":false,"footnotes":"","jetpack_publicize_message":"","jetpack_publicize_feature_enabled":true,"jetpack_social_post_already_shared":true,"jetpack_social_options":{"image_generator_settings":{"template":"highway","default_image_id":0,"font":"","enabled":false},"version":2},"_wpas_customize_per_network":false},"categories":[8],"tags":[],"class_list":["post-180386","post","type-post","status-publish","format-standard","has-post-thumbnail","hentry","category-sociedad","generate-columns","tablet-grid-50","mobile-grid-100","grid-parent","grid-50"],"jetpack_publicize_connections":[],"jetpack_featured_media_url":"https:\/\/www.hoymercedes.com.ar\/principal\/wp-content\/uploads\/2024\/11\/Imagen-de-WhatsApp-2024-11-08-a-las-21.11.48_e6a815a0.jpg","wps_subtitle":"","jetpack_sharing_enabled":true,"_links":{"self":[{"href":"https:\/\/www.hoymercedes.com.ar\/principal\/wp-json\/wp\/v2\/posts\/180386","targetHints":{"allow":["GET"]}}],"collection":[{"href":"https:\/\/www.hoymercedes.com.ar\/principal\/wp-json\/wp\/v2\/posts"}],"about":[{"href":"https:\/\/www.hoymercedes.com.ar\/principal\/wp-json\/wp\/v2\/types\/post"}],"author":[{"embeddable":true,"href":"https:\/\/www.hoymercedes.com.ar\/principal\/wp-json\/wp\/v2\/users\/1"}],"replies":[{"embeddable":true,"href":"https:\/\/www.hoymercedes.com.ar\/principal\/wp-json\/wp\/v2\/comments?post=180386"}],"version-history":[{"count":0,"href":"https:\/\/www.hoymercedes.com.ar\/principal\/wp-json\/wp\/v2\/posts\/180386\/revisions"}],"wp:featuredmedia":[{"embeddable":true,"href":"https:\/\/www.hoymercedes.com.ar\/principal\/wp-json\/wp\/v2\/media\/180387"}],"wp:attachment":[{"href":"https:\/\/www.hoymercedes.com.ar\/principal\/wp-json\/wp\/v2\/media?parent=180386"}],"wp:term":[{"taxonomy":"category","embeddable":true,"href":"https:\/\/www.hoymercedes.com.ar\/principal\/wp-json\/wp\/v2\/categories?post=180386"},{"taxonomy":"post_tag","embeddable":true,"href":"https:\/\/www.hoymercedes.com.ar\/principal\/wp-json\/wp\/v2\/tags?post=180386"}],"curies":[{"name":"wp","href":"https:\/\/api.w.org\/{rel}","templated":true}]}}