{"id":18039,"date":"2012-11-20T12:57:29","date_gmt":"2012-11-20T12:57:29","guid":{"rendered":"http:\/\/www.hoymercedes.com.ar\/principal\/?p=18039"},"modified":"2012-11-20T12:57:55","modified_gmt":"2012-11-20T12:57:55","slug":"educacion-se-recuerda-habra-paro-este-jueves-y-viernes","status":"publish","type":"post","link":"https:\/\/www.hoymercedes.com.ar\/principal\/2012\/11\/20\/educacion-se-recuerda-habra-paro-este-jueves-y-viernes\/","title":{"rendered":"Educaci\u00f3n: se recuerda habr\u00e1 paro este jueves y viernes"},"content":{"rendered":"<p><a href=\"https:\/\/www.hoymercedes.com.ar\/principal\/wp-content\/uploads\/2012\/11\/FrenteGremial-SUTEBA.png\"><img loading=\"lazy\" decoding=\"async\" data-attachment-id=\"18041\" data-permalink=\"https:\/\/www.hoymercedes.com.ar\/principal\/2012\/11\/20\/educacion-se-recuerda-habra-paro-este-jueves-y-viernes\/frentegremial-suteba\/#main\" data-orig-file=\"https:\/\/www.hoymercedes.com.ar\/principal\/wp-content\/uploads\/2012\/11\/FrenteGremial-SUTEBA.png\" data-orig-size=\"618,300\" data-comments-opened=\"1\" data-image-meta=\"{&quot;aperture&quot;:&quot;0&quot;,&quot;credit&quot;:&quot;&quot;,&quot;camera&quot;:&quot;&quot;,&quot;caption&quot;:&quot;&quot;,&quot;created_timestamp&quot;:&quot;0&quot;,&quot;copyright&quot;:&quot;&quot;,&quot;focal_length&quot;:&quot;0&quot;,&quot;iso&quot;:&quot;0&quot;,&quot;shutter_speed&quot;:&quot;0&quot;,&quot;title&quot;:&quot;&quot;}\" data-image-title=\"FrenteGremial-SUTEBA\" data-image-description=\"\" data-image-caption=\"\" data-large-file=\"https:\/\/www.hoymercedes.com.ar\/principal\/wp-content\/uploads\/2012\/11\/FrenteGremial-SUTEBA.png\" class=\"aligncenter size-full wp-image-18041\" title=\"FrenteGremial-SUTEBA\" src=\"https:\/\/www.hoymercedes.com.ar\/principal\/wp-content\/uploads\/2012\/11\/FrenteGremial-SUTEBA.png\" alt=\"\" width=\"618\" height=\"300\" \/><\/a><\/p>\n<p>Hoy hubo paro de FEB y algunos docentes en forma particular agremiados a otras l\u00edneas sindicales. Mientras, con fuerza, se viene anunciando y reiterando para que toda la poblaci\u00f3n est\u00e9 enterada una medida de 48hs los pr\u00f3ximos jueves 22 y viernes 23.<\/p>\n<p>El Frente Gremial Docente Bonaerense (FGDB) \u00a0defini\u00f3 un paro de 48hs los d\u00edas 22 y 23 de noviembre.<\/p>\n<p>El paro lo hacen, sostienen, en reclamo de:<\/p>\n<ul>\n<li>\u00b7 Pago de los salarios adeudados y la totalidad de los retroactivos.<\/li>\n<li>\u00a0\u00b7 Falta de convocatoria a la Comisi\u00f3n T\u00e9cnica Salarial.<\/li>\n<li>\u00a0\u00b7 Urgente elaboraci\u00f3n del decreto de equiparaci\u00f3n de las Asignaciones Familiares, que hasta la fecha es inexistente.<\/li>\n<li>\u00a0\u00b7 Iniciar la discusi\u00f3n que permita avanzar en la definici\u00f3n del SALARIO 2013.<\/li>\n<li>\u00a0Urgente soluci\u00f3n a la grave situaci\u00f3n edilicia de los establecimientos escolares.<\/li>\n<\/ul>\n<p><em>\u00abAnte los reclamos planteados, y la situaci\u00f3n de anarqu\u00eda y desmanejo administrativo de la Direcci\u00f3n General de Cultura y Educaci\u00f3n (DGCyE):\u00a0El frente gremial docente reclama urgente entrevista con el gobernador Daniel Scioli.\u00a0Le vamos a exigir al Gobernador que tome las medidas necesarias.<\/em><\/p>\n<p><em>Los docentes siempre hemos defendido el di\u00e1logo y la negociaci\u00f3n, pero si no existe voluntad ni propuestas concretas, debemos recurrir al paro como herramienta de defensa de nuestros derechos.\u00bb<\/em><\/p>\n","protected":false},"excerpt":{"rendered":"<p>Hoy hubo paro de FEB y algunos docentes en forma particular agremiados a otras l\u00edneas sindicales. Mientras, con fuerza, se &#8230; <a title=\"Educaci\u00f3n: se recuerda habr\u00e1 paro este jueves y viernes\" class=\"read-more\" href=\"https:\/\/www.hoymercedes.com.ar\/principal\/2012\/11\/20\/educacion-se-recuerda-habra-paro-este-jueves-y-viernes\/\" aria-label=\"Leer m\u00e1s sobre Educaci\u00f3n: se recuerda habr\u00e1 paro este jueves y viernes\">Leer m\u00e1s<\/a><\/p>\n","protected":false},"author":1,"featured_media":0,"comment_status":"open","ping_status":"open","sticky":false,"template":"","format":"standard","meta":{"_monsterinsights_skip_tracking":false,"_monsterinsights_sitenote_active":false,"_monsterinsights_sitenote_note":"","_monsterinsights_sitenote_category":0,"jetpack_post_was_ever_published":false,"_jetpack_newsletter_access":"","_jetpack_dont_email_post_to_subs":false,"_jetpack_newsletter_tier_id":0,"_jetpack_memberships_contains_paywalled_content":false,"_jetpack_memberships_contains_paid_content":false,"footnotes":"","jetpack_publicize_message":"","jetpack_publicize_feature_enabled":true,"jetpack_social_post_already_shared":false,"jetpack_social_options":{"image_generator_settings":{"template":"highway","default_image_id":0,"font":"","enabled":false},"version":2},"_wpas_customize_per_network":false},"categories":[23],"tags":[36,37,78],"class_list":["post-18039","post","type-post","status-publish","format-standard","hentry","category-educacion","tag-paro-docente","tag-suteba","tag-suteba-mercedes","generate-columns","tablet-grid-50","mobile-grid-100","grid-parent","grid-50"],"jetpack_publicize_connections":[],"jetpack_featured_media_url":"","wps_subtitle":"","jetpack_sharing_enabled":true,"_links":{"self":[{"href":"https:\/\/www.hoymercedes.com.ar\/principal\/wp-json\/wp\/v2\/posts\/18039","targetHints":{"allow":["GET"]}}],"collection":[{"href":"https:\/\/www.hoymercedes.com.ar\/principal\/wp-json\/wp\/v2\/posts"}],"about":[{"href":"https:\/\/www.hoymercedes.com.ar\/principal\/wp-json\/wp\/v2\/types\/post"}],"author":[{"embeddable":true,"href":"https:\/\/www.hoymercedes.com.ar\/principal\/wp-json\/wp\/v2\/users\/1"}],"replies":[{"embeddable":true,"href":"https:\/\/www.hoymercedes.com.ar\/principal\/wp-json\/wp\/v2\/comments?post=18039"}],"version-history":[{"count":0,"href":"https:\/\/www.hoymercedes.com.ar\/principal\/wp-json\/wp\/v2\/posts\/18039\/revisions"}],"wp:attachment":[{"href":"https:\/\/www.hoymercedes.com.ar\/principal\/wp-json\/wp\/v2\/media?parent=18039"}],"wp:term":[{"taxonomy":"category","embeddable":true,"href":"https:\/\/www.hoymercedes.com.ar\/principal\/wp-json\/wp\/v2\/categories?post=18039"},{"taxonomy":"post_tag","embeddable":true,"href":"https:\/\/www.hoymercedes.com.ar\/principal\/wp-json\/wp\/v2\/tags?post=18039"}],"curies":[{"name":"wp","href":"https:\/\/api.w.org\/{rel}","templated":true}]}}