{"id":180441,"date":"2024-11-13T07:35:00","date_gmt":"2024-11-13T10:35:00","guid":{"rendered":"https:\/\/www.hoymercedes.com.ar\/principal\/?p=180441"},"modified":"2024-11-13T08:13:12","modified_gmt":"2024-11-13T11:13:12","slug":"presentaron-e-invitan-a-maraton-en-beneficio-de-bomberos","status":"publish","type":"post","link":"https:\/\/www.hoymercedes.com.ar\/principal\/2024\/11\/13\/presentaron-e-invitan-a-maraton-en-beneficio-de-bomberos\/","title":{"rendered":"Presentaron e invitan a marat\u00f3n en beneficio de Bomberos"},"content":{"rendered":"\n<figure class=\"wp-block-image size-large\"><img loading=\"lazy\" decoding=\"async\" width=\"1024\" height=\"683\" data-attachment-id=\"180442\" data-permalink=\"https:\/\/www.hoymercedes.com.ar\/principal\/2024\/11\/13\/presentaron-e-invitan-a-maraton-en-beneficio-de-bomberos\/gcmp-j1wiaednep\/#main\" data-orig-file=\"https:\/\/www.hoymercedes.com.ar\/principal\/wp-content\/uploads\/2024\/11\/GcMp-J1WIAEdNEP-scaled.jpg\" data-orig-size=\"2560,1707\" data-comments-opened=\"0\" data-image-meta=\"{&quot;aperture&quot;:&quot;0&quot;,&quot;credit&quot;:&quot;&quot;,&quot;camera&quot;:&quot;&quot;,&quot;caption&quot;:&quot;&quot;,&quot;created_timestamp&quot;:&quot;0&quot;,&quot;copyright&quot;:&quot;&quot;,&quot;focal_length&quot;:&quot;0&quot;,&quot;iso&quot;:&quot;0&quot;,&quot;shutter_speed&quot;:&quot;0&quot;,&quot;title&quot;:&quot;&quot;,&quot;orientation&quot;:&quot;0&quot;}\" data-image-title=\"Presentaron e invitan a marat\u00f3n en beneficio de Bomberos\" data-image-description=\"&lt;p&gt;Presentaron e invitan a marat\u00f3n en beneficio de Bomberos&lt;\/p&gt;\n\" data-image-caption=\"&lt;p&gt;Presentaron e invitan a marat\u00f3n en beneficio de Bomberos&lt;\/p&gt;\n\" data-large-file=\"https:\/\/www.hoymercedes.com.ar\/principal\/wp-content\/uploads\/2024\/11\/GcMp-J1WIAEdNEP-1024x683.jpg\" src=\"https:\/\/www.hoymercedes.com.ar\/principal\/wp-content\/uploads\/2024\/11\/GcMp-J1WIAEdNEP-1024x683.jpg\" alt=\"Presentaron e invitan a marat\u00f3n en beneficio de Bomberos\" class=\"wp-image-180442\" srcset=\"https:\/\/www.hoymercedes.com.ar\/principal\/wp-content\/uploads\/2024\/11\/GcMp-J1WIAEdNEP-1024x683.jpg 1024w, https:\/\/www.hoymercedes.com.ar\/principal\/wp-content\/uploads\/2024\/11\/GcMp-J1WIAEdNEP-630x420.jpg 630w, https:\/\/www.hoymercedes.com.ar\/principal\/wp-content\/uploads\/2024\/11\/GcMp-J1WIAEdNEP-150x100.jpg 150w, https:\/\/www.hoymercedes.com.ar\/principal\/wp-content\/uploads\/2024\/11\/GcMp-J1WIAEdNEP-1536x1024.jpg 1536w, https:\/\/www.hoymercedes.com.ar\/principal\/wp-content\/uploads\/2024\/11\/GcMp-J1WIAEdNEP-2048x1366.jpg 2048w\" sizes=\"auto, (max-width: 1024px) 100vw, 1024px\" \/><\/figure>\n\n\n\n<p>En el Cuartel de Bombero se llev\u00f3 adelante la presentaci\u00f3n de la primera Carrera Solidaria \u201cTodos por Bomberos\u201d. Ser\u00e1 el pr\u00f3ximo 24 de marzo. Hay un importante n\u00famero de inscriptos y sigue abierta la oportunidad de sumarse. Estuvo presente el intendente Ustarroz en el anuncio junto al jefe Mario Quaglia, Legi\u00f3n Mercedes, Cooperadora y Direcci\u00f3n de Deportes.<\/p>\n\n\n\n<p><strong>La Legi\u00f3n<\/strong><\/p>\n\n\n\n<p>Sebasti\u00e1n Lara, de la Legi\u00f3n Mercedina, cont\u00f3 que \u201cest\u00e1bamos viendo que se estaba replicando mucho en la zona, en los diferentes cuarteles, y bueno, enseguida nos pusimos en contacto con el municipio, con la parte del Deporte, nos juntamos con el Intendente Ustarroz y ya le empezamos a dar forma a esto que hoy viene muy, pero muy bien y que ya hay un muy buen n\u00famero de inscritos a la carrera, as\u00ed que bueno, esperamos que sea una fiesta y que sea una fiesta del correr de los Bomberos y de Mercedes\u201d cont\u00f3.<\/p>\n\n\n\n<p><strong>Deportes<\/strong><\/p>\n\n\n\n<p>Mariana Saboredo, desde la Direcci\u00f3n de Deportes, coment\u00f3 que \u201cuna vez m\u00e1s, buenos d\u00edas, una vez m\u00e1s nos convoca esta instituci\u00f3n, esta vez nos invita a hacer deporte, a colaborar desde la carrera, haciendo actividad f\u00edsica y tambi\u00e9n, \u00bfpor qu\u00e9 no? yendo a disfrutar del evento, acompa\u00f1ar a los corredores, los vecinos, vecinas, que van a poder aplaudir a un corredor. As\u00ed que bueno, estamos muy contentos de siempre poder estar colaborando y haciendo lo que m\u00e1s nos gusta a nosotros desde la direcci\u00f3n de deportes\u201d<\/p>\n\n\n\n<p>Dijo tambi\u00e9n que \u201cestamos siempre a disposici\u00f3n, junto con todos los profes, vamos a estar acompa\u00f1ando para que todo salga de diez. Tambi\u00e9n queremos anunciar que vamos a estar entregando al primer mercedino y a la primera mercedina, el premio Chupaleta Limonta como un reconocimiento. As\u00ed que el 24 de noviembre los esperamos y las esperamos para poder disfrutar de este gran evento\u201d<\/p>\n\n\n\n<p><strong>Bomberos<\/strong><\/p>\n\n\n\n<p>\u201cesto naci\u00f3 hace 4 \u00f3 5 meses como algo que nunca \u00edbamos a tratar, que nunca \u00edbamos a llegar y se dio trabajando codo a codo con toda esta gente, direcci\u00f3n de deportes, Ale Mazza, La Legi\u00f3n, el Municipio, la cooperadora\u201d cont\u00f3 \u00c1ngel Salvetti<\/p>\n\n\n\n<p>Jonathan Sirch cont\u00f3 \u201choy estamos en 420. La idea es llegar a los 500 que es, como dijo Seba\u201d donde \u201ctodos van a tener una remera, todos van a tener su medalla y su kit. Y bueno, la idea es sumar la mayor cantidad de corredores o corredoras o aquel que quiera colaborar, ya que 10.000 pesos no llega a valer una hamburguesa y al Cuerpo Bombero le sirve que el fin es tratar de meter la mayor cantidad de corredores y que vengan a disfrutar ese domingo de la Ciudad de Mercedes\u201d sostuvo.<\/p>\n\n\n\n<p><strong>Municipio<\/strong><\/p>\n\n\n\n<p>El intendente Ustarroz expres\u00f3 que \u201csiempre es un orgullo, un placer acompa\u00f1ar a nuestros queridos bomberos voluntarios por el enorme trabajo que hacen. A m\u00ed me toca decir que las actividades que se realizan, todas las actividades que se realizan para recaudar fondos, son insuficientes. De hecho estuvimos con su jefe hace poco reunidos y en unas semanas el municipio va a otorgar un subsidio, pero cuando uno analiza el gasto corriente mes a mes que tienen bomberos voluntarios, no alcanzan los socios, no alcanzan las actividades, porque toda esta estructura, ponerla en funcionamiento y en movimiento, cuesta y cuesta mucho. Por eso felicitamos a Seba, a toda La Legi\u00f3n, por ser solidario, por pensar en bomberos para poder generar fondos y adem\u00e1s para poder generar una actividad muy valorada en nuestra ciudad, que nuestra ciudad se posicione como una ciudad deportiva, donde hay actividades, donde viene gente de distintos lugares, para nosotros es un orgullo\u201d expres\u00f3 entre otros conceptos.<\/p>\n\n\n\n<p><strong>Anotarse<\/strong><\/p>\n\n\n\n<p>Sebasti\u00e1n Lara coment\u00f3 que \u201ctodav\u00eda est\u00e1n abiertas las inscripciones por la plataforma finishtime.com.ar, donde vos ingres\u00e1s, seleccionas la distancia que quer\u00e9s correr y le env\u00edas el pago por mail o por WhatsApp a la organizaci\u00f3n o a Bomberos y ya form\u00e1s parte\u201d<\/p>\n","protected":false},"excerpt":{"rendered":"<p>En el Cuartel de Bombero se llev\u00f3 adelante la presentaci\u00f3n de la primera Carrera Solidaria \u201cTodos por Bomberos\u201d. Ser\u00e1 el &#8230; <a title=\"Presentaron e invitan a marat\u00f3n en beneficio de Bomberos\" class=\"read-more\" href=\"https:\/\/www.hoymercedes.com.ar\/principal\/2024\/11\/13\/presentaron-e-invitan-a-maraton-en-beneficio-de-bomberos\/\" aria-label=\"Leer m\u00e1s sobre Presentaron e invitan a marat\u00f3n en beneficio de Bomberos\">Leer m\u00e1s<\/a><\/p>\n","protected":false},"author":1,"featured_media":180442,"comment_status":"closed","ping_status":"open","sticky":false,"template":"","format":"standard","meta":{"_monsterinsights_skip_tracking":false,"_monsterinsights_sitenote_active":false,"_monsterinsights_sitenote_note":"","_monsterinsights_sitenote_category":0,"jetpack_post_was_ever_published":false,"_jetpack_newsletter_access":"","_jetpack_dont_email_post_to_subs":false,"_jetpack_newsletter_tier_id":0,"_jetpack_memberships_contains_paywalled_content":false,"_jetpack_memberships_contains_paid_content":false,"footnotes":"","jetpack_publicize_message":"","jetpack_publicize_feature_enabled":true,"jetpack_social_post_already_shared":true,"jetpack_social_options":{"image_generator_settings":{"template":"highway","default_image_id":0,"font":"","enabled":false},"version":2},"_wpas_customize_per_network":false},"categories":[8],"tags":[],"class_list":["post-180441","post","type-post","status-publish","format-standard","has-post-thumbnail","hentry","category-sociedad","generate-columns","tablet-grid-50","mobile-grid-100","grid-parent","grid-50"],"jetpack_publicize_connections":[],"jetpack_featured_media_url":"https:\/\/www.hoymercedes.com.ar\/principal\/wp-content\/uploads\/2024\/11\/GcMp-J1WIAEdNEP-scaled.jpg","wps_subtitle":"Solidaridad ","jetpack_sharing_enabled":true,"_links":{"self":[{"href":"https:\/\/www.hoymercedes.com.ar\/principal\/wp-json\/wp\/v2\/posts\/180441","targetHints":{"allow":["GET"]}}],"collection":[{"href":"https:\/\/www.hoymercedes.com.ar\/principal\/wp-json\/wp\/v2\/posts"}],"about":[{"href":"https:\/\/www.hoymercedes.com.ar\/principal\/wp-json\/wp\/v2\/types\/post"}],"author":[{"embeddable":true,"href":"https:\/\/www.hoymercedes.com.ar\/principal\/wp-json\/wp\/v2\/users\/1"}],"replies":[{"embeddable":true,"href":"https:\/\/www.hoymercedes.com.ar\/principal\/wp-json\/wp\/v2\/comments?post=180441"}],"version-history":[{"count":0,"href":"https:\/\/www.hoymercedes.com.ar\/principal\/wp-json\/wp\/v2\/posts\/180441\/revisions"}],"wp:featuredmedia":[{"embeddable":true,"href":"https:\/\/www.hoymercedes.com.ar\/principal\/wp-json\/wp\/v2\/media\/180442"}],"wp:attachment":[{"href":"https:\/\/www.hoymercedes.com.ar\/principal\/wp-json\/wp\/v2\/media?parent=180441"}],"wp:term":[{"taxonomy":"category","embeddable":true,"href":"https:\/\/www.hoymercedes.com.ar\/principal\/wp-json\/wp\/v2\/categories?post=180441"},{"taxonomy":"post_tag","embeddable":true,"href":"https:\/\/www.hoymercedes.com.ar\/principal\/wp-json\/wp\/v2\/tags?post=180441"}],"curies":[{"name":"wp","href":"https:\/\/api.w.org\/{rel}","templated":true}]}}