{"id":18045,"date":"2012-11-20T15:16:04","date_gmt":"2012-11-20T15:16:04","guid":{"rendered":"http:\/\/www.hoymercedes.com.ar\/principal\/?p=18045"},"modified":"2012-11-20T15:26:33","modified_gmt":"2012-11-20T15:26:33","slug":"se-realizo-el-paro-tambien-a-nivellocal-con-diverso-nivel-de-acatamiento","status":"publish","type":"post","link":"https:\/\/www.hoymercedes.com.ar\/principal\/2012\/11\/20\/se-realizo-el-paro-tambien-a-nivellocal-con-diverso-nivel-de-acatamiento\/","title":{"rendered":"Se realiz\u00f3 el paro tambi\u00e9n a nivel local con diverso nivel de acatamiento"},"content":{"rendered":"<p><a href=\"https:\/\/www.hoymercedes.com.ar\/principal\/wp-content\/uploads\/2012\/11\/Marcha.Paro_.20.11.12-IV.jpg\"><img loading=\"lazy\" decoding=\"async\" data-attachment-id=\"18047\" data-permalink=\"https:\/\/www.hoymercedes.com.ar\/principal\/2012\/11\/20\/se-realizo-el-paro-tambien-a-nivellocal-con-diverso-nivel-de-acatamiento\/marcha-paro-20-11-12-iv\/#main\" data-orig-file=\"https:\/\/www.hoymercedes.com.ar\/principal\/wp-content\/uploads\/2012\/11\/Marcha.Paro_.20.11.12-IV.jpg\" data-orig-size=\"618,194\" data-comments-opened=\"1\" data-image-meta=\"{&quot;aperture&quot;:&quot;2.7&quot;,&quot;credit&quot;:&quot;&quot;,&quot;camera&quot;:&quot;GT-I5500L&quot;,&quot;caption&quot;:&quot;&quot;,&quot;created_timestamp&quot;:&quot;1353410362&quot;,&quot;copyright&quot;:&quot;&quot;,&quot;focal_length&quot;:&quot;2.73&quot;,&quot;iso&quot;:&quot;50&quot;,&quot;shutter_speed&quot;:&quot;0.0009794319294809&quot;,&quot;title&quot;:&quot;&quot;}\" data-image-title=\"Marcha.Paro.20.11.12-IV\" data-image-description=\"\" data-image-caption=\"\" data-large-file=\"https:\/\/www.hoymercedes.com.ar\/principal\/wp-content\/uploads\/2012\/11\/Marcha.Paro_.20.11.12-IV.jpg\" class=\"aligncenter size-full wp-image-18047\" title=\"Marcha.Paro.20.11.12-IV\" src=\"https:\/\/www.hoymercedes.com.ar\/principal\/wp-content\/uploads\/2012\/11\/Marcha.Paro_.20.11.12-IV.jpg\" alt=\"\" width=\"618\" height=\"194\" \/><\/a><\/p>\n<p>Durante la ma\u00f1ana se pudieron ver los primeros indicios del paro nacional que se realiz\u00f3 en todo el pa\u00eds. En algunos \u00e1mbitos hubo m\u00e1s acatamiento que en otros. Hubo movilizaci\u00f3n alrededor de Plaza San Mart\u00edn y un momento de reflexi\u00f3n frente al Palacio de Tribunales donde se breg\u00f3 por el reclamo, el cese de actividades y la unidad de fuerzas.<\/p>\n<p>En el Hospital Dubarry las actividades se desarrollaron con total normalidad. Los m\u00e9dicos asistieron a sus puestos de trabajo, los consultorios externos y las prestaciones programadas no vieron mermadas sus actividades.<\/p>\n<p><a href=\"https:\/\/www.hoymercedes.com.ar\/principal\/wp-content\/uploads\/2012\/11\/Marcha.Paro_.20.11.12-II.jpg\"><img loading=\"lazy\" decoding=\"async\" data-attachment-id=\"18048\" data-permalink=\"https:\/\/www.hoymercedes.com.ar\/principal\/2012\/11\/20\/se-realizo-el-paro-tambien-a-nivellocal-con-diverso-nivel-de-acatamiento\/marcha-paro-20-11-12-ii\/#main\" data-orig-file=\"https:\/\/www.hoymercedes.com.ar\/principal\/wp-content\/uploads\/2012\/11\/Marcha.Paro_.20.11.12-II.jpg\" data-orig-size=\"618,464\" data-comments-opened=\"1\" data-image-meta=\"{&quot;aperture&quot;:&quot;2.7&quot;,&quot;credit&quot;:&quot;&quot;,&quot;camera&quot;:&quot;GT-I5500L&quot;,&quot;caption&quot;:&quot;&quot;,&quot;created_timestamp&quot;:&quot;1353410385&quot;,&quot;copyright&quot;:&quot;&quot;,&quot;focal_length&quot;:&quot;2.73&quot;,&quot;iso&quot;:&quot;50&quot;,&quot;shutter_speed&quot;:&quot;0.0013755158184319&quot;,&quot;title&quot;:&quot;&quot;}\" data-image-title=\"Marcha.Paro.20.11.12-II\" data-image-description=\"\" data-image-caption=\"\" data-large-file=\"https:\/\/www.hoymercedes.com.ar\/principal\/wp-content\/uploads\/2012\/11\/Marcha.Paro_.20.11.12-II.jpg\" class=\"aligncenter size-full wp-image-18048\" title=\"Marcha.Paro.20.11.12-II\" src=\"https:\/\/www.hoymercedes.com.ar\/principal\/wp-content\/uploads\/2012\/11\/Marcha.Paro_.20.11.12-II.jpg\" alt=\"\" width=\"618\" height=\"464\" srcset=\"https:\/\/www.hoymercedes.com.ar\/principal\/wp-content\/uploads\/2012\/11\/Marcha.Paro_.20.11.12-II.jpg 618w, https:\/\/www.hoymercedes.com.ar\/principal\/wp-content\/uploads\/2012\/11\/Marcha.Paro_.20.11.12-II-300x225.jpg 300w\" sizes=\"auto, (max-width: 618px) 100vw, 618px\" \/><\/a><\/p>\n<p>En el\u00a0municipio\u00a0las actividades se desarrollaron con total normalidad, tal como se hab\u00eda anunciado, dado que las\u00a0representaciones\u00a0locales\u00a0adhieren al Consejo Directivo Nacional de la Confederaci\u00f3n de Trabajadores Municipales de la Rep\u00fablica Argentina (CTM), que lidera Rub\u00e9n \u2018Cholo\u2019 Garc\u00eda, qui\u00e9n declar\u00f3 p\u00fablicamente su decisi\u00f3n <em>de \u201cno adherir al paro y a la movilizaci\u00f3n convocadas para el d\u00eda 20 de noviembre por distintas fracciones sindicales de la CGT y la CTA\u201d. <\/em>De esta manera el Palacio Municipal no vio en ning\u00fan momento sus actividades mermadas. Los municipales, a primera hora, recibieron a manos de integrantes del Partido Obrero un documento denominado: \u201cel 20 paremos masivamente. Para que la clase obrera intervenga en la crisis nacional\u201d desde donde enumeraban los motivos por los cuales se deb\u00eda acompa\u00f1ar el cese de actividades.<\/p>\n<p><a href=\"https:\/\/www.hoymercedes.com.ar\/principal\/wp-content\/uploads\/2012\/11\/Marcha.Paro_.20.11.12-III.jpg\"><img loading=\"lazy\" decoding=\"async\" data-attachment-id=\"18049\" data-permalink=\"https:\/\/www.hoymercedes.com.ar\/principal\/2012\/11\/20\/se-realizo-el-paro-tambien-a-nivellocal-con-diverso-nivel-de-acatamiento\/marcha-paro-20-11-12-iii\/#main\" data-orig-file=\"https:\/\/www.hoymercedes.com.ar\/principal\/wp-content\/uploads\/2012\/11\/Marcha.Paro_.20.11.12-III.jpg\" data-orig-size=\"618,464\" data-comments-opened=\"1\" data-image-meta=\"{&quot;aperture&quot;:&quot;2.7&quot;,&quot;credit&quot;:&quot;&quot;,&quot;camera&quot;:&quot;GT-I5500L&quot;,&quot;caption&quot;:&quot;&quot;,&quot;created_timestamp&quot;:&quot;1353410413&quot;,&quot;copyright&quot;:&quot;&quot;,&quot;focal_length&quot;:&quot;2.73&quot;,&quot;iso&quot;:&quot;50&quot;,&quot;shutter_speed&quot;:&quot;0.0034246575342466&quot;,&quot;title&quot;:&quot;&quot;}\" data-image-title=\"Marcha.Paro.20.11.12-III\" data-image-description=\"\" data-image-caption=\"\" data-large-file=\"https:\/\/www.hoymercedes.com.ar\/principal\/wp-content\/uploads\/2012\/11\/Marcha.Paro_.20.11.12-III.jpg\" class=\"aligncenter size-full wp-image-18049\" title=\"Marcha.Paro.20.11.12-III\" src=\"https:\/\/www.hoymercedes.com.ar\/principal\/wp-content\/uploads\/2012\/11\/Marcha.Paro_.20.11.12-III.jpg\" alt=\"\" width=\"618\" height=\"464\" srcset=\"https:\/\/www.hoymercedes.com.ar\/principal\/wp-content\/uploads\/2012\/11\/Marcha.Paro_.20.11.12-III.jpg 618w, https:\/\/www.hoymercedes.com.ar\/principal\/wp-content\/uploads\/2012\/11\/Marcha.Paro_.20.11.12-III-300x225.jpg 300w\" sizes=\"auto, (max-width: 618px) 100vw, 618px\" \/><\/a><\/p>\n<p>Las estaciones de servicio se vieron afectadas porque la distribuci\u00f3n de combustibles se fren\u00f3 por completo dado que est\u00e1 ah\u00ed justamente fuerte el gremio de camioneros. Lo mismo con las de Gas.<\/p>\n<p>Anses y Pami fue dispar dado que se adher\u00eda seg\u00fan posicionamiento personal. Lo mismo con Tribunales donde hay dos posturas, a nivel conducci\u00f3n provincial hay correlato mientras que desde la Delegaci\u00f3n Mercedes se hizo una evaluaci\u00f3n m\u00e1s fina. Se pudo ver entonces un paro seg\u00fan \u00e1reas y personal.<\/p>\n<p>En educaci\u00f3n FEB y la UEB ten\u00edan programado un cese de actividades, el resto de los gremios lo har\u00e1 el pr\u00f3ximo jueves y viernes. Algunos docentes lo hicieron a pesar de que su gremio no era parte de la medida. Los auxiliares adheridos a ATE pararon.<\/p>\n<p>En ATE, a las 10.30hs, se realiz\u00f3 una asamblea en la cual Bonafina sostuvo que <em>\u00abla matriz econ\u00f3mica es la misma de Domingo Cavallo, \u00a0debe cesar el impuesto al trabajador e implementarse a la renta financiera\u00bb<\/em>, Luego marcharon por el radio\u00a0c\u00e9ntrico\u00a0especialmente alrededor de la Plaza San Mart\u00edn parando frente a Tribunales desde donde bregaron por lucha de los trabajadores y los motivos de la marcha.<\/p>\n","protected":false},"excerpt":{"rendered":"<p>Durante la ma\u00f1ana se pudieron ver los primeros indicios del paro nacional que se realiz\u00f3 en todo el pa\u00eds. En &#8230; <a title=\"Se realiz\u00f3 el paro tambi\u00e9n a nivel local con diverso nivel de acatamiento\" class=\"read-more\" href=\"https:\/\/www.hoymercedes.com.ar\/principal\/2012\/11\/20\/se-realizo-el-paro-tambien-a-nivellocal-con-diverso-nivel-de-acatamiento\/\" aria-label=\"Leer m\u00e1s sobre Se realiz\u00f3 el paro tambi\u00e9n a nivel local con diverso nivel de acatamiento\">Leer m\u00e1s<\/a><\/p>\n","protected":false},"author":1,"featured_media":0,"comment_status":"open","ping_status":"open","sticky":false,"template":"","format":"standard","meta":{"_monsterinsights_skip_tracking":false,"_monsterinsights_sitenote_active":false,"_monsterinsights_sitenote_note":"","_monsterinsights_sitenote_category":0,"jetpack_post_was_ever_published":false,"_jetpack_newsletter_access":"","_jetpack_dont_email_post_to_subs":false,"_jetpack_newsletter_tier_id":0,"_jetpack_memberships_contains_paywalled_content":false,"_jetpack_memberships_contains_paid_content":false,"footnotes":"","jetpack_publicize_message":"","jetpack_publicize_feature_enabled":true,"jetpack_social_post_already_shared":false,"jetpack_social_options":{"image_generator_settings":{"template":"highway","default_image_id":0,"font":"","enabled":false},"version":2},"_wpas_customize_per_network":false},"categories":[5],"tags":[308,2995,1322],"class_list":["post-18045","post","type-post","status-publish","format-standard","hentry","category-politica","tag-ate-mercedes","tag-paro-nacional-en-mercedes","tag-partido-obrero-mercedes","generate-columns","tablet-grid-50","mobile-grid-100","grid-parent","grid-50"],"jetpack_publicize_connections":[],"jetpack_featured_media_url":"","wps_subtitle":"","jetpack_sharing_enabled":true,"_links":{"self":[{"href":"https:\/\/www.hoymercedes.com.ar\/principal\/wp-json\/wp\/v2\/posts\/18045","targetHints":{"allow":["GET"]}}],"collection":[{"href":"https:\/\/www.hoymercedes.com.ar\/principal\/wp-json\/wp\/v2\/posts"}],"about":[{"href":"https:\/\/www.hoymercedes.com.ar\/principal\/wp-json\/wp\/v2\/types\/post"}],"author":[{"embeddable":true,"href":"https:\/\/www.hoymercedes.com.ar\/principal\/wp-json\/wp\/v2\/users\/1"}],"replies":[{"embeddable":true,"href":"https:\/\/www.hoymercedes.com.ar\/principal\/wp-json\/wp\/v2\/comments?post=18045"}],"version-history":[{"count":0,"href":"https:\/\/www.hoymercedes.com.ar\/principal\/wp-json\/wp\/v2\/posts\/18045\/revisions"}],"wp:attachment":[{"href":"https:\/\/www.hoymercedes.com.ar\/principal\/wp-json\/wp\/v2\/media?parent=18045"}],"wp:term":[{"taxonomy":"category","embeddable":true,"href":"https:\/\/www.hoymercedes.com.ar\/principal\/wp-json\/wp\/v2\/categories?post=18045"},{"taxonomy":"post_tag","embeddable":true,"href":"https:\/\/www.hoymercedes.com.ar\/principal\/wp-json\/wp\/v2\/tags?post=18045"}],"curies":[{"name":"wp","href":"https:\/\/api.w.org\/{rel}","templated":true}]}}