{"id":180457,"date":"2024-11-12T18:04:00","date_gmt":"2024-11-12T21:04:00","guid":{"rendered":"https:\/\/www.hoymercedes.com.ar\/principal\/?p=180457"},"modified":"2024-11-13T18:18:18","modified_gmt":"2024-11-13T21:18:18","slug":"abogados-postura-por-proyecto-de-ley-provincial","status":"publish","type":"post","link":"https:\/\/www.hoymercedes.com.ar\/principal\/2024\/11\/12\/abogados-postura-por-proyecto-de-ley-provincial\/","title":{"rendered":"Abogados: postura por proyecto de ley provincial"},"content":{"rendered":"\n<p>Desde el Colegio de Abogados del Departamento Judicial Mercedes present\u00f3 un comunicado por el proyecto de Ley relacionado con la Caja de Previsi\u00f3n Social para Abogados de la provincia de Buenos Aires. <\/p>\n\n\n\n<p>\u00abAnte informaci\u00f3n circulante por la cual se advierte sobre un Proyecto de Ley que propugna modificar:<\/p>\n\n\n\n<p>\u2013 el art. 12 inc. g) de la ley 6716 en el sentido de bajar la contribuci\u00f3n a cargo del obligado al pago de Tasa de Justicia del 10% al 5%, y del 2% al 1% por la intervenci\u00f3n letrada ante el Tribunal Fiscal de Apelaciones, y que los fondos recaudados no vayan a gastos operativos o administrativos sino destinados exclusivamente al pago de prestaciones de los afiliados;<\/p>\n\n\n\n<p>\u2013 el art. 5 de la ley 6716, reduciendo los vi\u00e1ticos, gastos de representaci\u00f3n o cualquier otra suma que perciban los Directores al equivalente a una jubilaci\u00f3n m\u00ednima.<\/p>\n\n\n\n<p>Este Colegio de Abogados del Departamento Judicial de Mercedes comunica que ello importa por un lado ni m\u00e1s ni menos que el desfinanciamiento de la Caja de Previsi\u00f3n Social para Abogados de la Provincia de Buenos Aires, al reducirse sus ingresos y su operatividad administrativa, y por otro la conculcaci\u00f3n lisa y llana del funcionamiento del Directorio como \u00f3rgano de gobierno, con lo cual se afecta directamente a los afiliados, a los directivos, y a la operatoria administrativa de la Caja.<\/p>\n\n\n\n<p>Por lo expuesto el Colegio de Abogados del Departamento Judicial de Mercedes se opone f\u00e9rreamente a dicho Proyecto de Ley, y solicita a los legisladores act\u00faen con la responsabilidad que el caso amerita, ante un proyecto que s\u00f3lo busca el perjuicio de m\u00e1s de 60.000 abogados y abogadas, beneficiarios actuales y futuros de la Caja de Previsi\u00f3n Social para Abogados de la Provincia de Buenos Aires\u00bb.<\/p>\n","protected":false},"excerpt":{"rendered":"<p>Desde el Colegio de Abogados del Departamento Judicial Mercedes present\u00f3 un comunicado por el proyecto de Ley relacionado con la &#8230; <a title=\"Abogados: postura por proyecto de ley provincial\" class=\"read-more\" href=\"https:\/\/www.hoymercedes.com.ar\/principal\/2024\/11\/12\/abogados-postura-por-proyecto-de-ley-provincial\/\" aria-label=\"Leer m\u00e1s sobre Abogados: postura por proyecto de ley provincial\">Leer m\u00e1s<\/a><\/p>\n","protected":false},"author":1,"featured_media":180458,"comment_status":"closed","ping_status":"open","sticky":false,"template":"","format":"standard","meta":{"_monsterinsights_skip_tracking":false,"_monsterinsights_sitenote_active":false,"_monsterinsights_sitenote_note":"","_monsterinsights_sitenote_category":0,"jetpack_post_was_ever_published":false,"_jetpack_newsletter_access":"","_jetpack_dont_email_post_to_subs":false,"_jetpack_newsletter_tier_id":0,"_jetpack_memberships_contains_paywalled_content":false,"_jetpack_memberships_contains_paid_content":false,"footnotes":"","jetpack_publicize_message":"","jetpack_publicize_feature_enabled":true,"jetpack_social_post_already_shared":true,"jetpack_social_options":{"image_generator_settings":{"template":"highway","default_image_id":0,"font":"","enabled":false},"version":2},"_wpas_customize_per_network":false},"categories":[8],"tags":[],"class_list":["post-180457","post","type-post","status-publish","format-standard","has-post-thumbnail","hentry","category-sociedad","generate-columns","tablet-grid-50","mobile-grid-100","grid-parent","grid-50"],"jetpack_publicize_connections":[],"jetpack_featured_media_url":"https:\/\/www.hoymercedes.com.ar\/principal\/wp-content\/uploads\/2024\/11\/COMUNICADO.jpeg","wps_subtitle":"","jetpack_sharing_enabled":true,"_links":{"self":[{"href":"https:\/\/www.hoymercedes.com.ar\/principal\/wp-json\/wp\/v2\/posts\/180457","targetHints":{"allow":["GET"]}}],"collection":[{"href":"https:\/\/www.hoymercedes.com.ar\/principal\/wp-json\/wp\/v2\/posts"}],"about":[{"href":"https:\/\/www.hoymercedes.com.ar\/principal\/wp-json\/wp\/v2\/types\/post"}],"author":[{"embeddable":true,"href":"https:\/\/www.hoymercedes.com.ar\/principal\/wp-json\/wp\/v2\/users\/1"}],"replies":[{"embeddable":true,"href":"https:\/\/www.hoymercedes.com.ar\/principal\/wp-json\/wp\/v2\/comments?post=180457"}],"version-history":[{"count":0,"href":"https:\/\/www.hoymercedes.com.ar\/principal\/wp-json\/wp\/v2\/posts\/180457\/revisions"}],"wp:featuredmedia":[{"embeddable":true,"href":"https:\/\/www.hoymercedes.com.ar\/principal\/wp-json\/wp\/v2\/media\/180458"}],"wp:attachment":[{"href":"https:\/\/www.hoymercedes.com.ar\/principal\/wp-json\/wp\/v2\/media?parent=180457"}],"wp:term":[{"taxonomy":"category","embeddable":true,"href":"https:\/\/www.hoymercedes.com.ar\/principal\/wp-json\/wp\/v2\/categories?post=180457"},{"taxonomy":"post_tag","embeddable":true,"href":"https:\/\/www.hoymercedes.com.ar\/principal\/wp-json\/wp\/v2\/tags?post=180457"}],"curies":[{"name":"wp","href":"https:\/\/api.w.org\/{rel}","templated":true}]}}