{"id":180499,"date":"2024-11-15T21:15:00","date_gmt":"2024-11-16T00:15:00","guid":{"rendered":"https:\/\/www.hoymercedes.com.ar\/principal\/?p=180499"},"modified":"2024-11-15T20:12:17","modified_gmt":"2024-11-15T23:12:17","slug":"instalan-sistema-fotovoltaico-en-el-cept-en-trabajo-solidario-de-la-empresa-siemens","status":"publish","type":"post","link":"https:\/\/www.hoymercedes.com.ar\/principal\/2024\/11\/15\/instalan-sistema-fotovoltaico-en-el-cept-en-trabajo-solidario-de-la-empresa-siemens\/","title":{"rendered":"Instalan sistema fotovoltaico en el CEPT, en trabajo solidario de la empresa Siemens"},"content":{"rendered":"\n<figure class=\"wp-block-image size-large\"><img loading=\"lazy\" decoding=\"async\" width=\"1024\" height=\"682\" data-attachment-id=\"180500\" data-permalink=\"https:\/\/www.hoymercedes.com.ar\/principal\/2024\/11\/15\/instalan-sistema-fotovoltaico-en-el-cept-en-trabajo-solidario-de-la-empresa-siemens\/fundacion-municipio-2\/#main\" data-orig-file=\"https:\/\/www.hoymercedes.com.ar\/principal\/wp-content\/uploads\/2024\/11\/Fundacion-Municipio.2.jpg\" data-orig-size=\"1319,879\" data-comments-opened=\"0\" data-image-meta=\"{&quot;aperture&quot;:&quot;0&quot;,&quot;credit&quot;:&quot;&quot;,&quot;camera&quot;:&quot;&quot;,&quot;caption&quot;:&quot;&quot;,&quot;created_timestamp&quot;:&quot;0&quot;,&quot;copyright&quot;:&quot;&quot;,&quot;focal_length&quot;:&quot;0&quot;,&quot;iso&quot;:&quot;0&quot;,&quot;shutter_speed&quot;:&quot;0&quot;,&quot;title&quot;:&quot;&quot;,&quot;orientation&quot;:&quot;0&quot;}\" data-image-title=\"Fundacion-Municipio.2\" data-image-description=\"&lt;p&gt;Instalan sistema fotovoltaico en el CEPT, en trabajo solidario de la empresa Siemens&lt;\/p&gt;\n\" data-image-caption=\"&lt;p&gt;Instalan sistema fotovoltaico en el CEPT, en trabajo solidario de la empresa Siemens&lt;\/p&gt;\n\" data-large-file=\"https:\/\/www.hoymercedes.com.ar\/principal\/wp-content\/uploads\/2024\/11\/Fundacion-Municipio.2-1024x682.jpg\" src=\"https:\/\/www.hoymercedes.com.ar\/principal\/wp-content\/uploads\/2024\/11\/Fundacion-Municipio.2-1024x682.jpg\" alt=\"\" class=\"wp-image-180500\" srcset=\"https:\/\/www.hoymercedes.com.ar\/principal\/wp-content\/uploads\/2024\/11\/Fundacion-Municipio.2-1024x682.jpg 1024w, https:\/\/www.hoymercedes.com.ar\/principal\/wp-content\/uploads\/2024\/11\/Fundacion-Municipio.2-630x420.jpg 630w, https:\/\/www.hoymercedes.com.ar\/principal\/wp-content\/uploads\/2024\/11\/Fundacion-Municipio.2-150x100.jpg 150w, https:\/\/www.hoymercedes.com.ar\/principal\/wp-content\/uploads\/2024\/11\/Fundacion-Municipio.2-700x465.jpg 700w, https:\/\/www.hoymercedes.com.ar\/principal\/wp-content\/uploads\/2024\/11\/Fundacion-Municipio.2.jpg 1319w\" sizes=\"auto, (max-width: 1024px) 100vw, 1024px\" \/><\/figure>\n\n\n\n<p>Se vivi\u00f3 una jornada solidaria y de procesos de ense\u00f1anza y aprendizaje en el en el CEPT 4 que llegaron de la mano de la Fundaci\u00f3n Siemens y Siemens Energy. Hubo presencia del intendente Ustarroz, funcionarios provinciales, el Presidente de la Fundaci\u00f3n y especialmente las y los estudiantes de la instituci\u00f3n de la zona rural.<\/p>\n\n\n\n<p>El intendente Juan Ustarroz visit\u00f3 en el transcurso de la ma\u00f1ana la sede del CEPT 4 y particip\u00f3 de esta jornada solidaria junto a Fernando Monteverde (CEO Siemens Energy Sudam\u00e9rica); Sebasti\u00e1n D\u00edaz Gallardo (CFO Siemens Energy Sudam\u00e9rica); Pablo Aldrovandi (Director Ejecutivo Fundaci\u00f3n Siemens); el subdirector de Educaci\u00f3n Agraria Sergio Fiorotto, la inspectora de Agraria Ang\u00e9lica Guiot, el secretario de Educaci\u00f3n Josi Pisano, consejeros escolares y el director del CEPT 4 Fabi\u00e1n Rodr\u00edguez.<\/p>\n\n\n\n<p>M\u00e1s de 40 colaboradores de la empresa Siemens Energy, junto con su Fundaci\u00f3n Siemens, se unieron en calidad de voluntarios para llevar adelante la instalaci\u00f3n de un sistema fotovoltaico off-grid en el CEPT N\u00b04 Mercedes.<\/p>\n\n\n\n<p>Este sistema, que contar\u00e1 con una capacidad de 5kW, estar\u00e1 destinado alimentar cargas cr\u00edticas tales como luminaria, refrigeradores, conectividad wifi, entre otros; asegurando as\u00ed el correcto funcionamiento de la instituci\u00f3n frente a los recurrentes cortes de luz que la misma sufre.<\/p>\n\n\n\n<p>Adem\u00e1s, durante la jornada se llevaron adelante actividades de puesta en valor de la infraestructura y luminaria. Se pintaron paredes, refaccionaron da\u00f1os y optimizaron los consumos el\u00e9ctricos de la escuela.<\/p>\n\n\n\n<p>Los alumnos de segundo, quinto y s\u00e9ptimo a\u00f1o participaron de toda la jornada y adem\u00e1s tuvieron a su disposici\u00f3n charlas y capacitaciones en temas relacionados con recursos energ\u00e9ticos renovables e inicio laboral.<\/p>\n","protected":false},"excerpt":{"rendered":"<p>Se vivi\u00f3 una jornada solidaria y de procesos de ense\u00f1anza y aprendizaje en el en el CEPT 4 que llegaron &#8230; <a title=\"Instalan sistema fotovoltaico en el CEPT, en trabajo solidario de la empresa Siemens\" class=\"read-more\" href=\"https:\/\/www.hoymercedes.com.ar\/principal\/2024\/11\/15\/instalan-sistema-fotovoltaico-en-el-cept-en-trabajo-solidario-de-la-empresa-siemens\/\" aria-label=\"Leer m\u00e1s sobre Instalan sistema fotovoltaico en el CEPT, en trabajo solidario de la empresa Siemens\">Leer m\u00e1s<\/a><\/p>\n","protected":false},"author":1,"featured_media":180500,"comment_status":"closed","ping_status":"open","sticky":false,"template":"","format":"standard","meta":{"_monsterinsights_skip_tracking":false,"_monsterinsights_sitenote_active":false,"_monsterinsights_sitenote_note":"","_monsterinsights_sitenote_category":0,"jetpack_post_was_ever_published":false,"_jetpack_newsletter_access":"","_jetpack_dont_email_post_to_subs":false,"_jetpack_newsletter_tier_id":0,"_jetpack_memberships_contains_paywalled_content":false,"_jetpack_memberships_contains_paid_content":false,"footnotes":"","jetpack_publicize_message":"","jetpack_publicize_feature_enabled":true,"jetpack_social_post_already_shared":true,"jetpack_social_options":{"image_generator_settings":{"template":"highway","default_image_id":0,"font":"","enabled":false},"version":2},"_wpas_customize_per_network":false},"categories":[8],"tags":[11796,19953,19952,424],"class_list":["post-180499","post","type-post","status-publish","format-standard","has-post-thumbnail","hentry","category-sociedad","tag-cept-4","tag-educacion-y-trabajo-2","tag-fundacion-siemmens","tag-ustarroz","generate-columns","tablet-grid-50","mobile-grid-100","grid-parent","grid-50"],"jetpack_publicize_connections":[],"jetpack_featured_media_url":"https:\/\/www.hoymercedes.com.ar\/principal\/wp-content\/uploads\/2024\/11\/Fundacion-Municipio.2.jpg","wps_subtitle":"","jetpack_sharing_enabled":true,"_links":{"self":[{"href":"https:\/\/www.hoymercedes.com.ar\/principal\/wp-json\/wp\/v2\/posts\/180499","targetHints":{"allow":["GET"]}}],"collection":[{"href":"https:\/\/www.hoymercedes.com.ar\/principal\/wp-json\/wp\/v2\/posts"}],"about":[{"href":"https:\/\/www.hoymercedes.com.ar\/principal\/wp-json\/wp\/v2\/types\/post"}],"author":[{"embeddable":true,"href":"https:\/\/www.hoymercedes.com.ar\/principal\/wp-json\/wp\/v2\/users\/1"}],"replies":[{"embeddable":true,"href":"https:\/\/www.hoymercedes.com.ar\/principal\/wp-json\/wp\/v2\/comments?post=180499"}],"version-history":[{"count":0,"href":"https:\/\/www.hoymercedes.com.ar\/principal\/wp-json\/wp\/v2\/posts\/180499\/revisions"}],"wp:featuredmedia":[{"embeddable":true,"href":"https:\/\/www.hoymercedes.com.ar\/principal\/wp-json\/wp\/v2\/media\/180500"}],"wp:attachment":[{"href":"https:\/\/www.hoymercedes.com.ar\/principal\/wp-json\/wp\/v2\/media?parent=180499"}],"wp:term":[{"taxonomy":"category","embeddable":true,"href":"https:\/\/www.hoymercedes.com.ar\/principal\/wp-json\/wp\/v2\/categories?post=180499"},{"taxonomy":"post_tag","embeddable":true,"href":"https:\/\/www.hoymercedes.com.ar\/principal\/wp-json\/wp\/v2\/tags?post=180499"}],"curies":[{"name":"wp","href":"https:\/\/api.w.org\/{rel}","templated":true}]}}