{"id":180522,"date":"2024-11-17T17:53:27","date_gmt":"2024-11-17T20:53:27","guid":{"rendered":"https:\/\/www.hoymercedes.com.ar\/principal\/?p=180522"},"modified":"2024-11-17T17:53:29","modified_gmt":"2024-11-17T20:53:29","slug":"susana-otermin-presenta-su-libro-mi-vida-un-arco-iris","status":"publish","type":"post","link":"https:\/\/www.hoymercedes.com.ar\/principal\/2024\/11\/17\/susana-otermin-presenta-su-libro-mi-vida-un-arco-iris\/","title":{"rendered":"Susana Oterm\u00edn presenta su libro \u00abMi vida, un arco iris\u00bb"},"content":{"rendered":"\n<p>El pr\u00f3ximo 25 de noviembre, Susana Oterm\u00edn, escritora, m\u00fasica y docente, estar\u00e1 presentando un nuevo libro. Se trata de \u00abMi vida, un arco iris\u00bb. \u00abUn libro de tono po\u00e9tico, concebido en prosa libre que abarca vivencias de la autora en una propuesta intimista que convoca al lector\u00bb.<\/p>\n\n\n<div class=\"wp-block-image\">\n<figure class=\"aligncenter size-large\"><img loading=\"lazy\" decoding=\"async\" width=\"703\" height=\"1024\" data-attachment-id=\"180523\" data-permalink=\"https:\/\/www.hoymercedes.com.ar\/principal\/2024\/11\/17\/susana-otermin-presenta-su-libro-mi-vida-un-arco-iris\/susana-otermin\/#main\" data-orig-file=\"https:\/\/www.hoymercedes.com.ar\/principal\/wp-content\/uploads\/2024\/11\/SUSANA-OTERMIN.jpeg\" data-orig-size=\"1098,1600\" data-comments-opened=\"0\" data-image-meta=\"{&quot;aperture&quot;:&quot;0&quot;,&quot;credit&quot;:&quot;&quot;,&quot;camera&quot;:&quot;&quot;,&quot;caption&quot;:&quot;&quot;,&quot;created_timestamp&quot;:&quot;0&quot;,&quot;copyright&quot;:&quot;&quot;,&quot;focal_length&quot;:&quot;0&quot;,&quot;iso&quot;:&quot;0&quot;,&quot;shutter_speed&quot;:&quot;0&quot;,&quot;title&quot;:&quot;&quot;,&quot;orientation&quot;:&quot;0&quot;}\" data-image-title=\"SUSANA OTERMIN\" data-image-description=\"\" data-image-caption=\"\" data-large-file=\"https:\/\/www.hoymercedes.com.ar\/principal\/wp-content\/uploads\/2024\/11\/SUSANA-OTERMIN-703x1024.jpeg\" src=\"https:\/\/www.hoymercedes.com.ar\/principal\/wp-content\/uploads\/2024\/11\/SUSANA-OTERMIN-703x1024.jpeg\" alt=\"\" class=\"wp-image-180523\" srcset=\"https:\/\/www.hoymercedes.com.ar\/principal\/wp-content\/uploads\/2024\/11\/SUSANA-OTERMIN-703x1024.jpeg 703w, https:\/\/www.hoymercedes.com.ar\/principal\/wp-content\/uploads\/2024\/11\/SUSANA-OTERMIN-425x620.jpeg 425w, https:\/\/www.hoymercedes.com.ar\/principal\/wp-content\/uploads\/2024\/11\/SUSANA-OTERMIN-103x150.jpeg 103w, https:\/\/www.hoymercedes.com.ar\/principal\/wp-content\/uploads\/2024\/11\/SUSANA-OTERMIN-1054x1536.jpeg 1054w, https:\/\/www.hoymercedes.com.ar\/principal\/wp-content\/uploads\/2024\/11\/SUSANA-OTERMIN.jpeg 1098w\" sizes=\"auto, (max-width: 703px) 100vw, 703px\" \/><\/figure>\n<\/div>\n\n\n<p>La presentaci\u00f3n ser\u00e1 el 25 de noviemre, 20 horas, en la\u00a0Asociaci\u00f3n M\u00e9dica de Mercedes (25 N\u00b0 733). Susana estar\u00e1 acompa\u00f1ada por la profesora\u00a0M\u00f3nica Tirone\u00a0que analizar\u00e1 la obra y la actriz y narradora,\u00a0Lel\u00e9 Fal, que leer\u00e1 algunos fragmentos del texto.<\/p>\n\n\n\n<p>Susana Beatriz Otermin, naci\u00f3 en Mercedes. Es\u00a0Maestra de M\u00fasica, Profesora para la Ense\u00f1anza Primaria, Profesora de Educaci\u00f3n Musical, t\u00edtulos que le permitieron desarrollar una amplia labor docente en diversos niveles educativos\u00a0 &#8211; Inicial, Primario, Secundario y Terciario &#8211;\u00a0 en Moreno, CABA y Mercedes. <\/p>\n\n\n\n<p>De su experiencia pedag\u00f3gica surgi\u00f3 su primer libro infantil:\u00a0\u201cTe Invito a dar una Vuelta\u201d, publicado en 2010, con el que particip\u00f3 de las Ferias del Libros de CABA. Curs\u00f3 estudios teatrales y particip\u00f3 en distintas obras teatrales. Cre\u00f3 un programa de radio infantil\u00a0llamado\u00a0\u201cTiempo para vos\u201d\u00a0que se emiti\u00f3 en Rado Vida y en Radio F\u00e9nix. <\/p>\n","protected":false},"excerpt":{"rendered":"<p>El pr\u00f3ximo 25 de noviembre, Susana Oterm\u00edn, escritora, m\u00fasica y docente, estar\u00e1 presentando un nuevo libro. Se trata de \u00abMi &#8230; <a title=\"Susana Oterm\u00edn presenta su libro \u00abMi vida, un arco iris\u00bb\" class=\"read-more\" href=\"https:\/\/www.hoymercedes.com.ar\/principal\/2024\/11\/17\/susana-otermin-presenta-su-libro-mi-vida-un-arco-iris\/\" aria-label=\"Leer m\u00e1s sobre Susana Oterm\u00edn presenta su libro \u00abMi vida, un arco iris\u00bb\">Leer m\u00e1s<\/a><\/p>\n","protected":false},"author":1,"featured_media":180523,"comment_status":"closed","ping_status":"open","sticky":false,"template":"","format":"standard","meta":{"_monsterinsights_skip_tracking":false,"_monsterinsights_sitenote_active":false,"_monsterinsights_sitenote_note":"","_monsterinsights_sitenote_category":0,"jetpack_post_was_ever_published":false,"_jetpack_newsletter_access":"","_jetpack_dont_email_post_to_subs":false,"_jetpack_newsletter_tier_id":0,"_jetpack_memberships_contains_paywalled_content":false,"_jetpack_memberships_contains_paid_content":false,"footnotes":"","jetpack_publicize_message":"","jetpack_publicize_feature_enabled":true,"jetpack_social_post_already_shared":true,"jetpack_social_options":{"image_generator_settings":{"template":"highway","default_image_id":0,"font":"","enabled":false},"version":2},"_wpas_customize_per_network":false},"categories":[8],"tags":[],"class_list":["post-180522","post","type-post","status-publish","format-standard","has-post-thumbnail","hentry","category-sociedad","generate-columns","tablet-grid-50","mobile-grid-100","grid-parent","grid-50"],"jetpack_publicize_connections":[],"jetpack_featured_media_url":"https:\/\/www.hoymercedes.com.ar\/principal\/wp-content\/uploads\/2024\/11\/SUSANA-OTERMIN.jpeg","wps_subtitle":"","jetpack_sharing_enabled":true,"_links":{"self":[{"href":"https:\/\/www.hoymercedes.com.ar\/principal\/wp-json\/wp\/v2\/posts\/180522","targetHints":{"allow":["GET"]}}],"collection":[{"href":"https:\/\/www.hoymercedes.com.ar\/principal\/wp-json\/wp\/v2\/posts"}],"about":[{"href":"https:\/\/www.hoymercedes.com.ar\/principal\/wp-json\/wp\/v2\/types\/post"}],"author":[{"embeddable":true,"href":"https:\/\/www.hoymercedes.com.ar\/principal\/wp-json\/wp\/v2\/users\/1"}],"replies":[{"embeddable":true,"href":"https:\/\/www.hoymercedes.com.ar\/principal\/wp-json\/wp\/v2\/comments?post=180522"}],"version-history":[{"count":0,"href":"https:\/\/www.hoymercedes.com.ar\/principal\/wp-json\/wp\/v2\/posts\/180522\/revisions"}],"wp:featuredmedia":[{"embeddable":true,"href":"https:\/\/www.hoymercedes.com.ar\/principal\/wp-json\/wp\/v2\/media\/180523"}],"wp:attachment":[{"href":"https:\/\/www.hoymercedes.com.ar\/principal\/wp-json\/wp\/v2\/media?parent=180522"}],"wp:term":[{"taxonomy":"category","embeddable":true,"href":"https:\/\/www.hoymercedes.com.ar\/principal\/wp-json\/wp\/v2\/categories?post=180522"},{"taxonomy":"post_tag","embeddable":true,"href":"https:\/\/www.hoymercedes.com.ar\/principal\/wp-json\/wp\/v2\/tags?post=180522"}],"curies":[{"name":"wp","href":"https:\/\/api.w.org\/{rel}","templated":true}]}}