{"id":180549,"date":"2024-11-18T16:25:18","date_gmt":"2024-11-18T19:25:18","guid":{"rendered":"https:\/\/www.hoymercedes.com.ar\/principal\/?p=180549"},"modified":"2024-11-18T16:57:10","modified_gmt":"2024-11-18T19:57:10","slug":"estrellas-amarilla-realiza-campana-de-concientizacion","status":"publish","type":"post","link":"https:\/\/www.hoymercedes.com.ar\/principal\/2024\/11\/18\/estrellas-amarilla-realiza-campana-de-concientizacion\/","title":{"rendered":"Estrellas Amarillas realiza campa\u00f1a de concientizaci\u00f3n"},"content":{"rendered":"\n<figure class=\"wp-block-image size-large\"><img loading=\"lazy\" decoding=\"async\" width=\"1024\" height=\"768\" data-attachment-id=\"180550\" data-permalink=\"https:\/\/www.hoymercedes.com.ar\/principal\/2024\/11\/18\/estrellas-amarilla-realiza-campana-de-concientizacion\/2-56\/#main\" data-orig-file=\"https:\/\/www.hoymercedes.com.ar\/principal\/wp-content\/uploads\/2024\/11\/2-1.jpg\" data-orig-size=\"1280,960\" data-comments-opened=\"0\" data-image-meta=\"{&quot;aperture&quot;:&quot;0&quot;,&quot;credit&quot;:&quot;&quot;,&quot;camera&quot;:&quot;&quot;,&quot;caption&quot;:&quot;&quot;,&quot;created_timestamp&quot;:&quot;0&quot;,&quot;copyright&quot;:&quot;&quot;,&quot;focal_length&quot;:&quot;0&quot;,&quot;iso&quot;:&quot;0&quot;,&quot;shutter_speed&quot;:&quot;0&quot;,&quot;title&quot;:&quot;&quot;,&quot;orientation&quot;:&quot;0&quot;}\" data-image-title=\"Estrellas Amarilla realiza campa\u00f1a de concientizaci\u00f3n\" data-image-description=\"&lt;p&gt;Estrellas Amarilla realiza campa\u00f1a de concientizaci\u00f3n&lt;\/p&gt;\n\" data-image-caption=\"&lt;p&gt;Estrellas Amarilla realiza campa\u00f1a de concientizaci\u00f3n&lt;\/p&gt;\n\" data-large-file=\"https:\/\/www.hoymercedes.com.ar\/principal\/wp-content\/uploads\/2024\/11\/2-1-1024x768.jpg\" src=\"https:\/\/www.hoymercedes.com.ar\/principal\/wp-content\/uploads\/2024\/11\/2-1-1024x768.jpg\" alt=\"\" class=\"wp-image-180550\" srcset=\"https:\/\/www.hoymercedes.com.ar\/principal\/wp-content\/uploads\/2024\/11\/2-1-1024x768.jpg 1024w, https:\/\/www.hoymercedes.com.ar\/principal\/wp-content\/uploads\/2024\/11\/2-1-630x473.jpg 630w, https:\/\/www.hoymercedes.com.ar\/principal\/wp-content\/uploads\/2024\/11\/2-1-150x113.jpg 150w, https:\/\/www.hoymercedes.com.ar\/principal\/wp-content\/uploads\/2024\/11\/2-1.jpg 1280w\" sizes=\"auto, (max-width: 1024px) 100vw, 1024px\" \/><\/figure>\n\n\n\n<p>El reconocido grupo \u201cEstrellas Amarillas\u201d&nbsp; lleg\u00f3 adelante durante el fin de semana acciones en pos de la conscientizaci\u00f3n del cuidado de la vida y la seguridad vial. Entregaron folleter\u00eda, efectuaron encuentro en su monumento de plaza San Lu\u00eds y visitaron el Cuerpo de Bomberos.<\/p>\n\n\n\n<p>Durante la ma\u00f1ana de este domingo 17 se conmemor\u00f3 el d\u00eda del recuerdo a las v\u00edctimas de tr\u00e1nsito, siniestros viales, que es cada tercer domingo de noviembre.<\/p>\n\n\n\n<p>Fue as\u00ed que en el Cuartel de Bomberos se hizo sonar la sirena en relaci\u00f3n a la significativa jornada.<\/p>\n\n\n\n<p>Acompa\u00f1aron el intendente Juan I. Ustarroz, el secretario de seguridad Mat\u00edas Maresca, la secretaria de gobierno, Clara Zunino, el sub secretario de seguridad Victor Palazzo y especialmente integrantes de Bomberos. <\/p>\n","protected":false},"excerpt":{"rendered":"<p>El reconocido grupo \u201cEstrellas Amarillas\u201d&nbsp; lleg\u00f3 adelante durante el fin de semana acciones en pos de la conscientizaci\u00f3n del cuidado &#8230; <a title=\"Estrellas Amarillas realiza campa\u00f1a de concientizaci\u00f3n\" class=\"read-more\" href=\"https:\/\/www.hoymercedes.com.ar\/principal\/2024\/11\/18\/estrellas-amarilla-realiza-campana-de-concientizacion\/\" aria-label=\"Leer m\u00e1s sobre Estrellas Amarillas realiza campa\u00f1a de concientizaci\u00f3n\">Leer m\u00e1s<\/a><\/p>\n","protected":false},"author":1,"featured_media":180550,"comment_status":"closed","ping_status":"open","sticky":false,"template":"","format":"standard","meta":{"_monsterinsights_skip_tracking":false,"_monsterinsights_sitenote_active":false,"_monsterinsights_sitenote_note":"","_monsterinsights_sitenote_category":0,"jetpack_post_was_ever_published":false,"_jetpack_newsletter_access":"","_jetpack_dont_email_post_to_subs":false,"_jetpack_newsletter_tier_id":0,"_jetpack_memberships_contains_paywalled_content":false,"_jetpack_memberships_contains_paid_content":false,"footnotes":"","jetpack_publicize_message":"","jetpack_publicize_feature_enabled":true,"jetpack_social_post_already_shared":true,"jetpack_social_options":{"image_generator_settings":{"template":"highway","default_image_id":0,"font":"","enabled":false},"version":2},"_wpas_customize_per_network":false},"categories":[8],"tags":[],"class_list":["post-180549","post","type-post","status-publish","format-standard","has-post-thumbnail","hentry","category-sociedad","generate-columns","tablet-grid-50","mobile-grid-100","grid-parent","grid-50"],"jetpack_publicize_connections":[],"jetpack_featured_media_url":"https:\/\/www.hoymercedes.com.ar\/principal\/wp-content\/uploads\/2024\/11\/2-1.jpg","wps_subtitle":"Instituciones ","jetpack_sharing_enabled":true,"_links":{"self":[{"href":"https:\/\/www.hoymercedes.com.ar\/principal\/wp-json\/wp\/v2\/posts\/180549","targetHints":{"allow":["GET"]}}],"collection":[{"href":"https:\/\/www.hoymercedes.com.ar\/principal\/wp-json\/wp\/v2\/posts"}],"about":[{"href":"https:\/\/www.hoymercedes.com.ar\/principal\/wp-json\/wp\/v2\/types\/post"}],"author":[{"embeddable":true,"href":"https:\/\/www.hoymercedes.com.ar\/principal\/wp-json\/wp\/v2\/users\/1"}],"replies":[{"embeddable":true,"href":"https:\/\/www.hoymercedes.com.ar\/principal\/wp-json\/wp\/v2\/comments?post=180549"}],"version-history":[{"count":0,"href":"https:\/\/www.hoymercedes.com.ar\/principal\/wp-json\/wp\/v2\/posts\/180549\/revisions"}],"wp:featuredmedia":[{"embeddable":true,"href":"https:\/\/www.hoymercedes.com.ar\/principal\/wp-json\/wp\/v2\/media\/180550"}],"wp:attachment":[{"href":"https:\/\/www.hoymercedes.com.ar\/principal\/wp-json\/wp\/v2\/media?parent=180549"}],"wp:term":[{"taxonomy":"category","embeddable":true,"href":"https:\/\/www.hoymercedes.com.ar\/principal\/wp-json\/wp\/v2\/categories?post=180549"},{"taxonomy":"post_tag","embeddable":true,"href":"https:\/\/www.hoymercedes.com.ar\/principal\/wp-json\/wp\/v2\/tags?post=180549"}],"curies":[{"name":"wp","href":"https:\/\/api.w.org\/{rel}","templated":true}]}}