{"id":180589,"date":"2024-11-21T00:11:49","date_gmt":"2024-11-21T03:11:49","guid":{"rendered":"https:\/\/www.hoymercedes.com.ar\/principal\/?p=180589"},"modified":"2024-11-21T00:11:50","modified_gmt":"2024-11-21T03:11:50","slug":"que-se-sabe-del-incendio-de-enormes-magnitudes-en-agrale","status":"publish","type":"post","link":"https:\/\/www.hoymercedes.com.ar\/principal\/2024\/11\/21\/que-se-sabe-del-incendio-de-enormes-magnitudes-en-agrale\/","title":{"rendered":"Qu\u00e9 se sabe del incendio de enormes magnitudes en Agrale"},"content":{"rendered":"\n<figure class=\"wp-block-image size-large\"><img loading=\"lazy\" decoding=\"async\" width=\"1024\" height=\"768\" data-attachment-id=\"180590\" data-permalink=\"https:\/\/www.hoymercedes.com.ar\/principal\/2024\/11\/21\/que-se-sabe-del-incendio-de-enormes-magnitudes-en-agrale\/incendio-agrale-001\/#main\" data-orig-file=\"https:\/\/www.hoymercedes.com.ar\/principal\/wp-content\/uploads\/2024\/11\/Incendio-Agrale-001.jpg\" data-orig-size=\"1600,1200\" data-comments-opened=\"0\" data-image-meta=\"{&quot;aperture&quot;:&quot;0&quot;,&quot;credit&quot;:&quot;&quot;,&quot;camera&quot;:&quot;&quot;,&quot;caption&quot;:&quot;&quot;,&quot;created_timestamp&quot;:&quot;0&quot;,&quot;copyright&quot;:&quot;&quot;,&quot;focal_length&quot;:&quot;0&quot;,&quot;iso&quot;:&quot;0&quot;,&quot;shutter_speed&quot;:&quot;0&quot;,&quot;title&quot;:&quot;&quot;,&quot;orientation&quot;:&quot;0&quot;}\" data-image-title=\"Incendio-Agrale-001\" data-image-description=\"&lt;p&gt;Incendio en f\u00e1brica Agrale&lt;\/p&gt;\n\" data-image-caption=\"&lt;p&gt;Incendio en f\u00e1brica Agrale&lt;\/p&gt;\n\" data-large-file=\"https:\/\/www.hoymercedes.com.ar\/principal\/wp-content\/uploads\/2024\/11\/Incendio-Agrale-001-1024x768.jpg\" src=\"https:\/\/www.hoymercedes.com.ar\/principal\/wp-content\/uploads\/2024\/11\/Incendio-Agrale-001-1024x768.jpg\" alt=\"Incendio en f\u00e1brica Agrale\" class=\"wp-image-180590\" srcset=\"https:\/\/www.hoymercedes.com.ar\/principal\/wp-content\/uploads\/2024\/11\/Incendio-Agrale-001-1024x768.jpg 1024w, https:\/\/www.hoymercedes.com.ar\/principal\/wp-content\/uploads\/2024\/11\/Incendio-Agrale-001-630x473.jpg 630w, https:\/\/www.hoymercedes.com.ar\/principal\/wp-content\/uploads\/2024\/11\/Incendio-Agrale-001-150x113.jpg 150w, https:\/\/www.hoymercedes.com.ar\/principal\/wp-content\/uploads\/2024\/11\/Incendio-Agrale-001-1536x1152.jpg 1536w, https:\/\/www.hoymercedes.com.ar\/principal\/wp-content\/uploads\/2024\/11\/Incendio-Agrale-001.jpg 1600w\" sizes=\"auto, (max-width: 1024px) 100vw, 1024px\" \/><\/figure>\n\n\n\n<p>La tarde se vio conmocionada por un incendio de enormes magnitudes en la f\u00e1brica Agrale ubicada en Gowland sobre ruta N\u00b05. Trabajaron durante varias horas los servicios de asistencia, como Bomberos, Protecci\u00f3n Civil, Seguridad Vial y Polic\u00eda.<\/p>\n\n\n\n<p><strong>Incendio<\/strong><\/p>\n\n\n\n<p>El fuego se inici\u00f3 en la zona de almacenaje de neum\u00e1ticos, combustibles y otros elementos habituales en la construcci\u00f3n de camiones, colectivos y tractores.<\/p>\n\n\n\n<p>Fue de enormes dimensiones y dur\u00f3 durante varias horas.<\/p>\n\n\n\n<figure class=\"wp-block-image size-full\"><img loading=\"lazy\" decoding=\"async\" width=\"1000\" height=\"700\" data-attachment-id=\"180591\" data-permalink=\"https:\/\/www.hoymercedes.com.ar\/principal\/2024\/11\/21\/que-se-sabe-del-incendio-de-enormes-magnitudes-en-agrale\/incendio-agrale-007\/#main\" data-orig-file=\"https:\/\/www.hoymercedes.com.ar\/principal\/wp-content\/uploads\/2024\/11\/Incendio-Agrale-007.jpg\" data-orig-size=\"1000,700\" data-comments-opened=\"0\" data-image-meta=\"{&quot;aperture&quot;:&quot;0&quot;,&quot;credit&quot;:&quot;&quot;,&quot;camera&quot;:&quot;&quot;,&quot;caption&quot;:&quot;&quot;,&quot;created_timestamp&quot;:&quot;0&quot;,&quot;copyright&quot;:&quot;&quot;,&quot;focal_length&quot;:&quot;0&quot;,&quot;iso&quot;:&quot;0&quot;,&quot;shutter_speed&quot;:&quot;0&quot;,&quot;title&quot;:&quot;&quot;,&quot;orientation&quot;:&quot;0&quot;}\" data-image-title=\"Incendio-Agrale-007\" data-image-description=\"&lt;p&gt;Incendio en f\u00e1brica Agrale&lt;\/p&gt;\n\" data-image-caption=\"&lt;p&gt;v&lt;\/p&gt;\n\" data-large-file=\"https:\/\/www.hoymercedes.com.ar\/principal\/wp-content\/uploads\/2024\/11\/Incendio-Agrale-007.jpg\" src=\"https:\/\/www.hoymercedes.com.ar\/principal\/wp-content\/uploads\/2024\/11\/Incendio-Agrale-007.jpg\" alt=\"Incendio en f\u00e1brica Agrale\" class=\"wp-image-180591\" srcset=\"https:\/\/www.hoymercedes.com.ar\/principal\/wp-content\/uploads\/2024\/11\/Incendio-Agrale-007.jpg 1000w, https:\/\/www.hoymercedes.com.ar\/principal\/wp-content\/uploads\/2024\/11\/Incendio-Agrale-007-630x441.jpg 630w, https:\/\/www.hoymercedes.com.ar\/principal\/wp-content\/uploads\/2024\/11\/Incendio-Agrale-007-150x105.jpg 150w, https:\/\/www.hoymercedes.com.ar\/principal\/wp-content\/uploads\/2024\/11\/Incendio-Agrale-007-120x85.jpg 120w\" sizes=\"auto, (max-width: 1000px) 100vw, 1000px\" \/><\/figure>\n\n\n\n<p><strong>Dotaciones<\/strong><\/p>\n\n\n\n<p>Trabaj\u00f3 para apagar el fuego el 80% del cuartel de Bomberos de Mercedes con 5 dotaciones. Desde Luj\u00e1n se sum\u00f3 una dotaci\u00f3n m\u00e1s, al igual que desde San Andr\u00e9s de Giles.<\/p>\n\n\n\n<p>Adem\u00e1s, hubo apoyo con dos camiones cisternas para sostener el caudal de agua.<\/p>\n\n\n\n<figure class=\"wp-block-image size-large\"><img loading=\"lazy\" decoding=\"async\" width=\"1024\" height=\"768\" data-attachment-id=\"180592\" data-permalink=\"https:\/\/www.hoymercedes.com.ar\/principal\/2024\/11\/21\/que-se-sabe-del-incendio-de-enormes-magnitudes-en-agrale\/incendio-agrale-003\/#main\" data-orig-file=\"https:\/\/www.hoymercedes.com.ar\/principal\/wp-content\/uploads\/2024\/11\/Incendio-Agrale-003.jpg\" data-orig-size=\"1600,1200\" data-comments-opened=\"0\" data-image-meta=\"{&quot;aperture&quot;:&quot;0&quot;,&quot;credit&quot;:&quot;&quot;,&quot;camera&quot;:&quot;&quot;,&quot;caption&quot;:&quot;&quot;,&quot;created_timestamp&quot;:&quot;0&quot;,&quot;copyright&quot;:&quot;&quot;,&quot;focal_length&quot;:&quot;0&quot;,&quot;iso&quot;:&quot;0&quot;,&quot;shutter_speed&quot;:&quot;0&quot;,&quot;title&quot;:&quot;&quot;,&quot;orientation&quot;:&quot;0&quot;}\" data-image-title=\"Incendio-Agrale-003\" data-image-description=\"&lt;p&gt;Incendio en f\u00e1brica Agrale&lt;\/p&gt;\n\" data-image-caption=\"&lt;p&gt;Incendio en f\u00e1brica Agrale&lt;\/p&gt;\n\" data-large-file=\"https:\/\/www.hoymercedes.com.ar\/principal\/wp-content\/uploads\/2024\/11\/Incendio-Agrale-003-1024x768.jpg\" src=\"https:\/\/www.hoymercedes.com.ar\/principal\/wp-content\/uploads\/2024\/11\/Incendio-Agrale-003-1024x768.jpg\" alt=\"Incendio en f\u00e1brica Agrale\" class=\"wp-image-180592\" srcset=\"https:\/\/www.hoymercedes.com.ar\/principal\/wp-content\/uploads\/2024\/11\/Incendio-Agrale-003-1024x768.jpg 1024w, https:\/\/www.hoymercedes.com.ar\/principal\/wp-content\/uploads\/2024\/11\/Incendio-Agrale-003-630x473.jpg 630w, https:\/\/www.hoymercedes.com.ar\/principal\/wp-content\/uploads\/2024\/11\/Incendio-Agrale-003-150x113.jpg 150w, https:\/\/www.hoymercedes.com.ar\/principal\/wp-content\/uploads\/2024\/11\/Incendio-Agrale-003-1536x1152.jpg 1536w, https:\/\/www.hoymercedes.com.ar\/principal\/wp-content\/uploads\/2024\/11\/Incendio-Agrale-003.jpg 1600w\" sizes=\"auto, (max-width: 1024px) 100vw, 1024px\" \/><\/figure>\n\n\n\n<p><strong>Actuaciones<\/strong><\/p>\n\n\n\n<p>En el lugar actu\u00f3 Protecci\u00f3n Civil y Seguridad Vial de la Municipalidad, Bomberos, Polic\u00eda Rural, Polic\u00eda de Gowland y Servicios p\u00fablicos.<\/p>\n\n\n\n<p><strong>Heridos<\/strong><\/p>\n\n\n\n<p>No hubo. Muchas versiones, incluso con total falta de respeto hacia los vecinos, publicadas en redes sociales, daban cuenta de situaciones que no se vivieron. S\u00f3lo entr\u00f3 la ambulancia para asistir con ox\u00edgeno a un hombre que hab\u00eda inhalado humo.<\/p>\n\n\n\n<figure class=\"wp-block-image size-large\"><img loading=\"lazy\" decoding=\"async\" width=\"1024\" height=\"769\" data-attachment-id=\"180593\" data-permalink=\"https:\/\/www.hoymercedes.com.ar\/principal\/2024\/11\/21\/que-se-sabe-del-incendio-de-enormes-magnitudes-en-agrale\/incendio-agrale-004\/#main\" data-orig-file=\"https:\/\/www.hoymercedes.com.ar\/principal\/wp-content\/uploads\/2024\/11\/Incendio-Agrale-004.jpg\" data-orig-size=\"1156,868\" data-comments-opened=\"0\" data-image-meta=\"{&quot;aperture&quot;:&quot;0&quot;,&quot;credit&quot;:&quot;&quot;,&quot;camera&quot;:&quot;&quot;,&quot;caption&quot;:&quot;&quot;,&quot;created_timestamp&quot;:&quot;0&quot;,&quot;copyright&quot;:&quot;&quot;,&quot;focal_length&quot;:&quot;0&quot;,&quot;iso&quot;:&quot;0&quot;,&quot;shutter_speed&quot;:&quot;0&quot;,&quot;title&quot;:&quot;&quot;,&quot;orientation&quot;:&quot;0&quot;}\" data-image-title=\"Incendio-Agrale-004\" data-image-description=\"&lt;p&gt;Incendio en f\u00e1brica Agrale&lt;\/p&gt;\n\" data-image-caption=\"&lt;p&gt;Incendio en f\u00e1brica Agrale&lt;\/p&gt;\n\" data-large-file=\"https:\/\/www.hoymercedes.com.ar\/principal\/wp-content\/uploads\/2024\/11\/Incendio-Agrale-004-1024x769.jpg\" src=\"https:\/\/www.hoymercedes.com.ar\/principal\/wp-content\/uploads\/2024\/11\/Incendio-Agrale-004-1024x769.jpg\" alt=\"Incendio en f\u00e1brica Agrale\" class=\"wp-image-180593\" srcset=\"https:\/\/www.hoymercedes.com.ar\/principal\/wp-content\/uploads\/2024\/11\/Incendio-Agrale-004-1024x769.jpg 1024w, https:\/\/www.hoymercedes.com.ar\/principal\/wp-content\/uploads\/2024\/11\/Incendio-Agrale-004-630x473.jpg 630w, https:\/\/www.hoymercedes.com.ar\/principal\/wp-content\/uploads\/2024\/11\/Incendio-Agrale-004-150x113.jpg 150w, https:\/\/www.hoymercedes.com.ar\/principal\/wp-content\/uploads\/2024\/11\/Incendio-Agrale-004.jpg 1156w\" sizes=\"auto, (max-width: 1024px) 100vw, 1024px\" \/><\/figure>\n\n\n\n<p><strong>Da\u00f1os<\/strong><\/p>\n\n\n\n<p>Solo materiales. Una fuente expres\u00f3 que hab\u00eda unos 500 neum\u00e1ticos en el lugar, adem\u00e1s de un peque\u00f1o dep\u00f3sito con combustible de uso habitual en las pruebas de las construcciones que efect\u00faa la f\u00e1brica.<\/p>\n\n\n\n<p>No lleg\u00f3 el fuego a las naves donde est\u00e1 la mayor cantidad de elementos de trabajo.<\/p>\n\n\n\n<p><strong>Apagado<\/strong><\/p>\n\n\n\n<p>El incendio pasadas las 23hs se declar\u00f3 controlado. Personal de Servicios P\u00fablicos con 3 retropalas removi\u00f3 los escombros y elementos ca\u00eddos para poder finalizar correctamente los bomberos con los focos existentes. Tambi\u00e9n aport\u00f3 camiones cisternas y personal.<\/p>\n\n\n\n<figure class=\"wp-block-image size-large\"><img loading=\"lazy\" decoding=\"async\" width=\"1024\" height=\"768\" data-attachment-id=\"180594\" data-permalink=\"https:\/\/www.hoymercedes.com.ar\/principal\/2024\/11\/21\/que-se-sabe-del-incendio-de-enormes-magnitudes-en-agrale\/incendio-agrale-006\/#main\" data-orig-file=\"https:\/\/www.hoymercedes.com.ar\/principal\/wp-content\/uploads\/2024\/11\/Incendio-Agrale-006.jpg\" data-orig-size=\"1280,960\" data-comments-opened=\"0\" data-image-meta=\"{&quot;aperture&quot;:&quot;0&quot;,&quot;credit&quot;:&quot;&quot;,&quot;camera&quot;:&quot;&quot;,&quot;caption&quot;:&quot;&quot;,&quot;created_timestamp&quot;:&quot;0&quot;,&quot;copyright&quot;:&quot;&quot;,&quot;focal_length&quot;:&quot;0&quot;,&quot;iso&quot;:&quot;0&quot;,&quot;shutter_speed&quot;:&quot;0&quot;,&quot;title&quot;:&quot;&quot;,&quot;orientation&quot;:&quot;0&quot;}\" data-image-title=\"Incendio-Agrale-006\" data-image-description=\"&lt;p&gt;Incendio en f\u00e1brica Agrale&lt;\/p&gt;\n\" data-image-caption=\"&lt;p&gt;Incendio en f\u00e1brica Agrale&lt;\/p&gt;\n\" data-large-file=\"https:\/\/www.hoymercedes.com.ar\/principal\/wp-content\/uploads\/2024\/11\/Incendio-Agrale-006-1024x768.jpg\" src=\"https:\/\/www.hoymercedes.com.ar\/principal\/wp-content\/uploads\/2024\/11\/Incendio-Agrale-006-1024x768.jpg\" alt=\"Incendio en f\u00e1brica Agrale\" class=\"wp-image-180594\" srcset=\"https:\/\/www.hoymercedes.com.ar\/principal\/wp-content\/uploads\/2024\/11\/Incendio-Agrale-006-1024x768.jpg 1024w, https:\/\/www.hoymercedes.com.ar\/principal\/wp-content\/uploads\/2024\/11\/Incendio-Agrale-006-630x473.jpg 630w, https:\/\/www.hoymercedes.com.ar\/principal\/wp-content\/uploads\/2024\/11\/Incendio-Agrale-006-150x113.jpg 150w, https:\/\/www.hoymercedes.com.ar\/principal\/wp-content\/uploads\/2024\/11\/Incendio-Agrale-006.jpg 1280w\" sizes=\"auto, (max-width: 1024px) 100vw, 1024px\" \/><\/figure>\n\n\n\n<p><strong>C\u00f3mo sigue<\/strong><\/p>\n\n\n\n<p>Se espera durante la jornada de este jueves ya se efect\u00faen trabajos de remoci\u00f3n e intervenciones por parte de la hist\u00f3rica empresa radicada en nuestro Partido.<\/p>\n","protected":false},"excerpt":{"rendered":"<p>La tarde se vio conmocionada por un incendio de enormes magnitudes en la f\u00e1brica Agrale ubicada en Gowland sobre ruta &#8230; <a title=\"Qu\u00e9 se sabe del incendio de enormes magnitudes en Agrale\" class=\"read-more\" href=\"https:\/\/www.hoymercedes.com.ar\/principal\/2024\/11\/21\/que-se-sabe-del-incendio-de-enormes-magnitudes-en-agrale\/\" aria-label=\"Leer m\u00e1s sobre Qu\u00e9 se sabe del incendio de enormes magnitudes en Agrale\">Leer m\u00e1s<\/a><\/p>\n","protected":false},"author":1,"featured_media":180590,"comment_status":"closed","ping_status":"open","sticky":false,"template":"","format":"standard","meta":{"_monsterinsights_skip_tracking":false,"_monsterinsights_sitenote_active":false,"_monsterinsights_sitenote_note":"","_monsterinsights_sitenote_category":0,"jetpack_post_was_ever_published":false,"_jetpack_newsletter_access":"","_jetpack_dont_email_post_to_subs":false,"_jetpack_newsletter_tier_id":0,"_jetpack_memberships_contains_paywalled_content":false,"_jetpack_memberships_contains_paid_content":false,"footnotes":"","jetpack_publicize_message":"","jetpack_publicize_feature_enabled":true,"jetpack_social_post_already_shared":true,"jetpack_social_options":{"image_generator_settings":{"template":"highway","default_image_id":0,"font":"","enabled":false},"version":2},"_wpas_customize_per_network":false},"categories":[8],"tags":[950,19963,19962,19960,19964,19961],"class_list":["post-180589","post","type-post","status-publish","format-standard","has-post-thumbnail","hentry","category-sociedad","tag-agrale","tag-bomberos-en-agrale","tag-fuego-en-agrale","tag-incendio-agrale","tag-incendio-fabrica-agrale","tag-siniestro-agrale","generate-columns","tablet-grid-50","mobile-grid-100","grid-parent","grid-50"],"jetpack_publicize_connections":[],"jetpack_featured_media_url":"https:\/\/www.hoymercedes.com.ar\/principal\/wp-content\/uploads\/2024\/11\/Incendio-Agrale-001.jpg","wps_subtitle":"Gran siniestro ","jetpack_sharing_enabled":true,"_links":{"self":[{"href":"https:\/\/www.hoymercedes.com.ar\/principal\/wp-json\/wp\/v2\/posts\/180589","targetHints":{"allow":["GET"]}}],"collection":[{"href":"https:\/\/www.hoymercedes.com.ar\/principal\/wp-json\/wp\/v2\/posts"}],"about":[{"href":"https:\/\/www.hoymercedes.com.ar\/principal\/wp-json\/wp\/v2\/types\/post"}],"author":[{"embeddable":true,"href":"https:\/\/www.hoymercedes.com.ar\/principal\/wp-json\/wp\/v2\/users\/1"}],"replies":[{"embeddable":true,"href":"https:\/\/www.hoymercedes.com.ar\/principal\/wp-json\/wp\/v2\/comments?post=180589"}],"version-history":[{"count":0,"href":"https:\/\/www.hoymercedes.com.ar\/principal\/wp-json\/wp\/v2\/posts\/180589\/revisions"}],"wp:featuredmedia":[{"embeddable":true,"href":"https:\/\/www.hoymercedes.com.ar\/principal\/wp-json\/wp\/v2\/media\/180590"}],"wp:attachment":[{"href":"https:\/\/www.hoymercedes.com.ar\/principal\/wp-json\/wp\/v2\/media?parent=180589"}],"wp:term":[{"taxonomy":"category","embeddable":true,"href":"https:\/\/www.hoymercedes.com.ar\/principal\/wp-json\/wp\/v2\/categories?post=180589"},{"taxonomy":"post_tag","embeddable":true,"href":"https:\/\/www.hoymercedes.com.ar\/principal\/wp-json\/wp\/v2\/tags?post=180589"}],"curies":[{"name":"wp","href":"https:\/\/api.w.org\/{rel}","templated":true}]}}