{"id":180597,"date":"2024-11-21T00:40:48","date_gmt":"2024-11-21T03:40:48","guid":{"rendered":"https:\/\/www.hoymercedes.com.ar\/principal\/?p=180597"},"modified":"2024-11-21T00:40:49","modified_gmt":"2024-11-21T03:40:49","slug":"empresa-agrale-emitio-comunicado-oficial-tras-el-incendio-padecido","status":"publish","type":"post","link":"https:\/\/www.hoymercedes.com.ar\/principal\/2024\/11\/21\/empresa-agrale-emitio-comunicado-oficial-tras-el-incendio-padecido\/","title":{"rendered":"Empresa Agrale emiti\u00f3 comunicado oficial tras el incendio padecido"},"content":{"rendered":"\n<p>La empresa Agrale emiti\u00f3 un comunicado oficial tras el control total del incendio. El texto es el siguiente:<\/p>\n\n\n\n<p><strong>AGRALE ARGENTINA S.A. INFORMA A LA COMUNIDAD<\/strong><\/p>\n\n\n\n<p>Anoche sobre las 19.30 hs se desat\u00f3 un incendio en la Planta Industrial de Agrale Argentina ubicada en la Ruta Nacional N\u00ba 5 cercana a la ciudad de Mercedes (BA).<\/p>\n\n\n\n<p>Afortunadamente las llamas afectaron la parte exterior de la nave industrial, \u00e1rea donde normalmente se almacenan cubiertas, componentes y combustibles, lo cual explica la densa humareda que pod\u00eda observarse a distancia.<\/p>\n\n\n\n<p>Inmediatamente acudieron dotaciones de bomberos provenientes de las ciudades de Mercedes, Luj\u00e1n y San Andr\u00e9s de Giles que lograron controlar y extinguir el fuego, evitando que se extendiera al interior de las instalaciones, con lo cual s\u00f3lo se vieron afectadas \u00e1reas externas.<\/p>\n\n\n\n<p>Afortunadamente no hubo que lamentar heridos ni da\u00f1os personales de ning\u00fan tipo, sino s\u00f3lo da\u00f1os materiales ya que el incendio se inici\u00f3 fuera del horario laboral.<\/p>\n\n\n\n<p>En el d\u00eda de ma\u00f1ana volveremos a trabajar en un esquema que organizaremos por la ma\u00f1ana cuando haya una evaluaci\u00f3n m\u00e1s detallada de este hecho, y se realizar\u00e1n los peritajes correspondientes a fin de establecer el probable origen del evento.<\/p>\n\n\n\n<p>Agrale Argentina agradece especialmente a los funcionarios que han acudido al lugar a prestar la ayuda que fuese necesaria, a todas las dotaciones de bomberos que se hicieron presentes, lo mismo que a la comunidad mercedina y sus autoridades, clientes, proveedores y amigos que ofrecieron su apoyo y a la prensa que inmediatamente se interes\u00f3 ante esta circunstancia.<\/p>\n\n\n\n<p>Directorio<br>Agrale Argentina S.A.<br>20.11.2024<\/p>\n","protected":false},"excerpt":{"rendered":"<p>Comunicado oficial empresa Agrale<\/p>\n","protected":false},"author":1,"featured_media":180598,"comment_status":"closed","ping_status":"open","sticky":false,"template":"","format":"standard","meta":{"_monsterinsights_skip_tracking":false,"_monsterinsights_sitenote_active":false,"_monsterinsights_sitenote_note":"","_monsterinsights_sitenote_category":0,"jetpack_post_was_ever_published":false,"_jetpack_newsletter_access":"","_jetpack_dont_email_post_to_subs":false,"_jetpack_newsletter_tier_id":0,"_jetpack_memberships_contains_paywalled_content":false,"_jetpack_memberships_contains_paid_content":false,"footnotes":"","jetpack_publicize_message":"","jetpack_publicize_feature_enabled":true,"jetpack_social_post_already_shared":true,"jetpack_social_options":{"image_generator_settings":{"template":"highway","default_image_id":0,"font":"","enabled":false},"version":2},"_wpas_customize_per_network":false},"categories":[8],"tags":[19965,18423,19960],"class_list":["post-180597","post","type-post","status-publish","format-standard","has-post-thumbnail","hentry","category-sociedad","tag-comunicado-oficial-agrale","tag-empresa-agrale","tag-incendio-agrale","generate-columns","tablet-grid-50","mobile-grid-100","grid-parent","grid-50"],"jetpack_publicize_connections":[],"jetpack_featured_media_url":"https:\/\/www.hoymercedes.com.ar\/principal\/wp-content\/uploads\/2024\/11\/Comunicado-Agrale.jpg","wps_subtitle":"Palabra oficial ","jetpack_sharing_enabled":true,"_links":{"self":[{"href":"https:\/\/www.hoymercedes.com.ar\/principal\/wp-json\/wp\/v2\/posts\/180597","targetHints":{"allow":["GET"]}}],"collection":[{"href":"https:\/\/www.hoymercedes.com.ar\/principal\/wp-json\/wp\/v2\/posts"}],"about":[{"href":"https:\/\/www.hoymercedes.com.ar\/principal\/wp-json\/wp\/v2\/types\/post"}],"author":[{"embeddable":true,"href":"https:\/\/www.hoymercedes.com.ar\/principal\/wp-json\/wp\/v2\/users\/1"}],"replies":[{"embeddable":true,"href":"https:\/\/www.hoymercedes.com.ar\/principal\/wp-json\/wp\/v2\/comments?post=180597"}],"version-history":[{"count":0,"href":"https:\/\/www.hoymercedes.com.ar\/principal\/wp-json\/wp\/v2\/posts\/180597\/revisions"}],"wp:featuredmedia":[{"embeddable":true,"href":"https:\/\/www.hoymercedes.com.ar\/principal\/wp-json\/wp\/v2\/media\/180598"}],"wp:attachment":[{"href":"https:\/\/www.hoymercedes.com.ar\/principal\/wp-json\/wp\/v2\/media?parent=180597"}],"wp:term":[{"taxonomy":"category","embeddable":true,"href":"https:\/\/www.hoymercedes.com.ar\/principal\/wp-json\/wp\/v2\/categories?post=180597"},{"taxonomy":"post_tag","embeddable":true,"href":"https:\/\/www.hoymercedes.com.ar\/principal\/wp-json\/wp\/v2\/tags?post=180597"}],"curies":[{"name":"wp","href":"https:\/\/api.w.org\/{rel}","templated":true}]}}