{"id":180607,"date":"2024-11-21T10:25:00","date_gmt":"2024-11-21T13:25:00","guid":{"rendered":"https:\/\/www.hoymercedes.com.ar\/principal\/?p=180607"},"modified":"2024-11-21T22:28:24","modified_gmt":"2024-11-22T01:28:24","slug":"lujan-realiza-su-fiesta-de-la-cerveza","status":"publish","type":"post","link":"https:\/\/www.hoymercedes.com.ar\/principal\/2024\/11\/21\/lujan-realiza-su-fiesta-de-la-cerveza\/","title":{"rendered":"Luj\u00e1n realiza su Fiesta de la Cerveza"},"content":{"rendered":"\n<p><br>El Municipio de Luj\u00e1n invita a participar de una nueva edici\u00f3n de la Fiesta de la Cerveza, este s\u00e1bado 23 y domingo 24 de noviembre desde las 11 horas en el&nbsp; Parque Ameghino.<\/p>\n\n\n\n<p>Con entrada libre y gratuita, la propuesta contar\u00e1 con la presencia de productores lujanenses y la posibilidad de degustar m\u00e1s de 30 variedades de cervezas artesanales, adem\u00e1s de un patio gastron\u00f3mico, una feria artesanal y m\u00e1s de 20 bandas en vivo.<\/p>\n\n\n\n<p>\u201cLa fiesta de la Cerveza es el producto de la articulaci\u00f3n entre los productores locales y el Municipio, convocando a grandes artistas, feriantes y gastron\u00f3micos de la zona.&nbsp; Esta propuesta que sigue creciendo y mejorando a\u00f1o a a\u00f1o, consolida un evento libre y gratuito sin igual\u201d&nbsp; se\u00f1al\u00f3 el Secretario de Culturas y Turismo, Nicolas Capelli.<\/p>\n\n\n\n<p>En ese sentido, el S\u00e1bado 23 tocaran \u201cDespu\u00e9s de todo\u201d, \u201cSoul D\u00fao\u201d, \u201cVicky y David\u201d, \u201cSan Juan\u201d, \u201cGhost Perros\u201d, \u201cEmp Tv\u201d, \u201cLa p\u00edldora\u201d, tributo a Las Pelotas, \u201cVane y los Pregoneros\u201d, \u201cBachata Way\u201d, \u201cTodos Contra Jaime\u201d y el cierre a cargo de los DJs de \u201cNice Try\u201d.&nbsp;<\/p>\n\n\n\n<p>El domingo 24, por su parte, estar\u00e1n \u201cEl mora real\u201d, \u201cEl bajo no se escucha\u201d, \u201cMedia pila\u201d, \u201cBlend rock\u201d, \u201cPinhead\u201d, \u201cGranma\u201d, \u201cRas Gangalee\u201d, Leo Garcia, \u201cLa Lala ska\u201d,&nbsp;<\/p>\n\n\n\n<p>\u201cAspen mood\u201d y \u201cFabulosos calavera\u201d,&nbsp; tributo a los Cadillacs.&nbsp;<\/p>\n\n\n\n<p>\u201cEn esta edici\u00f3n logramos armar una amplia grilla de artistas en escena de diversos ritmos musicales, desde la cumbia y el rock, hasta la electr\u00f3nica y el indie, lo que sin duda promete una fiesta imperdible\u201d destac\u00f3 el Director de Turismo, Juan Campos.<\/p>\n\n\n\n<p>La Fiesta de La Cerveza es impulsada desde la Secretar\u00eda de Culturas y Turismo en conjunto con la Asociaci\u00f3n de Productores de Cerveza Artesanal de Luj\u00e1n&nbsp; y la Asociaci\u00f3n de Foodtrucks de Luj\u00e1n.<\/p>\n","protected":false},"excerpt":{"rendered":"<p>El Municipio de Luj\u00e1n invita a participar de una nueva edici\u00f3n de la Fiesta de la Cerveza, este s\u00e1bado 23 &#8230; <a title=\"Luj\u00e1n realiza su Fiesta de la Cerveza\" class=\"read-more\" href=\"https:\/\/www.hoymercedes.com.ar\/principal\/2024\/11\/21\/lujan-realiza-su-fiesta-de-la-cerveza\/\" aria-label=\"Leer m\u00e1s sobre Luj\u00e1n realiza su Fiesta de la Cerveza\">Leer m\u00e1s<\/a><\/p>\n","protected":false},"author":1,"featured_media":180608,"comment_status":"closed","ping_status":"open","sticky":false,"template":"","format":"standard","meta":{"_monsterinsights_skip_tracking":false,"_monsterinsights_sitenote_active":false,"_monsterinsights_sitenote_note":"","_monsterinsights_sitenote_category":0,"jetpack_post_was_ever_published":false,"_jetpack_newsletter_access":"","_jetpack_dont_email_post_to_subs":false,"_jetpack_newsletter_tier_id":0,"_jetpack_memberships_contains_paywalled_content":false,"_jetpack_memberships_contains_paid_content":false,"footnotes":"","jetpack_publicize_message":"","jetpack_publicize_feature_enabled":true,"jetpack_social_post_already_shared":true,"jetpack_social_options":{"image_generator_settings":{"template":"highway","default_image_id":0,"font":"","enabled":false},"version":2},"_wpas_customize_per_network":false},"categories":[8],"tags":[],"class_list":["post-180607","post","type-post","status-publish","format-standard","has-post-thumbnail","hentry","category-sociedad","generate-columns","tablet-grid-50","mobile-grid-100","grid-parent","grid-50"],"jetpack_publicize_connections":[],"jetpack_featured_media_url":"https:\/\/www.hoymercedes.com.ar\/principal\/wp-content\/uploads\/2024\/11\/Fiesta-de-la-Cerveza.jpeg","wps_subtitle":"","jetpack_sharing_enabled":true,"_links":{"self":[{"href":"https:\/\/www.hoymercedes.com.ar\/principal\/wp-json\/wp\/v2\/posts\/180607","targetHints":{"allow":["GET"]}}],"collection":[{"href":"https:\/\/www.hoymercedes.com.ar\/principal\/wp-json\/wp\/v2\/posts"}],"about":[{"href":"https:\/\/www.hoymercedes.com.ar\/principal\/wp-json\/wp\/v2\/types\/post"}],"author":[{"embeddable":true,"href":"https:\/\/www.hoymercedes.com.ar\/principal\/wp-json\/wp\/v2\/users\/1"}],"replies":[{"embeddable":true,"href":"https:\/\/www.hoymercedes.com.ar\/principal\/wp-json\/wp\/v2\/comments?post=180607"}],"version-history":[{"count":0,"href":"https:\/\/www.hoymercedes.com.ar\/principal\/wp-json\/wp\/v2\/posts\/180607\/revisions"}],"wp:featuredmedia":[{"embeddable":true,"href":"https:\/\/www.hoymercedes.com.ar\/principal\/wp-json\/wp\/v2\/media\/180608"}],"wp:attachment":[{"href":"https:\/\/www.hoymercedes.com.ar\/principal\/wp-json\/wp\/v2\/media?parent=180607"}],"wp:term":[{"taxonomy":"category","embeddable":true,"href":"https:\/\/www.hoymercedes.com.ar\/principal\/wp-json\/wp\/v2\/categories?post=180607"},{"taxonomy":"post_tag","embeddable":true,"href":"https:\/\/www.hoymercedes.com.ar\/principal\/wp-json\/wp\/v2\/tags?post=180607"}],"curies":[{"name":"wp","href":"https:\/\/api.w.org\/{rel}","templated":true}]}}