{"id":180632,"date":"2024-11-22T19:15:55","date_gmt":"2024-11-22T22:15:55","guid":{"rendered":"https:\/\/www.hoymercedes.com.ar\/principal\/?p=180632"},"modified":"2024-11-22T19:15:56","modified_gmt":"2024-11-22T22:15:56","slug":"otra-vez-sube-el-peaje-desde-el-domingo","status":"publish","type":"post","link":"https:\/\/www.hoymercedes.com.ar\/principal\/2024\/11\/22\/otra-vez-sube-el-peaje-desde-el-domingo\/","title":{"rendered":"Otra vez sube el Peaje desde el domingo"},"content":{"rendered":"\n<p>A partir del pr\u00f3ximo <strong>domingo 24 de noviembre,<\/strong> los peajes volver\u00e1n a aumentar. Olivera no es la excepci\u00f3n y como viene sucediendo mes a mes tendr\u00e1 un incremento que pegar\u00e1 en el bolsillo de los mercedinos.<\/p>\n\n\n\n<p>E<strong>l gobierno de Milei y Juntos determin\u00f3 el ser\u00e1 del 6,25% y 7.14%<\/strong> seg\u00fan los tramos, previ\u00e9ndose el de Olivera que m\u00e1s utilizamos los mercedinos ser\u00e1 el m\u00e1s elevado.<\/p>\n\n\n\n<p>El incremento variar\u00e1 seg\u00fan la categor\u00eda del veh\u00edculo, el horario y la modalidad de pago<\/p>\n\n\n\n<p>El ajuste, que forma parte de una serie de actualizaciones peri\u00f3dicas en los peajes, busca reflejar los costos operativos y de mantenimiento de las rutas nacionales, seg\u00fan indicaron desde la Direcci\u00f3n Nacional de Vialidad y que, como se dijo,<strong> buscar\u00e1 el peaje llegue a los $2200 pesos para Mercedes.<\/strong><\/p>\n","protected":false},"excerpt":{"rendered":"<p>A partir del pr\u00f3ximo domingo 24 de noviembre, los peajes volver\u00e1n a aumentar. Olivera no es la excepci\u00f3n y como &#8230; <a title=\"Otra vez sube el Peaje desde el domingo\" class=\"read-more\" href=\"https:\/\/www.hoymercedes.com.ar\/principal\/2024\/11\/22\/otra-vez-sube-el-peaje-desde-el-domingo\/\" aria-label=\"Leer m\u00e1s sobre Otra vez sube el Peaje desde el domingo\">Leer m\u00e1s<\/a><\/p>\n","protected":false},"author":1,"featured_media":176879,"comment_status":"closed","ping_status":"open","sticky":false,"template":"","format":"standard","meta":{"_monsterinsights_skip_tracking":false,"_monsterinsights_sitenote_active":false,"_monsterinsights_sitenote_note":"","_monsterinsights_sitenote_category":0,"jetpack_post_was_ever_published":false,"_jetpack_newsletter_access":"","_jetpack_dont_email_post_to_subs":false,"_jetpack_newsletter_tier_id":0,"_jetpack_memberships_contains_paywalled_content":false,"_jetpack_memberships_contains_paid_content":false,"footnotes":"","jetpack_publicize_message":"","jetpack_publicize_feature_enabled":true,"jetpack_social_post_already_shared":true,"jetpack_social_options":{"image_generator_settings":{"template":"highway","default_image_id":0,"font":"","enabled":false},"version":2},"_wpas_customize_per_network":false},"categories":[8],"tags":[],"class_list":["post-180632","post","type-post","status-publish","format-standard","has-post-thumbnail","hentry","category-sociedad","generate-columns","tablet-grid-50","mobile-grid-100","grid-parent","grid-50"],"jetpack_publicize_connections":[],"jetpack_featured_media_url":"https:\/\/www.hoymercedes.com.ar\/principal\/wp-content\/uploads\/2024\/07\/Peaje-Olivera-Aumento.jpg","wps_subtitle":"Golpe al bolsillo","jetpack_sharing_enabled":true,"_links":{"self":[{"href":"https:\/\/www.hoymercedes.com.ar\/principal\/wp-json\/wp\/v2\/posts\/180632","targetHints":{"allow":["GET"]}}],"collection":[{"href":"https:\/\/www.hoymercedes.com.ar\/principal\/wp-json\/wp\/v2\/posts"}],"about":[{"href":"https:\/\/www.hoymercedes.com.ar\/principal\/wp-json\/wp\/v2\/types\/post"}],"author":[{"embeddable":true,"href":"https:\/\/www.hoymercedes.com.ar\/principal\/wp-json\/wp\/v2\/users\/1"}],"replies":[{"embeddable":true,"href":"https:\/\/www.hoymercedes.com.ar\/principal\/wp-json\/wp\/v2\/comments?post=180632"}],"version-history":[{"count":0,"href":"https:\/\/www.hoymercedes.com.ar\/principal\/wp-json\/wp\/v2\/posts\/180632\/revisions"}],"wp:featuredmedia":[{"embeddable":true,"href":"https:\/\/www.hoymercedes.com.ar\/principal\/wp-json\/wp\/v2\/media\/176879"}],"wp:attachment":[{"href":"https:\/\/www.hoymercedes.com.ar\/principal\/wp-json\/wp\/v2\/media?parent=180632"}],"wp:term":[{"taxonomy":"category","embeddable":true,"href":"https:\/\/www.hoymercedes.com.ar\/principal\/wp-json\/wp\/v2\/categories?post=180632"},{"taxonomy":"post_tag","embeddable":true,"href":"https:\/\/www.hoymercedes.com.ar\/principal\/wp-json\/wp\/v2\/tags?post=180632"}],"curies":[{"name":"wp","href":"https:\/\/api.w.org\/{rel}","templated":true}]}}