{"id":18064,"date":"2012-11-20T23:44:38","date_gmt":"2012-11-20T23:44:38","guid":{"rendered":"http:\/\/www.hoymercedes.com.ar\/principal\/?p=18064"},"modified":"2012-11-20T23:45:00","modified_gmt":"2012-11-20T23:45:00","slug":"selva-entiende-el-paro-es-parte-de-un-reclamo-justo","status":"publish","type":"post","link":"https:\/\/www.hoymercedes.com.ar\/principal\/2012\/11\/20\/selva-entiende-el-paro-es-parte-de-un-reclamo-justo\/","title":{"rendered":"Selva entiende el paro es parte de un reclamo justo"},"content":{"rendered":"<figure id=\"attachment_18066\" aria-describedby=\"caption-attachment-18066\" style=\"width: 608px\" class=\"wp-caption aligncenter\"><a href=\"https:\/\/www.hoymercedes.com.ar\/principal\/wp-content\/uploads\/2012\/11\/Selva-Carlos1.jpg\"><img loading=\"lazy\" decoding=\"async\" data-attachment-id=\"18066\" data-permalink=\"https:\/\/www.hoymercedes.com.ar\/principal\/2012\/11\/20\/selva-entiende-el-paro-es-parte-de-un-reclamo-justo\/selva-carlos-3\/#main\" data-orig-file=\"https:\/\/www.hoymercedes.com.ar\/principal\/wp-content\/uploads\/2012\/11\/Selva-Carlos1.jpg\" data-orig-size=\"618,244\" data-comments-opened=\"1\" data-image-meta=\"{&quot;aperture&quot;:&quot;4.2&quot;,&quot;credit&quot;:&quot;&quot;,&quot;camera&quot;:&quot;COOLPIX L10&quot;,&quot;caption&quot;:&quot;&quot;,&quot;created_timestamp&quot;:&quot;1304925654&quot;,&quot;copyright&quot;:&quot;Copyright 2006&quot;,&quot;focal_length&quot;:&quot;12.8&quot;,&quot;iso&quot;:&quot;400&quot;,&quot;shutter_speed&quot;:&quot;0.016666666666667&quot;,&quot;title&quot;:&quot;&quot;}\" data-image-title=\"Selva-Carlos\" data-image-description=\"&lt;p&gt;Carlos Selva, intendente Mercedes&lt;\/p&gt;\n\" data-image-caption=\"&lt;p&gt;Carlos Selva, intendente Mercedes&lt;\/p&gt;\n\" data-large-file=\"https:\/\/www.hoymercedes.com.ar\/principal\/wp-content\/uploads\/2012\/11\/Selva-Carlos1.jpg\" class=\"size-full wp-image-18066\" title=\"Selva-Carlos\" src=\"https:\/\/www.hoymercedes.com.ar\/principal\/wp-content\/uploads\/2012\/11\/Selva-Carlos1.jpg\" alt=\"Carlos Selva, intendente Mercedes\" width=\"618\" height=\"244\" \/><\/a><figcaption id=\"caption-attachment-18066\" class=\"wp-caption-text\">Carlos Selva, intendente Mercedes<\/figcaption><\/figure>\n<p>Carlos Selva se refiri\u00f3 en conferencia de prensa al paro que este martes 20 se vivi\u00f3 en todo el pa\u00eds. Sostuvo que entend\u00eda como justos los reclamos de los trabajadores pues son parte de la columna vertebral del movimiento nacional y popular, que era <em>\u201calgo que l\u00f3gicamente nos incomoda porque se hace un paro a un gobierno que integramos\u201d<\/em>, pero, \u00a0<em>\u201cno se puede negar que hay temas que no se est\u00e1n oyendo.\u201d<\/em><\/p>\n<p>Coment\u00f3 que entiende en el municipio no se llev\u00f3 adelante la medida por una cuesti\u00f3n de representaci\u00f3n sindical, siendo una decisi\u00f3n de los frentes gremiales.<\/p>\n<p>Respecto a la huelga remarc\u00f3 que los trabajadores son parte de un proceso y que cuando no son o\u00eddos deben reclamar y ser comprendidos, que <em>\u201cnosotros somos peronistas y sabemos muy bien lo que significa el movimiento obrero, sus necesidades y reclamos por eso es importante tenerlos en cuenta\u201d<\/em><\/p>\n","protected":false},"excerpt":{"rendered":"<p>Carlos Selva se refiri\u00f3 en conferencia de prensa al paro que este martes 20 se vivi\u00f3 en todo el pa\u00eds. &#8230; <a title=\"Selva entiende el paro es parte de un reclamo justo\" class=\"read-more\" href=\"https:\/\/www.hoymercedes.com.ar\/principal\/2012\/11\/20\/selva-entiende-el-paro-es-parte-de-un-reclamo-justo\/\" aria-label=\"Leer m\u00e1s sobre Selva entiende el paro es parte de un reclamo justo\">Leer m\u00e1s<\/a><\/p>\n","protected":false},"author":1,"featured_media":0,"comment_status":"open","ping_status":"open","sticky":false,"template":"","format":"standard","meta":{"_monsterinsights_skip_tracking":false,"_monsterinsights_sitenote_active":false,"_monsterinsights_sitenote_note":"","_monsterinsights_sitenote_category":0,"jetpack_post_was_ever_published":false,"_jetpack_newsletter_access":"","_jetpack_dont_email_post_to_subs":false,"_jetpack_newsletter_tier_id":0,"_jetpack_memberships_contains_paywalled_content":false,"_jetpack_memberships_contains_paid_content":false,"footnotes":"","jetpack_publicize_message":"","jetpack_publicize_feature_enabled":true,"jetpack_social_post_already_shared":false,"jetpack_social_options":{"image_generator_settings":{"template":"highway","default_image_id":0,"font":"","enabled":false},"version":2},"_wpas_customize_per_network":false},"categories":[5],"tags":[39,18],"class_list":["post-18064","post","type-post","status-publish","format-standard","hentry","category-politica","tag-carlos-selva","tag-selva","generate-columns","tablet-grid-50","mobile-grid-100","grid-parent","grid-50"],"jetpack_publicize_connections":[],"jetpack_featured_media_url":"","wps_subtitle":"","jetpack_sharing_enabled":true,"_links":{"self":[{"href":"https:\/\/www.hoymercedes.com.ar\/principal\/wp-json\/wp\/v2\/posts\/18064","targetHints":{"allow":["GET"]}}],"collection":[{"href":"https:\/\/www.hoymercedes.com.ar\/principal\/wp-json\/wp\/v2\/posts"}],"about":[{"href":"https:\/\/www.hoymercedes.com.ar\/principal\/wp-json\/wp\/v2\/types\/post"}],"author":[{"embeddable":true,"href":"https:\/\/www.hoymercedes.com.ar\/principal\/wp-json\/wp\/v2\/users\/1"}],"replies":[{"embeddable":true,"href":"https:\/\/www.hoymercedes.com.ar\/principal\/wp-json\/wp\/v2\/comments?post=18064"}],"version-history":[{"count":0,"href":"https:\/\/www.hoymercedes.com.ar\/principal\/wp-json\/wp\/v2\/posts\/18064\/revisions"}],"wp:attachment":[{"href":"https:\/\/www.hoymercedes.com.ar\/principal\/wp-json\/wp\/v2\/media?parent=18064"}],"wp:term":[{"taxonomy":"category","embeddable":true,"href":"https:\/\/www.hoymercedes.com.ar\/principal\/wp-json\/wp\/v2\/categories?post=18064"},{"taxonomy":"post_tag","embeddable":true,"href":"https:\/\/www.hoymercedes.com.ar\/principal\/wp-json\/wp\/v2\/tags?post=18064"}],"curies":[{"name":"wp","href":"https:\/\/api.w.org\/{rel}","templated":true}]}}