{"id":180721,"date":"2024-11-26T10:23:56","date_gmt":"2024-11-26T13:23:56","guid":{"rendered":"https:\/\/www.hoymercedes.com.ar\/principal\/?p=180721"},"modified":"2024-11-26T10:23:58","modified_gmt":"2024-11-26T13:23:58","slug":"susana-otermin-presento-su-nuevo-libro","status":"publish","type":"post","link":"https:\/\/www.hoymercedes.com.ar\/principal\/2024\/11\/26\/susana-otermin-presento-su-nuevo-libro\/","title":{"rendered":"Susana Otermin present\u00f3 su nuevo libro"},"content":{"rendered":"\n<p>El pasado lunes 25 de noviembre, la Asociaci\u00f3n M\u00e9dica de Mercedes se llen\u00f3 de vecinos y amantes de la literatura para la presentaci\u00f3n de&nbsp;<strong>\u201cMi Vida, un Arco Iris\u201d<\/strong>, el nuevo libro de Susana Beatriz Otermin. Fue una noche especial, con la sala repleta y un ambiente c\u00e1lido que reflej\u00f3 el cari\u00f1o y la admiraci\u00f3n hacia la autora.<\/p>\n\n\n\n<figure class=\"wp-block-image size-full\"><img loading=\"lazy\" decoding=\"async\" width=\"800\" height=\"534\" data-attachment-id=\"180723\" data-permalink=\"https:\/\/www.hoymercedes.com.ar\/principal\/2024\/11\/26\/susana-otermin-presento-su-nuevo-libro\/attachment\/1000127936\/#main\" data-orig-file=\"https:\/\/www.hoymercedes.com.ar\/principal\/wp-content\/uploads\/2024\/11\/1000127936.jpg\" data-orig-size=\"800,534\" data-comments-opened=\"0\" data-image-meta=\"{&quot;aperture&quot;:&quot;0&quot;,&quot;credit&quot;:&quot;&quot;,&quot;camera&quot;:&quot;&quot;,&quot;caption&quot;:&quot;&quot;,&quot;created_timestamp&quot;:&quot;0&quot;,&quot;copyright&quot;:&quot;&quot;,&quot;focal_length&quot;:&quot;0&quot;,&quot;iso&quot;:&quot;0&quot;,&quot;shutter_speed&quot;:&quot;0&quot;,&quot;title&quot;:&quot;&quot;,&quot;orientation&quot;:&quot;0&quot;}\" data-image-title=\"1000127936\" data-image-description=\"\" data-image-caption=\"\" data-large-file=\"https:\/\/www.hoymercedes.com.ar\/principal\/wp-content\/uploads\/2024\/11\/1000127936.jpg\" src=\"https:\/\/www.hoymercedes.com.ar\/principal\/wp-content\/uploads\/2024\/11\/1000127936.jpg\" alt=\"\" class=\"wp-image-180723\" srcset=\"https:\/\/www.hoymercedes.com.ar\/principal\/wp-content\/uploads\/2024\/11\/1000127936.jpg 800w, https:\/\/www.hoymercedes.com.ar\/principal\/wp-content\/uploads\/2024\/11\/1000127936-630x421.jpg 630w, https:\/\/www.hoymercedes.com.ar\/principal\/wp-content\/uploads\/2024\/11\/1000127936-150x100.jpg 150w\" sizes=\"auto, (max-width: 800px) 100vw, 800px\" \/><\/figure>\n\n\n\n<p>La presentaci\u00f3n estuvo a cargo de la destacada periodista&nbsp;<strong>Susana Spano<\/strong>, quien gui\u00f3 la noche con solvencia. Spano destac\u00f3 la importancia del trabajo de Otermin y su aporte cultural a la comunidad. Adem\u00e1s, acompa\u00f1aron a la autora la profesora&nbsp;<strong>M\u00f3nica Tirone<\/strong>, quien ofreci\u00f3 un an\u00e1lisis de la obra, y la actriz y narradora&nbsp;<strong>Lel\u00e9 Fal<\/strong>, que emocion\u00f3 a todos con la lectura de fragmentos del libro.<\/p>\n\n\n\n<p><strong>Una vida dedicada al arte y la ense\u00f1anza<\/strong><\/p>\n\n\n\n<p>Susana Otermin, nacida en Mercedes, se form\u00f3 como Maestra de M\u00fasica, Profesora para la Ense\u00f1anza Primaria y de Educaci\u00f3n Musical. Dict\u00f3 clases en niveles inicial, primario, secundario y terciario en lugares como Moreno, Buenos Aires y su ciudad natal. Tambi\u00e9n particip\u00f3 en el teatro local y condujo durante varios a\u00f1os el programa infantil&nbsp;<strong>\u201cTiempo para Vos\u201d<\/strong>, transmitido por radios mercedinas.<\/p>\n\n\n\n<p>En 2010, public\u00f3 su primer libro,&nbsp;<strong>\u201cTe Invito a dar una Vuelta\u201d<\/strong>, con cuentos y poes\u00edas para ni\u00f1os, que tuvo una destacada participaci\u00f3n en las Ferias del Libro de Buenos Aires. En su nuevo libro,&nbsp;<strong>\u201cMi Vida, un Arco Iris\u201d<\/strong>, la autora apuesta por la prosa po\u00e9tica para compartir reflexiones, recuerdos y emociones, con un estilo sencillo y cercano.<\/p>\n\n\n\n<p><strong>Una noche llena de emociones<\/strong><\/p>\n\n\n\n<p>La periodista Susana Spano destac\u00f3 la valent\u00eda de Otermin al compartir su vida a trav\u00e9s de la escritura y celebr\u00f3 la autenticidad de su obra. Por su parte, M\u00f3nica Tirone subray\u00f3 c\u00f3mo el libro invita a reflexionar sobre lo cotidiano y a valorar las peque\u00f1as cosas de la vida. Lel\u00e9 Fal, con su inconfundible estilo, conmovi\u00f3 al p\u00fablico mediante la lectura de algunos fragmentos del libro.<\/p>\n\n\n\n<p>Oterm\u00edn, en tanto, cont\u00f3 c\u00f3mo el libro naci\u00f3 de un viejo cuaderno en el que escrib\u00eda para procesar los momentos felices como dif\u00edciles. \u201cEste libro no fue planeado. Escribo porque lo necesito, porque me ayuda a volcar lo que siento. Lo que en principio era solo para m\u00ed, termin\u00f3 convirti\u00e9ndose en algo que quiero compartir\u201d, explic\u00f3 la autora.<\/p>\n\n\n\n<p><strong>Cierre, agradecimientos y obsequios<\/strong><\/p>\n\n\n\n<p>La noche cerr\u00f3 con palabras de agradecimiento de Susana hacia todos los que hicieron posible la presentaci\u00f3n, especialmente a quienes la acompa\u00f1aron en el escenario. Tambi\u00e9n hubo entrega de varios ramos de flores, tanto para la autora como para Lel\u00e9 y M\u00f3nica.<br><\/p>\n","protected":false},"excerpt":{"rendered":"<p>El pasado lunes 25 de noviembre, la Asociaci\u00f3n M\u00e9dica de Mercedes se llen\u00f3 de vecinos y amantes de la literatura &#8230; <a title=\"Susana Otermin present\u00f3 su nuevo libro\" class=\"read-more\" href=\"https:\/\/www.hoymercedes.com.ar\/principal\/2024\/11\/26\/susana-otermin-presento-su-nuevo-libro\/\" aria-label=\"Leer m\u00e1s sobre Susana Otermin present\u00f3 su nuevo libro\">Leer m\u00e1s<\/a><\/p>\n","protected":false},"author":1,"featured_media":180723,"comment_status":"closed","ping_status":"open","sticky":false,"template":"","format":"standard","meta":{"_monsterinsights_skip_tracking":false,"_monsterinsights_sitenote_active":false,"_monsterinsights_sitenote_note":"","_monsterinsights_sitenote_category":0,"jetpack_post_was_ever_published":false,"_jetpack_newsletter_access":"","_jetpack_dont_email_post_to_subs":false,"_jetpack_newsletter_tier_id":0,"_jetpack_memberships_contains_paywalled_content":false,"_jetpack_memberships_contains_paid_content":false,"footnotes":"","jetpack_publicize_message":"","jetpack_publicize_feature_enabled":true,"jetpack_social_post_already_shared":true,"jetpack_social_options":{"image_generator_settings":{"template":"highway","default_image_id":0,"font":"","enabled":false},"version":2},"_wpas_customize_per_network":false},"categories":[104],"tags":[7805],"class_list":["post-180721","post","type-post","status-publish","format-standard","has-post-thumbnail","hentry","category-cultura","tag-cultura","generate-columns","tablet-grid-50","mobile-grid-100","grid-parent","grid-50"],"jetpack_publicize_connections":[],"jetpack_featured_media_url":"https:\/\/www.hoymercedes.com.ar\/principal\/wp-content\/uploads\/2024\/11\/1000127936.jpg","wps_subtitle":"","jetpack_sharing_enabled":true,"_links":{"self":[{"href":"https:\/\/www.hoymercedes.com.ar\/principal\/wp-json\/wp\/v2\/posts\/180721","targetHints":{"allow":["GET"]}}],"collection":[{"href":"https:\/\/www.hoymercedes.com.ar\/principal\/wp-json\/wp\/v2\/posts"}],"about":[{"href":"https:\/\/www.hoymercedes.com.ar\/principal\/wp-json\/wp\/v2\/types\/post"}],"author":[{"embeddable":true,"href":"https:\/\/www.hoymercedes.com.ar\/principal\/wp-json\/wp\/v2\/users\/1"}],"replies":[{"embeddable":true,"href":"https:\/\/www.hoymercedes.com.ar\/principal\/wp-json\/wp\/v2\/comments?post=180721"}],"version-history":[{"count":0,"href":"https:\/\/www.hoymercedes.com.ar\/principal\/wp-json\/wp\/v2\/posts\/180721\/revisions"}],"wp:featuredmedia":[{"embeddable":true,"href":"https:\/\/www.hoymercedes.com.ar\/principal\/wp-json\/wp\/v2\/media\/180723"}],"wp:attachment":[{"href":"https:\/\/www.hoymercedes.com.ar\/principal\/wp-json\/wp\/v2\/media?parent=180721"}],"wp:term":[{"taxonomy":"category","embeddable":true,"href":"https:\/\/www.hoymercedes.com.ar\/principal\/wp-json\/wp\/v2\/categories?post=180721"},{"taxonomy":"post_tag","embeddable":true,"href":"https:\/\/www.hoymercedes.com.ar\/principal\/wp-json\/wp\/v2\/tags?post=180721"}],"curies":[{"name":"wp","href":"https:\/\/api.w.org\/{rel}","templated":true}]}}