{"id":180748,"date":"2024-11-27T00:07:10","date_gmt":"2024-11-27T03:07:10","guid":{"rendered":"https:\/\/www.hoymercedes.com.ar\/principal\/?p=180748"},"modified":"2024-11-28T01:53:01","modified_gmt":"2024-11-28T04:53:01","slug":"nutrida-jornada-en-el-dia-internacional-de-la-eliminacion-de-la-violencia","status":"publish","type":"post","link":"https:\/\/www.hoymercedes.com.ar\/principal\/2024\/11\/27\/nutrida-jornada-en-el-dia-internacional-de-la-eliminacion-de-la-violencia\/","title":{"rendered":"Nutrida jornada en el D\u00eda Internacional de la Eliminaci\u00f3n de la Violencia"},"content":{"rendered":"\n<figure class=\"wp-block-image size-large\"><img loading=\"lazy\" decoding=\"async\" width=\"1024\" height=\"682\" data-attachment-id=\"180749\" data-permalink=\"https:\/\/www.hoymercedes.com.ar\/principal\/2024\/11\/27\/nutrida-jornada-en-el-dia-internacional-de-la-eliminacion-de-la-violencia\/dsc00171-2\/#main\" data-orig-file=\"https:\/\/www.hoymercedes.com.ar\/principal\/wp-content\/uploads\/2024\/11\/DSC00171.jpg\" data-orig-size=\"1319,879\" data-comments-opened=\"0\" data-image-meta=\"{&quot;aperture&quot;:&quot;0&quot;,&quot;credit&quot;:&quot;&quot;,&quot;camera&quot;:&quot;&quot;,&quot;caption&quot;:&quot;&quot;,&quot;created_timestamp&quot;:&quot;0&quot;,&quot;copyright&quot;:&quot;&quot;,&quot;focal_length&quot;:&quot;0&quot;,&quot;iso&quot;:&quot;0&quot;,&quot;shutter_speed&quot;:&quot;0&quot;,&quot;title&quot;:&quot;&quot;,&quot;orientation&quot;:&quot;0&quot;}\" data-image-title=\"DSC00171\" data-image-description=\"\" data-image-caption=\"\" data-large-file=\"https:\/\/www.hoymercedes.com.ar\/principal\/wp-content\/uploads\/2024\/11\/DSC00171-1024x682.jpg\" src=\"https:\/\/www.hoymercedes.com.ar\/principal\/wp-content\/uploads\/2024\/11\/DSC00171-1024x682.jpg\" alt=\"\" class=\"wp-image-180749\" srcset=\"https:\/\/www.hoymercedes.com.ar\/principal\/wp-content\/uploads\/2024\/11\/DSC00171-1024x682.jpg 1024w, https:\/\/www.hoymercedes.com.ar\/principal\/wp-content\/uploads\/2024\/11\/DSC00171-630x420.jpg 630w, https:\/\/www.hoymercedes.com.ar\/principal\/wp-content\/uploads\/2024\/11\/DSC00171-150x100.jpg 150w, https:\/\/www.hoymercedes.com.ar\/principal\/wp-content\/uploads\/2024\/11\/DSC00171-700x465.jpg 700w, https:\/\/www.hoymercedes.com.ar\/principal\/wp-content\/uploads\/2024\/11\/DSC00171.jpg 1319w\" sizes=\"auto, (max-width: 1024px) 100vw, 1024px\" \/><\/figure>\n\n\n\n<p>En el D\u00eda Internacional de la Eliminaci\u00f3n de la Violencia contra las mujeres y personas LGTBI+ mujer la Municipalidad llev\u00f3 adelante una muy asistida jornada de capacitaci\u00f3n en el Museo del Arte. Hubo tres salas repletas de exposiciones y trabajo entre m\u00faltiples instituciones y espacios educativos. M\u00e1s de 130 inscriptos e inscriptas fueron parte de la propuesta. La presentaci\u00f3n estuvo a cargo del intendente Ustarroz y la directora de g\u00e9neros, Guadalupe Gonz\u00e1lez.<\/p>\n\n\n\n<p>\u201cEn el marco del 25 de Noviembre, d\u00eda internacional de la eliminaci\u00f3n de la violencia contra las mujeres y personas LGTBI+, se llev\u00f3 adelante una jornada denominada \u201cViolencias. Voces del territorio\u201d\u201d narr\u00f3 Gonz\u00e1lez y dijo acompa\u00f1ada de la secretaria de gobierno, Clara Zunino y de Desarrollo de la Comunidad, Jorgelina Silva.<\/p>\n\n\n\n<p>\u201cSe cont\u00f3 con la disertaci\u00f3n de m\u00e1s de 22 equipos de trabajo de diferentes instituciones y dispositivos pertenecientes a diversos \u00e1mbitos: dependencia del poder judicial, colegio de magistrados, patronato de liberadas, servicio penitenciario, \u00e1reas de salud, ni\u00f1ez y adolescencia, diversidad, defensor\u00eda del pueblo, salud mental, adultas mayores, ProEBa y la destacada participaci\u00f3n de los y las estudiantes del colegio San Antonio con la presentaci\u00f3n de un trabajo vinculado a la Trata\u201d expres\u00f3.<\/p>\n\n\n\n<figure class=\"wp-block-image size-large\"><img loading=\"lazy\" decoding=\"async\" width=\"1024\" height=\"768\" data-attachment-id=\"180750\" data-permalink=\"https:\/\/www.hoymercedes.com.ar\/principal\/2024\/11\/27\/nutrida-jornada-en-el-dia-internacional-de-la-eliminacion-de-la-violencia\/attachment\/55\/#main\" data-orig-file=\"https:\/\/www.hoymercedes.com.ar\/principal\/wp-content\/uploads\/2024\/11\/55.jpg\" data-orig-size=\"1600,1200\" data-comments-opened=\"0\" data-image-meta=\"{&quot;aperture&quot;:&quot;0&quot;,&quot;credit&quot;:&quot;&quot;,&quot;camera&quot;:&quot;&quot;,&quot;caption&quot;:&quot;&quot;,&quot;created_timestamp&quot;:&quot;0&quot;,&quot;copyright&quot;:&quot;&quot;,&quot;focal_length&quot;:&quot;0&quot;,&quot;iso&quot;:&quot;0&quot;,&quot;shutter_speed&quot;:&quot;0&quot;,&quot;title&quot;:&quot;&quot;,&quot;orientation&quot;:&quot;0&quot;}\" data-image-title=\"55\" data-image-description=\"\" data-image-caption=\"\" data-large-file=\"https:\/\/www.hoymercedes.com.ar\/principal\/wp-content\/uploads\/2024\/11\/55-1024x768.jpg\" src=\"https:\/\/www.hoymercedes.com.ar\/principal\/wp-content\/uploads\/2024\/11\/55-1024x768.jpg\" alt=\"\" class=\"wp-image-180750\" srcset=\"https:\/\/www.hoymercedes.com.ar\/principal\/wp-content\/uploads\/2024\/11\/55-1024x768.jpg 1024w, https:\/\/www.hoymercedes.com.ar\/principal\/wp-content\/uploads\/2024\/11\/55-630x473.jpg 630w, https:\/\/www.hoymercedes.com.ar\/principal\/wp-content\/uploads\/2024\/11\/55-150x113.jpg 150w, https:\/\/www.hoymercedes.com.ar\/principal\/wp-content\/uploads\/2024\/11\/55-1536x1152.jpg 1536w, https:\/\/www.hoymercedes.com.ar\/principal\/wp-content\/uploads\/2024\/11\/55.jpg 1600w\" sizes=\"auto, (max-width: 1024px) 100vw, 1024px\" \/><\/figure>\n\n\n\n<p>El encuentro tuvo como objetivo el intercambio de miradas y el enriquecimiento a partir de la posibilidad de problematizar las pr\u00e1cticas diarias y promover mejores y m\u00e1s eficaces respuestas en el abordaje de las violencias por motivos de g\u00e9neros.<\/p>\n\n\n\n<p>El jefe comunal, Juan Ustarroz, destac\u00f3 la importante presencia y \u201cagradecemos a cada una y cada uno de ustedes, a las instituciones, sin duda esta compromiso colectivo es fundamental para la construcci\u00f3n de una sociedad m\u00e1s comprensiva, m\u00e1s humana, m\u00e1s justa, sin violencias por razones de g\u00e9nero, por ninguna raz\u00f3n\u201d y felicit\u00f3 a \u201clas y los organizadores y especialmente a las juventudes participantes\u201d entre otros conceptos.<\/p>\n","protected":false},"excerpt":{"rendered":"<p>En el D\u00eda Internacional de la Eliminaci\u00f3n de la Violencia contra las mujeres y personas LGTBI+ mujer la Municipalidad llev\u00f3 &#8230; <a title=\"Nutrida jornada en el D\u00eda Internacional de la Eliminaci\u00f3n de la Violencia\" class=\"read-more\" href=\"https:\/\/www.hoymercedes.com.ar\/principal\/2024\/11\/27\/nutrida-jornada-en-el-dia-internacional-de-la-eliminacion-de-la-violencia\/\" aria-label=\"Leer m\u00e1s sobre Nutrida jornada en el D\u00eda Internacional de la Eliminaci\u00f3n de la Violencia\">Leer m\u00e1s<\/a><\/p>\n","protected":false},"author":1,"featured_media":180749,"comment_status":"closed","ping_status":"open","sticky":false,"template":"","format":"standard","meta":{"_monsterinsights_skip_tracking":false,"_monsterinsights_sitenote_active":false,"_monsterinsights_sitenote_note":"","_monsterinsights_sitenote_category":0,"jetpack_post_was_ever_published":false,"_jetpack_newsletter_access":"","_jetpack_dont_email_post_to_subs":false,"_jetpack_newsletter_tier_id":0,"_jetpack_memberships_contains_paywalled_content":false,"_jetpack_memberships_contains_paid_content":false,"footnotes":"","jetpack_publicize_message":"","jetpack_publicize_feature_enabled":true,"jetpack_social_post_already_shared":true,"jetpack_social_options":{"image_generator_settings":{"template":"highway","default_image_id":0,"font":"","enabled":false},"version":2},"_wpas_customize_per_network":false},"categories":[30],"tags":[19985,18280,585,19984],"class_list":["post-180748","post","type-post","status-publish","format-standard","has-post-thumbnail","hentry","category-municipio","tag-dia-internacional-de-la-lucha-contra-la-violencia-2","tag-guadalupe-gonzalez","tag-juan-ustarroz","tag-politicas-de-genero","generate-columns","tablet-grid-50","mobile-grid-100","grid-parent","grid-50"],"jetpack_publicize_connections":[],"jetpack_featured_media_url":"https:\/\/www.hoymercedes.com.ar\/principal\/wp-content\/uploads\/2024\/11\/DSC00171.jpg","wps_subtitle":"Formaci\u00f3n ","jetpack_sharing_enabled":true,"_links":{"self":[{"href":"https:\/\/www.hoymercedes.com.ar\/principal\/wp-json\/wp\/v2\/posts\/180748","targetHints":{"allow":["GET"]}}],"collection":[{"href":"https:\/\/www.hoymercedes.com.ar\/principal\/wp-json\/wp\/v2\/posts"}],"about":[{"href":"https:\/\/www.hoymercedes.com.ar\/principal\/wp-json\/wp\/v2\/types\/post"}],"author":[{"embeddable":true,"href":"https:\/\/www.hoymercedes.com.ar\/principal\/wp-json\/wp\/v2\/users\/1"}],"replies":[{"embeddable":true,"href":"https:\/\/www.hoymercedes.com.ar\/principal\/wp-json\/wp\/v2\/comments?post=180748"}],"version-history":[{"count":0,"href":"https:\/\/www.hoymercedes.com.ar\/principal\/wp-json\/wp\/v2\/posts\/180748\/revisions"}],"wp:featuredmedia":[{"embeddable":true,"href":"https:\/\/www.hoymercedes.com.ar\/principal\/wp-json\/wp\/v2\/media\/180749"}],"wp:attachment":[{"href":"https:\/\/www.hoymercedes.com.ar\/principal\/wp-json\/wp\/v2\/media?parent=180748"}],"wp:term":[{"taxonomy":"category","embeddable":true,"href":"https:\/\/www.hoymercedes.com.ar\/principal\/wp-json\/wp\/v2\/categories?post=180748"},{"taxonomy":"post_tag","embeddable":true,"href":"https:\/\/www.hoymercedes.com.ar\/principal\/wp-json\/wp\/v2\/tags?post=180748"}],"curies":[{"name":"wp","href":"https:\/\/api.w.org\/{rel}","templated":true}]}}