{"id":180803,"date":"2024-11-28T21:56:05","date_gmt":"2024-11-29T00:56:05","guid":{"rendered":"https:\/\/www.hoymercedes.com.ar\/principal\/?p=180803"},"modified":"2024-11-28T21:56:07","modified_gmt":"2024-11-29T00:56:07","slug":"moana-llega-para-sumarse-al-gladiador","status":"publish","type":"post","link":"https:\/\/www.hoymercedes.com.ar\/principal\/2024\/11\/28\/moana-llega-para-sumarse-al-gladiador\/","title":{"rendered":"Moana llega para sumarse al Gladiador"},"content":{"rendered":"\n<p>Desde el viernes 29 de noviembre, al martes 3 de diciembre, el Cine Mercedes contin\u00faa proyectando la segunda parte de Gladiador, y suma un estreno mundial de animaci\u00f3n para toda la familia: Moana. <\/p>\n\n\n<div class=\"wp-block-image\">\n<figure class=\"aligncenter size-full\"><img loading=\"lazy\" decoding=\"async\" width=\"827\" height=\"824\" data-attachment-id=\"180805\" data-permalink=\"https:\/\/www.hoymercedes.com.ar\/principal\/2024\/11\/28\/moana-llega-para-sumarse-al-gladiador\/gacetilla-cine-mercedes-18-4\/#main\" data-orig-file=\"https:\/\/www.hoymercedes.com.ar\/principal\/wp-content\/uploads\/2024\/11\/Gacetilla-Cine-Mercedes-18.png\" data-orig-size=\"827,824\" data-comments-opened=\"0\" data-image-meta=\"{&quot;aperture&quot;:&quot;0&quot;,&quot;credit&quot;:&quot;&quot;,&quot;camera&quot;:&quot;&quot;,&quot;caption&quot;:&quot;&quot;,&quot;created_timestamp&quot;:&quot;0&quot;,&quot;copyright&quot;:&quot;&quot;,&quot;focal_length&quot;:&quot;0&quot;,&quot;iso&quot;:&quot;0&quot;,&quot;shutter_speed&quot;:&quot;0&quot;,&quot;title&quot;:&quot;&quot;,&quot;orientation&quot;:&quot;0&quot;}\" data-image-title=\"Gacetilla Cine Mercedes (18)\" data-image-description=\"\" data-image-caption=\"\" data-large-file=\"https:\/\/www.hoymercedes.com.ar\/principal\/wp-content\/uploads\/2024\/11\/Gacetilla-Cine-Mercedes-18.png\" src=\"https:\/\/www.hoymercedes.com.ar\/principal\/wp-content\/uploads\/2024\/11\/Gacetilla-Cine-Mercedes-18.png\" alt=\"\" class=\"wp-image-180805\" srcset=\"https:\/\/www.hoymercedes.com.ar\/principal\/wp-content\/uploads\/2024\/11\/Gacetilla-Cine-Mercedes-18.png 827w, https:\/\/www.hoymercedes.com.ar\/principal\/wp-content\/uploads\/2024\/11\/Gacetilla-Cine-Mercedes-18-622x620.png 622w, https:\/\/www.hoymercedes.com.ar\/principal\/wp-content\/uploads\/2024\/11\/Gacetilla-Cine-Mercedes-18-150x150.png 150w\" sizes=\"auto, (max-width: 827px) 100vw, 827px\" \/><\/figure>\n<\/div>\n\n\n<p>Sinopsis \u00abMoana 2\u00bb: Moana y Maui se reunen nuevamente en un nuevo y extenso viaje junto a una tripulaci\u00f3n de inusuales marineros. Tras recibir una inesperada llamada de sus ancestros, Moana debe viajar por los lejanos mares de Ocean\u00eda y hacia aguas peligrosas, olvidadas durante mucho tiempo, para vivir una aventura sin precedentes.<\/p>\n\n\n\n<p>Sinopsis \u00abGladiador 2\u00bb: A\u00f1os despu\u00e9s de presenciar la muerte del admirado h\u00e9roe M\u00e1ximo a manos de su t\u00edo, Lucio (Paul Mescal) se ve forzado a entrar en el Coliseo tras ser testigo de la conquista de su hogar por parte de los tir\u00e1nicos emperadores que dirigen Roma con pu\u00f1o de hierro. Con un coraz\u00f3n desbordante de furia y el futuro del imperio en juego, Lucio debe rememorar su pasado en busca de la fuerza y el honor que devuelvan al pueblo la gloria perdida de Roma. (FILMAFFINITY)<br><br><\/p>\n","protected":false},"excerpt":{"rendered":"<p>Desde el viernes 29 de noviembre, al martes 3 de diciembre, el Cine Mercedes contin\u00faa proyectando la segunda parte de &#8230; <a title=\"Moana llega para sumarse al Gladiador\" class=\"read-more\" href=\"https:\/\/www.hoymercedes.com.ar\/principal\/2024\/11\/28\/moana-llega-para-sumarse-al-gladiador\/\" aria-label=\"Leer m\u00e1s sobre Moana llega para sumarse al Gladiador\">Leer m\u00e1s<\/a><\/p>\n","protected":false},"author":1,"featured_media":180804,"comment_status":"closed","ping_status":"open","sticky":false,"template":"","format":"standard","meta":{"_monsterinsights_skip_tracking":false,"_monsterinsights_sitenote_active":false,"_monsterinsights_sitenote_note":"","_monsterinsights_sitenote_category":0,"jetpack_post_was_ever_published":false,"_jetpack_newsletter_access":"","_jetpack_dont_email_post_to_subs":false,"_jetpack_newsletter_tier_id":0,"_jetpack_memberships_contains_paywalled_content":false,"_jetpack_memberships_contains_paid_content":false,"footnotes":"","jetpack_publicize_message":"","jetpack_publicize_feature_enabled":true,"jetpack_social_post_already_shared":true,"jetpack_social_options":{"image_generator_settings":{"template":"highway","default_image_id":0,"font":"","enabled":false},"version":2},"_wpas_customize_per_network":false},"categories":[104],"tags":[7805],"class_list":["post-180803","post","type-post","status-publish","format-standard","has-post-thumbnail","hentry","category-cultura","tag-cultura","generate-columns","tablet-grid-50","mobile-grid-100","grid-parent","grid-50"],"jetpack_publicize_connections":[],"jetpack_featured_media_url":"https:\/\/www.hoymercedes.com.ar\/principal\/wp-content\/uploads\/2024\/11\/moana.jpg","wps_subtitle":"","jetpack_sharing_enabled":true,"_links":{"self":[{"href":"https:\/\/www.hoymercedes.com.ar\/principal\/wp-json\/wp\/v2\/posts\/180803","targetHints":{"allow":["GET"]}}],"collection":[{"href":"https:\/\/www.hoymercedes.com.ar\/principal\/wp-json\/wp\/v2\/posts"}],"about":[{"href":"https:\/\/www.hoymercedes.com.ar\/principal\/wp-json\/wp\/v2\/types\/post"}],"author":[{"embeddable":true,"href":"https:\/\/www.hoymercedes.com.ar\/principal\/wp-json\/wp\/v2\/users\/1"}],"replies":[{"embeddable":true,"href":"https:\/\/www.hoymercedes.com.ar\/principal\/wp-json\/wp\/v2\/comments?post=180803"}],"version-history":[{"count":0,"href":"https:\/\/www.hoymercedes.com.ar\/principal\/wp-json\/wp\/v2\/posts\/180803\/revisions"}],"wp:featuredmedia":[{"embeddable":true,"href":"https:\/\/www.hoymercedes.com.ar\/principal\/wp-json\/wp\/v2\/media\/180804"}],"wp:attachment":[{"href":"https:\/\/www.hoymercedes.com.ar\/principal\/wp-json\/wp\/v2\/media?parent=180803"}],"wp:term":[{"taxonomy":"category","embeddable":true,"href":"https:\/\/www.hoymercedes.com.ar\/principal\/wp-json\/wp\/v2\/categories?post=180803"},{"taxonomy":"post_tag","embeddable":true,"href":"https:\/\/www.hoymercedes.com.ar\/principal\/wp-json\/wp\/v2\/tags?post=180803"}],"curies":[{"name":"wp","href":"https:\/\/api.w.org\/{rel}","templated":true}]}}