{"id":18084,"date":"2012-11-21T15:06:47","date_gmt":"2012-11-21T15:06:47","guid":{"rendered":"http:\/\/www.hoymercedes.com.ar\/principal\/?p=18084"},"modified":"2012-11-21T15:07:14","modified_gmt":"2012-11-21T15:07:14","slug":"se-realizara-taller-sobre-violencia-de-genero-programa-juana-azurduy-en-sociedad-espanola","status":"publish","type":"post","link":"https:\/\/www.hoymercedes.com.ar\/principal\/2012\/11\/21\/se-realizara-taller-sobre-violencia-de-genero-programa-juana-azurduy-en-sociedad-espanola\/","title":{"rendered":"Se realizar\u00e1 taller sobre Violencia de G\u00e9nero \u00abPrograma Juana Azurduy\u00bb en Sociedad Espa\u00f1ola"},"content":{"rendered":"<p style=\"text-align: center;\"><a href=\"https:\/\/www.hoymercedes.com.ar\/principal\/wp-content\/uploads\/2012\/11\/ProgramaJuanaAzurduy.jpg\"><img loading=\"lazy\" decoding=\"async\" data-attachment-id=\"18086\" data-permalink=\"https:\/\/www.hoymercedes.com.ar\/principal\/2012\/11\/21\/se-realizara-taller-sobre-violencia-de-genero-programa-juana-azurduy-en-sociedad-espanola\/programajuanaazurduy\/#main\" data-orig-file=\"https:\/\/www.hoymercedes.com.ar\/principal\/wp-content\/uploads\/2012\/11\/ProgramaJuanaAzurduy.jpg\" data-orig-size=\"449,202\" data-comments-opened=\"1\" data-image-meta=\"{&quot;aperture&quot;:&quot;0&quot;,&quot;credit&quot;:&quot;&quot;,&quot;camera&quot;:&quot;&quot;,&quot;caption&quot;:&quot;&quot;,&quot;created_timestamp&quot;:&quot;0&quot;,&quot;copyright&quot;:&quot;&quot;,&quot;focal_length&quot;:&quot;0&quot;,&quot;iso&quot;:&quot;0&quot;,&quot;shutter_speed&quot;:&quot;0&quot;,&quot;title&quot;:&quot;&quot;}\" data-image-title=\"ProgramaJuanaAzurduy\" data-image-description=\"\" data-image-caption=\"\" data-large-file=\"https:\/\/www.hoymercedes.com.ar\/principal\/wp-content\/uploads\/2012\/11\/ProgramaJuanaAzurduy.jpg\" class=\"aligncenter  wp-image-18086\" title=\"ProgramaJuanaAzurduy\" src=\"https:\/\/www.hoymercedes.com.ar\/principal\/wp-content\/uploads\/2012\/11\/ProgramaJuanaAzurduy.jpg\" alt=\"\" width=\"618\" height=\"250\" \/><\/a><\/p>\n<p>Este jueves se llevar\u00e1 a cabo en nuestra ciudad la postergada por las inundaciones la el Taller sobre \u00abViolencia de g\u00e9nero\u00bb. \u00a0perteneciente al Programa \u00abJuana Azurduy\u00bb\u00a0\u00a0de Fortalecimiento de Derechos y\u00a0participaci\u00f3n\u00a0de la Mujer , de Presidencia de la\u00a0Naci\u00f3n,\u00a0\u00a0en\u00a0conmemoraci\u00f3n\u00a0del D\u00eda Internacional de Lucha para la Eliminaci\u00f3n de la Violencia hac\u00eda la mujer.<\/p>\n<p>Se buscar\u00e1 la concientizaci\u00f3n y la acci\u00f3n en defensa de todas las mujeres.<\/p>\n<p>Se invita a toda la comunidad. El encuentro se realizar\u00e1 a las\u00a018 hs en la Sociedad Espa\u00f1ola (28 e\/15 y 17 ) este jueves 22 de noviembre.<\/p>\n","protected":false},"excerpt":{"rendered":"<p>Este jueves se llevar\u00e1 a cabo en nuestra ciudad la postergada por las inundaciones la el Taller sobre \u00abViolencia de &#8230; <a title=\"Se realizar\u00e1 taller sobre Violencia de G\u00e9nero \u00abPrograma Juana Azurduy\u00bb en Sociedad Espa\u00f1ola\" class=\"read-more\" href=\"https:\/\/www.hoymercedes.com.ar\/principal\/2012\/11\/21\/se-realizara-taller-sobre-violencia-de-genero-programa-juana-azurduy-en-sociedad-espanola\/\" aria-label=\"Leer m\u00e1s sobre Se realizar\u00e1 taller sobre Violencia de G\u00e9nero \u00abPrograma Juana Azurduy\u00bb en Sociedad Espa\u00f1ola\">Leer m\u00e1s<\/a><\/p>\n","protected":false},"author":1,"featured_media":0,"comment_status":"open","ping_status":"open","sticky":false,"template":"","format":"standard","meta":{"_monsterinsights_skip_tracking":false,"_monsterinsights_sitenote_active":false,"_monsterinsights_sitenote_note":"","_monsterinsights_sitenote_category":0,"jetpack_post_was_ever_published":false,"_jetpack_newsletter_access":"","_jetpack_dont_email_post_to_subs":false,"_jetpack_newsletter_tier_id":0,"_jetpack_memberships_contains_paywalled_content":false,"_jetpack_memberships_contains_paid_content":false,"footnotes":"","jetpack_publicize_message":"","jetpack_publicize_feature_enabled":true,"jetpack_social_post_already_shared":false,"jetpack_social_options":{"image_generator_settings":{"template":"highway","default_image_id":0,"font":"","enabled":false},"version":2},"_wpas_customize_per_network":false},"categories":[8],"tags":[3000,3001],"class_list":["post-18084","post","type-post","status-publish","format-standard","hentry","category-sociedad","tag-juana-azurduy","tag-violencia-de-genero-programa-juana-azurduy-en-sociedad-espanola","generate-columns","tablet-grid-50","mobile-grid-100","grid-parent","grid-50"],"jetpack_publicize_connections":[],"jetpack_featured_media_url":"","wps_subtitle":"","jetpack_sharing_enabled":true,"jetpack-related-posts":[{"id":18651,"url":"https:\/\/www.hoymercedes.com.ar\/principal\/2012\/12\/11\/se-realizara-el-segundo-taller-sobre-violencia-de-genero-del-fmpv\/","url_meta":{"origin":18084,"position":0},"title":"Se realizar\u00e1 el segundo Taller sobre Violencia de G\u00e9nero del FMpV","author":"hoymercedes","date":"11 diciembre, 2012","format":false,"excerpt":"\"Todas\", el espacio del Frente Mercedino para la Mujer, invita al Segundo Taller sobre Violencia de G\u00e9nero que se realizar\u00e1 el jueves 13 de diciembre, a las 17.30, en el\u00a0sal\u00f3n\u00a0de AJB (Calle 22 entre 31 y 33.). El taller, perteneciente al Programa Juana Azurduy, de fortalecimiento de derechos y participaci\u00f3n\u2026","rel":"","context":"En \u00abSociedad\u00bb","block_context":{"text":"Sociedad","link":"https:\/\/www.hoymercedes.com.ar\/principal\/category\/sociedad\/"},"img":{"alt_text":"","src":"https:\/\/i0.wp.com\/www.hoymercedes.com.ar\/principal\/wp-content\/uploads\/2012\/12\/ProgramaJuanaAzurduy.jpg?resize=350%2C200","width":350,"height":200,"srcset":"https:\/\/i0.wp.com\/www.hoymercedes.com.ar\/principal\/wp-content\/uploads\/2012\/12\/ProgramaJuanaAzurduy.jpg?resize=350%2C200 1x, https:\/\/i0.wp.com\/www.hoymercedes.com.ar\/principal\/wp-content\/uploads\/2012\/12\/ProgramaJuanaAzurduy.jpg?resize=525%2C300 1.5x"},"classes":[]},{"id":17280,"url":"https:\/\/www.hoymercedes.com.ar\/principal\/2012\/10\/26\/se-realizara-taller-sobre-violencia-de-genero\/","url_meta":{"origin":18084,"position":1},"title":"Se realizar\u00e1 taller sobre \u00abViolencia de g\u00e9nero\u00bb","author":"hoymercedes","date":"26 octubre, 2012","format":false,"excerpt":"Se llevar\u00e1 a cabo en nuestra ciudad un taller orientado a lo que denominamos: \"violencia de g\u00e9nero\" en torno a la violencia sobre las mujeres especialmente. Desde el espacio femenino del Frente Mercedinos para la Victoria informan sobre el hecho a partir de las siguientes palabras: TODAS, espacio de la\u2026","rel":"","context":"En \u00abPol\u00edtica\u00bb","block_context":{"text":"Pol\u00edtica","link":"https:\/\/www.hoymercedes.com.ar\/principal\/category\/politica\/"},"img":{"alt_text":"","src":"https:\/\/i0.wp.com\/www.hoymercedes.com.ar\/principal\/wp-content\/uploads\/2012\/10\/TallerdeGenero-JuanaAzurduy.jpg?resize=350%2C200","width":350,"height":200,"srcset":"https:\/\/i0.wp.com\/www.hoymercedes.com.ar\/principal\/wp-content\/uploads\/2012\/10\/TallerdeGenero-JuanaAzurduy.jpg?resize=350%2C200 1x, https:\/\/i0.wp.com\/www.hoymercedes.com.ar\/principal\/wp-content\/uploads\/2012\/10\/TallerdeGenero-JuanaAzurduy.jpg?resize=525%2C300 1.5x"},"classes":[]},{"id":69970,"url":"https:\/\/www.hoymercedes.com.ar\/principal\/2017\/11\/22\/musica-en-vivo-expo-relatos-y-actividades-por-el-dia-contra-la-violencia-hacia-la-mujer\/","url_meta":{"origin":18084,"position":2},"title":"M\u00fasica en vivo, expo, relatos y actividades por el D\u00eda contra la violencia hacia la mujer","author":"hoymercedes","date":"22 noviembre, 2017","format":false,"excerpt":"El pr\u00f3ximo 25 de noviembre se invita a todos los vecinos a ser parte de una importante actividad para continuar educ\u00e1ndonos, tomando consciencia e inform\u00e1ndonos en torno a uno de los temas m\u00e1s preocupante de la actualidad que es la \u201cviolencia machista\u201d especialmente hacia la mujer. Ser\u00e1 en el Complejo\u2026","rel":"","context":"En \u00abMunicipio\u00bb","block_context":{"text":"Municipio","link":"https:\/\/www.hoymercedes.com.ar\/principal\/category\/municipio\/"},"img":{"alt_text":"","src":"https:\/\/i0.wp.com\/www.hoymercedes.com.ar\/principal\/wp-content\/uploads\/2017\/11\/Jornada-Noviolencia.jpeg?resize=350%2C200&ssl=1","width":350,"height":200,"srcset":"https:\/\/i0.wp.com\/www.hoymercedes.com.ar\/principal\/wp-content\/uploads\/2017\/11\/Jornada-Noviolencia.jpeg?resize=350%2C200&ssl=1 1x, https:\/\/i0.wp.com\/www.hoymercedes.com.ar\/principal\/wp-content\/uploads\/2017\/11\/Jornada-Noviolencia.jpeg?resize=525%2C300&ssl=1 1.5x, https:\/\/i0.wp.com\/www.hoymercedes.com.ar\/principal\/wp-content\/uploads\/2017\/11\/Jornada-Noviolencia.jpeg?resize=700%2C400&ssl=1 2x"},"classes":[]},{"id":17467,"url":"https:\/\/www.hoymercedes.com.ar\/principal\/2012\/11\/01\/fmpv-suspende-taller-sobre-violencia-abocado-a-tareas-solidarias\/","url_meta":{"origin":18084,"position":3},"title":"FMpV suspende Taller sobre violencia abocado a tareas solidarias","author":"hoymercedes","date":"1 noviembre, 2012","format":false,"excerpt":"Este 1 de noviembre se iba a realizar un Taller sobre violencia de g\u00e9nero organizado por el Frente Mercedino para la Victoria enmarcado en el programa Juana Azurduy, pero, fue suspendido porque los integrantes del Frente se encuentran abocados a la realizaci\u00f3n de tareas solidarias en relaci\u00f3n a la grave\u2026","rel":"","context":"En \u00abSociedad\u00bb","block_context":{"text":"Sociedad","link":"https:\/\/www.hoymercedes.com.ar\/principal\/category\/sociedad\/"},"img":{"alt_text":"","src":"https:\/\/i0.wp.com\/www.hoymercedes.com.ar\/principal\/wp-content\/uploads\/2012\/11\/Taller-JuanaAzurduy.jpg?resize=350%2C200","width":350,"height":200,"srcset":"https:\/\/i0.wp.com\/www.hoymercedes.com.ar\/principal\/wp-content\/uploads\/2012\/11\/Taller-JuanaAzurduy.jpg?resize=350%2C200 1x, https:\/\/i0.wp.com\/www.hoymercedes.com.ar\/principal\/wp-content\/uploads\/2012\/11\/Taller-JuanaAzurduy.jpg?resize=525%2C300 1.5x"},"classes":[]},{"id":70048,"url":"https:\/\/www.hoymercedes.com.ar\/principal\/2017\/11\/24\/jornada-informativa-contra-denigracion-y-difusion-de-imagenes-sexuales\/","url_meta":{"origin":18084,"position":4},"title":"Jornada informativa contra denigraci\u00f3n y difusi\u00f3n de im\u00e1genes sexuales","author":"hoymercedes","date":"24 noviembre, 2017","format":false,"excerpt":"En el marco de la conmemoraci\u00f3n del \u201cD\u00eda contra la Violencia de G\u00e9nero\u201d, y a trav\u00e9s de la Secretar\u00eda de Gobierno y la Coordinaci\u00f3n de Derechos Humanos, se difundi\u00f3 y entreg\u00f3 informaci\u00f3n que intenta concientizar sobre un problema que viene creciendo, como es, la denigraci\u00f3n y chantaje por la difusi\u00f3n\u2026","rel":"","context":"En \u00abSociedad\u00bb","block_context":{"text":"Sociedad","link":"https:\/\/www.hoymercedes.com.ar\/principal\/category\/sociedad\/"},"img":{"alt_text":"","src":"https:\/\/i0.wp.com\/www.hoymercedes.com.ar\/principal\/wp-content\/uploads\/2017\/11\/ddhjh.jpg?resize=350%2C200&ssl=1","width":350,"height":200,"srcset":"https:\/\/i0.wp.com\/www.hoymercedes.com.ar\/principal\/wp-content\/uploads\/2017\/11\/ddhjh.jpg?resize=350%2C200&ssl=1 1x, https:\/\/i0.wp.com\/www.hoymercedes.com.ar\/principal\/wp-content\/uploads\/2017\/11\/ddhjh.jpg?resize=525%2C300&ssl=1 1.5x, https:\/\/i0.wp.com\/www.hoymercedes.com.ar\/principal\/wp-content\/uploads\/2017\/11\/ddhjh.jpg?resize=700%2C400&ssl=1 2x"},"classes":[]},{"id":57477,"url":"https:\/\/www.hoymercedes.com.ar\/principal\/2016\/11\/26\/inauguraron-centro-de-dia-y-casa-de-la-mujer-juana-azurduy\/","url_meta":{"origin":18084,"position":5},"title":"Inauguraron Centro de D\u00eda y Casa de la Mujer \u201cJuana Azurduy\u201d","author":"hoymercedes","date":"26 noviembre, 2016","format":false,"excerpt":"Los espacios que dependen de las Secretar\u00edas de Control Urbano y Desarrollo Social y de la Coordinaci\u00f3n de DDHH, permitir\u00e1 contener y atender de manera integral a las mujeres v\u00edctimas de violencia de g\u00e9nero. Hace cuatro a\u00f1os y medio, un colectivo creado tras el asesinato de una joven mercedina en\u2026","rel":"","context":"En \u00abMunicipio\u00bb","block_context":{"text":"Municipio","link":"https:\/\/www.hoymercedes.com.ar\/principal\/category\/municipio\/"},"img":{"alt_text":"","src":"https:\/\/i0.wp.com\/www.hoymercedes.com.ar\/principal\/wp-content\/uploads\/2016\/11\/26-Centro-dia-6.jpg?resize=350%2C200&ssl=1","width":350,"height":200,"srcset":"https:\/\/i0.wp.com\/www.hoymercedes.com.ar\/principal\/wp-content\/uploads\/2016\/11\/26-Centro-dia-6.jpg?resize=350%2C200&ssl=1 1x, https:\/\/i0.wp.com\/www.hoymercedes.com.ar\/principal\/wp-content\/uploads\/2016\/11\/26-Centro-dia-6.jpg?resize=525%2C300&ssl=1 1.5x"},"classes":[]}],"_links":{"self":[{"href":"https:\/\/www.hoymercedes.com.ar\/principal\/wp-json\/wp\/v2\/posts\/18084","targetHints":{"allow":["GET"]}}],"collection":[{"href":"https:\/\/www.hoymercedes.com.ar\/principal\/wp-json\/wp\/v2\/posts"}],"about":[{"href":"https:\/\/www.hoymercedes.com.ar\/principal\/wp-json\/wp\/v2\/types\/post"}],"author":[{"embeddable":true,"href":"https:\/\/www.hoymercedes.com.ar\/principal\/wp-json\/wp\/v2\/users\/1"}],"replies":[{"embeddable":true,"href":"https:\/\/www.hoymercedes.com.ar\/principal\/wp-json\/wp\/v2\/comments?post=18084"}],"version-history":[{"count":0,"href":"https:\/\/www.hoymercedes.com.ar\/principal\/wp-json\/wp\/v2\/posts\/18084\/revisions"}],"wp:attachment":[{"href":"https:\/\/www.hoymercedes.com.ar\/principal\/wp-json\/wp\/v2\/media?parent=18084"}],"wp:term":[{"taxonomy":"category","embeddable":true,"href":"https:\/\/www.hoymercedes.com.ar\/principal\/wp-json\/wp\/v2\/categories?post=18084"},{"taxonomy":"post_tag","embeddable":true,"href":"https:\/\/www.hoymercedes.com.ar\/principal\/wp-json\/wp\/v2\/tags?post=18084"}],"curies":[{"name":"wp","href":"https:\/\/api.w.org\/{rel}","templated":true}]}}