{"id":180849,"date":"2024-11-30T15:16:48","date_gmt":"2024-11-30T18:16:48","guid":{"rendered":"https:\/\/www.hoymercedes.com.ar\/principal\/?p=180849"},"modified":"2024-11-30T18:23:10","modified_gmt":"2024-11-30T21:23:10","slug":"con-expos-y-degustaciones-inicio-el-encuentro-de-queseros-artesanales","status":"publish","type":"post","link":"https:\/\/www.hoymercedes.com.ar\/principal\/2024\/11\/30\/con-expos-y-degustaciones-inicio-el-encuentro-de-queseros-artesanales\/","title":{"rendered":"Con expos y degustaciones inici\u00f3 el encuentro de queseros artesanales"},"content":{"rendered":"\n<figure class=\"wp-block-image size-large\"><img loading=\"lazy\" decoding=\"async\" width=\"1024\" height=\"682\" data-attachment-id=\"180850\" data-permalink=\"https:\/\/www.hoymercedes.com.ar\/principal\/2024\/11\/30\/con-expos-y-degustaciones-inicio-el-encuentro-de-queseros-artesanales\/dsc02583\/#main\" data-orig-file=\"https:\/\/www.hoymercedes.com.ar\/principal\/wp-content\/uploads\/2024\/11\/DSC02583.jpg\" data-orig-size=\"1319,879\" data-comments-opened=\"0\" data-image-meta=\"{&quot;aperture&quot;:&quot;0&quot;,&quot;credit&quot;:&quot;&quot;,&quot;camera&quot;:&quot;&quot;,&quot;caption&quot;:&quot;&quot;,&quot;created_timestamp&quot;:&quot;0&quot;,&quot;copyright&quot;:&quot;&quot;,&quot;focal_length&quot;:&quot;0&quot;,&quot;iso&quot;:&quot;0&quot;,&quot;shutter_speed&quot;:&quot;0&quot;,&quot;title&quot;:&quot;&quot;,&quot;orientation&quot;:&quot;0&quot;}\" data-image-title=\"Con expos y degustaciones inici\u00f3 el encuentro de queseros artesanales\" data-image-description=\"&lt;p&gt;Con expos y degustaciones inici\u00f3 el encuentro de queseros artesanales&lt;\/p&gt;\n\" data-image-caption=\"&lt;p&gt;Con expos y degustaciones inici\u00f3 el encuentro de queseros artesanales&lt;\/p&gt;\n\" data-large-file=\"https:\/\/www.hoymercedes.com.ar\/principal\/wp-content\/uploads\/2024\/11\/DSC02583-1024x682.jpg\" src=\"https:\/\/www.hoymercedes.com.ar\/principal\/wp-content\/uploads\/2024\/11\/DSC02583-1024x682.jpg\" alt=\"\" class=\"wp-image-180850\" srcset=\"https:\/\/www.hoymercedes.com.ar\/principal\/wp-content\/uploads\/2024\/11\/DSC02583-1024x682.jpg 1024w, https:\/\/www.hoymercedes.com.ar\/principal\/wp-content\/uploads\/2024\/11\/DSC02583-630x420.jpg 630w, https:\/\/www.hoymercedes.com.ar\/principal\/wp-content\/uploads\/2024\/11\/DSC02583-150x100.jpg 150w, https:\/\/www.hoymercedes.com.ar\/principal\/wp-content\/uploads\/2024\/11\/DSC02583-700x465.jpg 700w, https:\/\/www.hoymercedes.com.ar\/principal\/wp-content\/uploads\/2024\/11\/DSC02583.jpg 1319w\" sizes=\"auto, (max-width: 1024px) 100vw, 1024px\" \/><\/figure>\n\n\n\n<p>El <strong>\u201cEncuentro de Queseros Artesanales\u201d<\/strong> arranc\u00f3 este viernes en La Trocha. Fue con una charla y degustaci\u00f3n. El s\u00e1bado ya contar\u00e1 con una grilla pensada para todo el p\u00fablico, con ventas, m\u00fasica y capacitaciones. Es el La Trocha con acceso libre y gratuito.<\/p>\n\n\n\n<p>La <strong>Dra. Clara Zunino<\/strong>, secretaria de gobern\u00f3, les dio las \u201cbienvenidas y bienvenidos a nuestra ciudad\u201d y dijo \u201ces muy importante este encuentro, que se realice en Mercedes, reuniendo a las y los productores y generando esta posibilidad de encuentro, trabajo y aprendizaje\u201d coment\u00f3 entre otros conceptos.<\/p>\n\n\n\n<figure class=\"wp-block-image size-large\"><img loading=\"lazy\" decoding=\"async\" width=\"1024\" height=\"682\" data-attachment-id=\"180851\" data-permalink=\"https:\/\/www.hoymercedes.com.ar\/principal\/2024\/11\/30\/con-expos-y-degustaciones-inicio-el-encuentro-de-queseros-artesanales\/dsc02535\/#main\" data-orig-file=\"https:\/\/www.hoymercedes.com.ar\/principal\/wp-content\/uploads\/2024\/11\/DSC02535.jpg\" data-orig-size=\"1319,879\" data-comments-opened=\"0\" data-image-meta=\"{&quot;aperture&quot;:&quot;0&quot;,&quot;credit&quot;:&quot;&quot;,&quot;camera&quot;:&quot;&quot;,&quot;caption&quot;:&quot;&quot;,&quot;created_timestamp&quot;:&quot;0&quot;,&quot;copyright&quot;:&quot;&quot;,&quot;focal_length&quot;:&quot;0&quot;,&quot;iso&quot;:&quot;0&quot;,&quot;shutter_speed&quot;:&quot;0&quot;,&quot;title&quot;:&quot;&quot;,&quot;orientation&quot;:&quot;0&quot;}\" data-image-title=\"Con expos y degustaciones inici\u00f3 el encuentro de queseros artesanales\" data-image-description=\"&lt;p&gt;Con expos y degustaciones inici\u00f3 el encuentro de queseros artesanales&lt;\/p&gt;\n\" data-image-caption=\"&lt;p&gt;Con expos y degustaciones inici\u00f3 el encuentro de queseros artesanales&lt;\/p&gt;\n\" data-large-file=\"https:\/\/www.hoymercedes.com.ar\/principal\/wp-content\/uploads\/2024\/11\/DSC02535-1024x682.jpg\" src=\"https:\/\/www.hoymercedes.com.ar\/principal\/wp-content\/uploads\/2024\/11\/DSC02535-1024x682.jpg\" alt=\"\" class=\"wp-image-180851\" srcset=\"https:\/\/www.hoymercedes.com.ar\/principal\/wp-content\/uploads\/2024\/11\/DSC02535-1024x682.jpg 1024w, https:\/\/www.hoymercedes.com.ar\/principal\/wp-content\/uploads\/2024\/11\/DSC02535-630x420.jpg 630w, https:\/\/www.hoymercedes.com.ar\/principal\/wp-content\/uploads\/2024\/11\/DSC02535-150x100.jpg 150w, https:\/\/www.hoymercedes.com.ar\/principal\/wp-content\/uploads\/2024\/11\/DSC02535-700x465.jpg 700w, https:\/\/www.hoymercedes.com.ar\/principal\/wp-content\/uploads\/2024\/11\/DSC02535.jpg 1319w\" sizes=\"auto, (max-width: 1024px) 100vw, 1024px\" \/><\/figure>\n\n\n\n<p>Por su parte <strong>Mariana San Mart\u00edn<\/strong>, presidenta del Concejo Deliberante, entreg\u00f3 un reconocimiento a las y los integrantes de la ruta agroecol\u00f3gica y dijo que es en el marco de \u201cuna ordenanza que es ejemplo en la ciudad, que muy pocos municipios tienen, que potencia el trabajo colectivo y que cuenta con presupuesto para su desarrollo\u201d narr\u00f3 y felicit\u00f3 a sus integrantes.<\/p>\n\n\n\n<p><strong>Femando Calvo<\/strong>, de la queser\u00eda <strong>Champs \u00c9lys\u00e9es<\/strong>, expres\u00f3 agradecimiento \u201ca cada quesero presente\u201d y \u201cquiero agradecer al municipio, que tambi\u00e9n puso todo lo necesario para que esto sea posible hoy y ma\u00f1ana\u201d para remarcar que \u201ces una oportunidad para nosotros de dar a conocer lo que hacemos con tanto esmero al p\u00fablico\u201d<\/p>\n\n\n\n<p><strong>Leonardo Fagundez<\/strong>, productor de quesos local, dijo \u201cmuchas gracias a todos, principalmente a los productores que vienen del resto de Latinoam\u00e9rica\u201d&nbsp; y \u201cm\u00e1s all\u00e1 del agradecimiento, contarles que para nosotros, como productores, es un desaf\u00edo important\u00edsimo en visualizar esta producci\u00f3n que, hasta esta ocasi\u00f3n, estaba muy escondida ac\u00e1 en el Partido Mercedes\u201d<\/p>\n\n\n\n<figure class=\"wp-block-image size-large\"><img loading=\"lazy\" decoding=\"async\" width=\"1024\" height=\"682\" data-attachment-id=\"180852\" data-permalink=\"https:\/\/www.hoymercedes.com.ar\/principal\/2024\/11\/30\/con-expos-y-degustaciones-inicio-el-encuentro-de-queseros-artesanales\/dsc02487\/#main\" data-orig-file=\"https:\/\/www.hoymercedes.com.ar\/principal\/wp-content\/uploads\/2024\/11\/DSC02487.jpg\" data-orig-size=\"1319,879\" data-comments-opened=\"0\" data-image-meta=\"{&quot;aperture&quot;:&quot;0&quot;,&quot;credit&quot;:&quot;&quot;,&quot;camera&quot;:&quot;&quot;,&quot;caption&quot;:&quot;&quot;,&quot;created_timestamp&quot;:&quot;0&quot;,&quot;copyright&quot;:&quot;&quot;,&quot;focal_length&quot;:&quot;0&quot;,&quot;iso&quot;:&quot;0&quot;,&quot;shutter_speed&quot;:&quot;0&quot;,&quot;title&quot;:&quot;&quot;,&quot;orientation&quot;:&quot;0&quot;}\" data-image-title=\"Con expos y degustaciones inici\u00f3 el encuentro de queseros artesanales\" data-image-description=\"&lt;p&gt;Con expos y degustaciones inici\u00f3 el encuentro de queseros artesanales&lt;\/p&gt;\n\" data-image-caption=\"&lt;p&gt;Con expos y degustaciones inici\u00f3 el encuentro de queseros artesanales&lt;\/p&gt;\n\" data-large-file=\"https:\/\/www.hoymercedes.com.ar\/principal\/wp-content\/uploads\/2024\/11\/DSC02487-1024x682.jpg\" src=\"https:\/\/www.hoymercedes.com.ar\/principal\/wp-content\/uploads\/2024\/11\/DSC02487-1024x682.jpg\" alt=\"\" class=\"wp-image-180852\" srcset=\"https:\/\/www.hoymercedes.com.ar\/principal\/wp-content\/uploads\/2024\/11\/DSC02487-1024x682.jpg 1024w, https:\/\/www.hoymercedes.com.ar\/principal\/wp-content\/uploads\/2024\/11\/DSC02487-630x420.jpg 630w, https:\/\/www.hoymercedes.com.ar\/principal\/wp-content\/uploads\/2024\/11\/DSC02487-150x100.jpg 150w, https:\/\/www.hoymercedes.com.ar\/principal\/wp-content\/uploads\/2024\/11\/DSC02487-700x465.jpg 700w, https:\/\/www.hoymercedes.com.ar\/principal\/wp-content\/uploads\/2024\/11\/DSC02487.jpg 1319w\" sizes=\"auto, (max-width: 1024px) 100vw, 1024px\" \/><\/figure>\n\n\n\n<p>Destacaron que nuestra ciudad tiene un fluido accionar en pos del encuentro, el turismo y el apoyo a la producci\u00f3n. Hay representantes de varios pa\u00edses, como Colombia, M\u00e9xico, Uruguay, Brasil, de distintas provincias y una enorme y sabrosa variedad de quesos.<\/p>\n\n\n\n<p>Este s\u00e1bado desde las 17.30hs se invita al p\u00fablico a participar de la actividad.<\/p>\n","protected":false},"excerpt":{"rendered":"<p>El \u201cEncuentro de Queseros Artesanales\u201d arranc\u00f3 este viernes en La Trocha. Fue con una charla y degustaci\u00f3n. El s\u00e1bado ya &#8230; <a title=\"Con expos y degustaciones inici\u00f3 el encuentro de queseros artesanales\" class=\"read-more\" href=\"https:\/\/www.hoymercedes.com.ar\/principal\/2024\/11\/30\/con-expos-y-degustaciones-inicio-el-encuentro-de-queseros-artesanales\/\" aria-label=\"Leer m\u00e1s sobre Con expos y degustaciones inici\u00f3 el encuentro de queseros artesanales\">Leer m\u00e1s<\/a><\/p>\n","protected":false},"author":1,"featured_media":180852,"comment_status":"closed","ping_status":"open","sticky":false,"template":"","format":"standard","meta":{"_monsterinsights_skip_tracking":false,"_monsterinsights_sitenote_active":false,"_monsterinsights_sitenote_note":"","_monsterinsights_sitenote_category":0,"jetpack_post_was_ever_published":false,"_jetpack_newsletter_access":"","_jetpack_dont_email_post_to_subs":false,"_jetpack_newsletter_tier_id":0,"_jetpack_memberships_contains_paywalled_content":false,"_jetpack_memberships_contains_paid_content":false,"footnotes":"","jetpack_publicize_message":"","jetpack_publicize_feature_enabled":true,"jetpack_social_post_already_shared":true,"jetpack_social_options":{"image_generator_settings":{"template":"highway","default_image_id":0,"font":"","enabled":false},"version":2},"_wpas_customize_per_network":false},"categories":[5608],"tags":[19997,19996,209],"class_list":["post-180849","post","type-post","status-publish","format-standard","has-post-thumbnail","hentry","category-sin-categoria","tag-encuentro-queseros-mercedes","tag-fiesta-de-queseros","tag-turismo-mercedes","generate-columns","tablet-grid-50","mobile-grid-100","grid-parent","grid-50"],"jetpack_publicize_connections":[],"jetpack_featured_media_url":"https:\/\/www.hoymercedes.com.ar\/principal\/wp-content\/uploads\/2024\/11\/DSC02487.jpg","wps_subtitle":"Fiestas populares","jetpack_sharing_enabled":true,"_links":{"self":[{"href":"https:\/\/www.hoymercedes.com.ar\/principal\/wp-json\/wp\/v2\/posts\/180849","targetHints":{"allow":["GET"]}}],"collection":[{"href":"https:\/\/www.hoymercedes.com.ar\/principal\/wp-json\/wp\/v2\/posts"}],"about":[{"href":"https:\/\/www.hoymercedes.com.ar\/principal\/wp-json\/wp\/v2\/types\/post"}],"author":[{"embeddable":true,"href":"https:\/\/www.hoymercedes.com.ar\/principal\/wp-json\/wp\/v2\/users\/1"}],"replies":[{"embeddable":true,"href":"https:\/\/www.hoymercedes.com.ar\/principal\/wp-json\/wp\/v2\/comments?post=180849"}],"version-history":[{"count":0,"href":"https:\/\/www.hoymercedes.com.ar\/principal\/wp-json\/wp\/v2\/posts\/180849\/revisions"}],"wp:featuredmedia":[{"embeddable":true,"href":"https:\/\/www.hoymercedes.com.ar\/principal\/wp-json\/wp\/v2\/media\/180852"}],"wp:attachment":[{"href":"https:\/\/www.hoymercedes.com.ar\/principal\/wp-json\/wp\/v2\/media?parent=180849"}],"wp:term":[{"taxonomy":"category","embeddable":true,"href":"https:\/\/www.hoymercedes.com.ar\/principal\/wp-json\/wp\/v2\/categories?post=180849"},{"taxonomy":"post_tag","embeddable":true,"href":"https:\/\/www.hoymercedes.com.ar\/principal\/wp-json\/wp\/v2\/tags?post=180849"}],"curies":[{"name":"wp","href":"https:\/\/api.w.org\/{rel}","templated":true}]}}